{"id":79346,"date":"2018-12-20T02:40:22","date_gmt":"2018-12-20T00:40:22","guid":{"rendered":"http:\/\/www.tucomarca.com\/wordpress\/segunda\/?p=79346"},"modified":"2018-12-20T02:40:22","modified_gmt":"2018-12-20T00:40:22","slug":"la-diputacio-crea-una-aplicacio-de-mobil-per-a-millorar-la-seguretat-i-conservacio-de-les-seues-carreteres","status":"publish","type":"post","link":"https:\/\/www.tucomarca.com\/wordpress\/segunda\/ca\/la-diputacio-crea-una-aplicacio-de-mobil-per-a-millorar-la-seguretat-i-conservacio-de-les-seues-carreteres\/","title":{"rendered":"La Diputaci\u00f3 crea una aplicaci\u00f3 de m\u00f2bil per a millorar la seguretat i conservaci\u00f3 de les seues carreteres"},"content":{"rendered":"<figure id=\"attachment_79341\" aria-describedby=\"caption-attachment-79341\" style=\"width: 390px\" class=\"wp-caption alignleft\"><img loading=\"lazy\" decoding=\"async\" class=\" wp-image-79341\" src=\"http:\/\/www.tucomarca.com\/wordpress\/segunda\/wp-content\/uploads\/2018\/12\/2.jpg\" alt=\"La APP puede descargarse de forma gratuita desde los sistemas operativos de IOS y Android.\" width=\"390\" height=\"260\" srcset=\"https:\/\/www.tucomarca.com\/wordpress\/segunda\/wp-content\/uploads\/2018\/12\/2.jpg 3184w, https:\/\/www.tucomarca.com\/wordpress\/segunda\/wp-content\/uploads\/2018\/12\/2-300x200.jpg 300w, https:\/\/www.tucomarca.com\/wordpress\/segunda\/wp-content\/uploads\/2018\/12\/2-768x511.jpg 768w, https:\/\/www.tucomarca.com\/wordpress\/segunda\/wp-content\/uploads\/2018\/12\/2-1024x682.jpg 1024w\" sizes=\"auto, (max-width: 390px) 100vw, 390px\" \/><figcaption id=\"caption-attachment-79341\" class=\"wp-caption-text\">L&#8217;APP pot descarregar-se de forma gratu\u00efta des dels sistemes operatius d&#8217;IOS i Android.<\/figcaption><\/figure>\n<p><b>L&#8217;APP \u2018Carreteres i Infraestructures\u2019 informa de manera immediata sobre l&#8217;estat de les vies i permet a la ciutadania comunicar qualsevol incid\u00e8ncia que puga trobar-se en els 1.800 km de la xarxa provincial<\/b><\/p>\n<p>La Diputaci\u00f3 de Val\u00e8ncia ha posat en marxa una aplicaci\u00f3 de m\u00f2bil per a millorar la gesti\u00f3 i conservaci\u00f3 de les carreteres d&#8217;una xarxa provincial amb 1.800 quil\u00f2metres. Amb el nom de \u2018Carreteres i Infraestructures\u2019, aquesta nova tecnologia informa de manera immediata sobre l&#8217;estat de les vies i permet a la ciutadania comunicar qualsevol incid\u00e8ncia que puga trobar-se en les cal\u00e7ades.<span class=\"Apple-converted-space\">\u00a0<\/span><\/p>\n<p>L&#8217;objectiu de l&#8217;APP, que pot descarregar-se de forma gratu\u00efta des dels sistemes operatius d\u2019IOS i Android, \u00e9s refor\u00e7ar la seguretat en la xarxa provincial de vies de la Diputaci\u00f3. \u201cAquesta aplicaci\u00f3 permet la col\u00b7laboraci\u00f3 i participaci\u00f3 dels ciutadans i ciutadanes, al mateix temps que nosaltres tamb\u00e9 els donem informaci\u00f3 sobre l&#8217;estat de les nostres carreteres\u201d, explica el diputat responsable de l&#8217;\u00e0rea, Pablo Segu\u00ed.<\/p>\n<p>Una altra de les potencialitats d&#8217;aquesta nova tecnologia, desenvolupada des del Servei de Conservaci\u00f3 i Explotaci\u00f3 de la Diputaci\u00f3, \u00e9s la de millorar la comunicaci\u00f3 entre administraci\u00f3 i ciutadania, a fi d&#8217;aconseguir entre tots unes carreteres m\u00e9s segures.<span class=\"Apple-converted-space\">\u00a0 <\/span>D&#8217;aquesta forma, tota persona pot informar de manera immediata i c\u00f2moda a l&#8217;\u00e0rea de Carreteres de la Diputaci\u00f3 de qualsevol emerg\u00e8ncia o incid\u00e8ncia com a accidents, desperfectes en la carretera o problemes en la circulaci\u00f3.<span class=\"Apple-converted-space\">\u00a0<\/span><\/p>\n<p><img loading=\"lazy\" decoding=\"async\" class=\"wp-image-79343 alignright\" src=\"http:\/\/www.tucomarca.com\/wordpress\/segunda\/wp-content\/uploads\/2018\/12\/1-1.jpg\" alt=\"\" width=\"393\" height=\"228\" srcset=\"https:\/\/www.tucomarca.com\/wordpress\/segunda\/wp-content\/uploads\/2018\/12\/1-1.jpg 1049w, https:\/\/www.tucomarca.com\/wordpress\/segunda\/wp-content\/uploads\/2018\/12\/1-1-300x174.jpg 300w, https:\/\/www.tucomarca.com\/wordpress\/segunda\/wp-content\/uploads\/2018\/12\/1-1-768x445.jpg 768w, https:\/\/www.tucomarca.com\/wordpress\/segunda\/wp-content\/uploads\/2018\/12\/1-1-1024x594.jpg 1024w\" sizes=\"auto, (max-width: 393px) 100vw, 393px\" \/><\/p>\n<p>Aix\u00ed mateix, la corporaci\u00f3 provincial donar\u00e0 a con\u00e9ixer a trav\u00e9s de l&#8217;APP informaci\u00f3 en temps real sobre incid\u00e8ncies en la xarxa de carreteres, com talls i itineraris alternatius recomanats o vies afectades per situacions d&#8217;emerg\u00e8ncia que requerisquen una especial precauci\u00f3.<span class=\"Apple-converted-space\">\u00a0<\/span><\/p>\n<p>Per a comunicar qualsevol incid\u00e8ncia, una vegada l&#8217;usuari estiga registrat degudament en l&#8217;aplicaci\u00f3, haur\u00e0 d&#8217;enviar una fotografia que identifique el problema, la ubicaci\u00f3 a partir del posicionament GPS del dispositiu i una descripci\u00f3 amb els detalls i les observacions que considere oportunes.<\/p>\n","protected":false},"excerpt":{"rendered":"<div class=\"mh-excerpt\">L&#8217;APP \u2018Carreteres i Infraestructures\u2019 informa de manera immediata sobre l&#8217;estat de les vies i permet a la ciutadania comunicar qualsevol incid\u00e8ncia que puga trobar-se en els 1.800 km de la xarxa provincial La Diputaci\u00f3 de <a class=\"mh-excerpt-more\" href=\"https:\/\/www.tucomarca.com\/wordpress\/segunda\/ca\/la-diputacio-crea-una-aplicacio-de-mobil-per-a-millorar-la-seguretat-i-conservacio-de-les-seues-carreteres\/\" title=\"La Diputaci\u00f3 crea una aplicaci\u00f3 de m\u00f2bil per a millorar la seguretat i conservaci\u00f3 de les seues carreteres\">[+] <\/a><\/div>\n","protected":false},"author":2,"featured_media":79342,"comment_status":"open","ping_status":"open","sticky":false,"template":"","format":"standard","meta":{"footnotes":""},"categories":[10898,10948,10904,10947,10896],"tags":[11246],"class_list":{"0":"post-79346","1":"post","2":"type-post","3":"status-publish","4":"format-standard","5":"has-post-thumbnail","7":"category-ventana-ca","8":"category-infraestructuras-ca","9":"category-sin-categorizar-ca","10":"category-politica","11":"category-seccion-ca","12":"tag-diputacio-de-valencia-ca"},"_links":{"self":[{"href":"https:\/\/www.tucomarca.com\/wordpress\/segunda\/ca\/wp-json\/wp\/v2\/posts\/79346","targetHints":{"allow":["GET"]}}],"collection":[{"href":"https:\/\/www.tucomarca.com\/wordpress\/segunda\/ca\/wp-json\/wp\/v2\/posts"}],"about":[{"href":"https:\/\/www.tucomarca.com\/wordpress\/segunda\/ca\/wp-json\/wp\/v2\/types\/post"}],"author":[{"embeddable":true,"href":"https:\/\/www.tucomarca.com\/wordpress\/segunda\/ca\/wp-json\/wp\/v2\/users\/2"}],"replies":[{"embeddable":true,"href":"https:\/\/www.tucomarca.com\/wordpress\/segunda\/ca\/wp-json\/wp\/v2\/comments?post=79346"}],"version-history":[{"count":0,"href":"https:\/\/www.tucomarca.com\/wordpress\/segunda\/ca\/wp-json\/wp\/v2\/posts\/79346\/revisions"}],"wp:featuredmedia":[{"embeddable":true,"href":"https:\/\/www.tucomarca.com\/wordpress\/segunda\/ca\/wp-json\/wp\/v2\/media\/79342"}],"wp:attachment":[{"href":"https:\/\/www.tucomarca.com\/wordpress\/segunda\/ca\/wp-json\/wp\/v2\/media?parent=79346"}],"wp:term":[{"taxonomy":"category","embeddable":true,"href":"https:\/\/www.tucomarca.com\/wordpress\/segunda\/ca\/wp-json\/wp\/v2\/categories?post=79346"},{"taxonomy":"post_tag","embeddable":true,"href":"https:\/\/www.tucomarca.com\/wordpress\/segunda\/ca\/wp-json\/wp\/v2\/tags?post=79346"}],"curies":[{"name":"wp","href":"https:\/\/api.w.org\/{rel}","templated":true}]}}