{"id":79365,"date":"2018-12-20T02:17:06","date_gmt":"2018-12-20T00:17:06","guid":{"rendered":"http:\/\/www.tucomarca.com\/wordpress\/segunda\/?p=79365"},"modified":"2018-12-20T02:17:06","modified_gmt":"2018-12-20T00:17:06","slug":"bunyol-posa-en-marxa-una-campanya-per-promoure-el-consum-nadalenc-en-els-comercos-de-la-localitat","status":"publish","type":"post","link":"https:\/\/www.tucomarca.com\/wordpress\/segunda\/ca\/bunyol-posa-en-marxa-una-campanya-per-promoure-el-consum-nadalenc-en-els-comercos-de-la-localitat\/","title":{"rendered":"Bunyol posa en marxa una campanya per promoure el consum nadalenc en els comer\u00e7os de la localitat"},"content":{"rendered":"<figure id=\"attachment_79362\" aria-describedby=\"caption-attachment-79362\" style=\"width: 366px\" class=\"wp-caption alignleft\"><img loading=\"lazy\" decoding=\"async\" class=\" wp-image-79362\" src=\"http:\/\/www.tucomarca.com\/wordpress\/segunda\/wp-content\/uploads\/2018\/12\/GalaComercio.jpg\" alt=\"Cartel de la iniciativa en Bu\u00f1ol.\" width=\"366\" height=\"519\" srcset=\"https:\/\/www.tucomarca.com\/wordpress\/segunda\/wp-content\/uploads\/2018\/12\/GalaComercio.jpg 1500w, https:\/\/www.tucomarca.com\/wordpress\/segunda\/wp-content\/uploads\/2018\/12\/GalaComercio-212x300.jpg 212w, https:\/\/www.tucomarca.com\/wordpress\/segunda\/wp-content\/uploads\/2018\/12\/GalaComercio-768x1089.jpg 768w, https:\/\/www.tucomarca.com\/wordpress\/segunda\/wp-content\/uploads\/2018\/12\/GalaComercio-722x1024.jpg 722w, https:\/\/www.tucomarca.com\/wordpress\/segunda\/wp-content\/uploads\/2018\/12\/GalaComercio-1024x1452.jpg 1024w\" sizes=\"auto, (max-width: 366px) 100vw, 366px\" \/><figcaption id=\"caption-attachment-79362\" class=\"wp-caption-text\">Cartell de la iniciativa a\u00a0Bunyol.<\/figcaption><\/figure>\n<p>Nombroses s\u00f3n les activitats, els espectacles i els concursos per a tots que s&#8217;han programat aquest any en la Campanya de Nadal de l&#8217;Associaci\u00f3 d&#8217;Empresaris i Aut\u00f2noms de Bunyol, en la qual col\u00b7laboren conjuntament les regidories de Comer\u00e7 (que encap\u00e7alada el regidor Manuel Serra) i la de Festes del consistori local, que coordina l&#8217;alcaldessa, Jonquera Carrascosa.<\/p>\n<p>Entre les novetats d&#8217;aquest any hi figura la realitzaci\u00f3 de la primera Gala del Comer\u00e7, previst el seu desenvolupament en una carpa instal\u00b7lada per a l&#8217;ocasi\u00f3 a la Pla\u00e7a Manuel Carrascosa dimecres que ve, 26 de desembre: aix\u00ed com la Pista de Gel Artificial col\u00b7locada a la Pla\u00e7a 5 de mar\u00e7 i que ja est\u00e0 operativa.<\/p>\n<p>El president de l&#8217;Associaci\u00f3 d&#8217;Empresaris i Aut\u00f2noms de Bunyol, Pedro Rubio, ha qualificat d &#8216; \u00ab\u00e8xit\u00bb la pres\u00e8ncia de nombrosos nens aquest cap de setmana a la pista de gel artificial, tot i les inclem\u00e8ncies climatol\u00f2giques.<\/p>\n<p>\u00abFins i tot el diumenge es va repartir xocolata i bunyols entre tots els presents a la pista per cortesia de la Falla Reis Cat\u00f2lics i Adjacents, coneguda a la localitat com la Falla del Carrer El Riu\u00bb, en paraules del president.<\/p>\n<p>A m\u00e9s, Pedro Rubio ha informat del tancament de dos esdeveniments previstos tamb\u00e9 per aquest Nadal que acaben de concretar-se. \u00abEs tracta de xocolata a la pista de gel novament per aquest dissabte dia 22, a c\u00e0rrec de la Falla Nou Bunyol. I finalment, des d&#8217;aquest divendres 21 de desembre fins al 6 de gener hi haur\u00e0 una Full Track instal\u00b7lada al costat de la pista de gel que oferir\u00e0 suculents creps a tots els ve\u00efns i visitants \u00bb.<\/p>\n<p>Primera Gala del Comer\u00e7<\/p>\n<p>L&#8217;associaci\u00f3 de comer\u00e7os bu\u00f1olense ha ofert aquests dies m\u00e9s detalls de la primera Gala del Comer\u00e7, que tindr\u00e0 lloc el proper 26 de desembre. S&#8217;hi obsequiar\u00e0 als guanyadors de cada cistella en l&#8217;escenari preparat per a l&#8217;ocasi\u00f3 a la carpa que tant aquesta associaci\u00f3 com l&#8217;Ajuntament de la localitat, a trav\u00e9s de la Regidoria de Comer\u00e7, s&#8217;ha instal\u00b7lat al Parc Manuel Carrascosa per al gaudi de nombrosos actes, activitats i festejos d&#8217;aquests propers dies.<\/p>\n<p>A ella s&#8217;afegeix l&#8217;exhibici\u00f3 de ball que l&#8217;Associaci\u00f3 Cultural Chivana de Ball oferir\u00e0 en aquesta gala, \u00abon els seus integrants deixaran amb la boca oberta a tots els presents\u00bb, segons fonts municipals. \u00abAquesta actuaci\u00f3 s&#8217;ha tancat en les \u00faltimes hores i \u00e9s una cosa de la que l&#8217;Associaci\u00f3 d&#8217;Empresaris s&#8217;ha mostrat molt agra\u00eft amb aquesta associaci\u00f3 chivana, que a m\u00e9s integra nombrosos ve\u00efns no nom\u00e9s de Chiva sin\u00f3 de tota la comarca\u00bb. Tots els que vulguin assistir a aquesta gala han de comprar el seu tiquet en valor de 5 euros en els comer\u00e7os de la localitat.<\/p>\n<p>Part de la recaptaci\u00f3 es repartir\u00e0 per igual amb C\u00e0ritas i amb l&#8217;Associaci\u00f3 contra el C\u00e0ncer de Bunyol. A les 17,30 hores s&#8217;oferir\u00e0 un espectacle circense i despr\u00e9s d&#8217;ell donar\u00e0 comen\u00e7ament aquesta gala, finalitzant amb un sopar de pa i porta. Es lliuraran els premis dels concursos que es realitzen per aquesta associaci\u00f3: IV Concurs de dibuix Les botigues del meu poble per Nadal, per a nens d&#8217;entre 5 i 12 anys, i Concurs d&#8217;Aparadorisme, entre els comer\u00e7os de la localitat que pr\u00e8viament s&#8217;hagin inscrit. Tamb\u00e9 es realitzaran sortejos entre els assistents amb lliurament de regals.<\/p>\n<p>El IV concurs de dibuix Les botigues de del teu poble per Nadal va destinat a nens d&#8217;entre 5 i 12 anys, en dues categories d&#8217;edat: de 5 a 8 i de 9 a 12 anys. Els dibuixos es recolliran el mateix dimecres 26 de desembre de 17,00 a 19,00 hores. Es lliuraran tres premis en cada categoria. Els participants han de lliurar un dibuix en cartolina mida A-4. No s&#8217;admetr\u00e0 l&#8217;escanejat ni \u00fas de fotografies en els seus dibuixos. Es pot utilitzar qualsevol t\u00e8cnica o procediment pict\u00f2ric a elecci\u00f3 del participant. A la part del darrere han d&#8217;indicar nom i edat i tel\u00e8fon de contacte dels seus pares. Tots els participants cedeixen els seus drets d&#8217;explotaci\u00f3 sobre els textos, imatges, dissenys i material realitzat que queda en possessi\u00f3 de l&#8217;associaci\u00f3.<\/p>\n<p>participaci\u00f3 activa<\/p>\n<p>El president de l&#8217;associaci\u00f3 de comerciants bu\u00f1olense ha animat que tots els ve\u00efns de Bunyol i de la comarca, \u00abparticipin activament de totes les activitats i espectacles que aquesta campanya de Nadal t\u00e9 previst a la localitat, i aix\u00ed gaudir d&#8217;un Nadal \u00faniques i molt especials prop dels seus domicilis \u00bb.<\/p>\n<p>Des de l&#8217;organitzaci\u00f3 tamb\u00e9 han recordat la resta d&#8217;activitats a les zones comercials del poble en dies puntuals: el 22 de desembre, a la Pla\u00e7a del Poble, s&#8217;ha programat l&#8217;espectacle Plaf i el Pare Noel, per recollir les cartes dels nens. A partir de les 11,00 hores es repartir\u00e0 xocolata.<\/p>\n<p>El 29 de desembre a la Pla\u00e7a Vendes hi haur\u00e0 una minidisco amb animadores, dj animador amb can\u00e7ons de cantajocs i balls de moda a partir de les 11,00 hores amb repartiment de xocolata. I el 4 de gener, tamb\u00e9 a la Pla\u00e7a Vendes, es muntaran castells inflables i hi haur\u00e0 un patge dels Reis Mags per recollir les cartes dels xiquets a partir de les 10,00 hores on repartiment de xocolata.<\/p>\n","protected":false},"excerpt":{"rendered":"<div class=\"mh-excerpt\">Nombroses s\u00f3n les activitats, els espectacles i els concursos per a tots que s&#8217;han programat aquest any en la Campanya de Nadal de l&#8217;Associaci\u00f3 d&#8217;Empresaris i Aut\u00f2noms de Bunyol, en la qual col\u00b7laboren conjuntament les <a class=\"mh-excerpt-more\" href=\"https:\/\/www.tucomarca.com\/wordpress\/segunda\/ca\/bunyol-posa-en-marxa-una-campanya-per-promoure-el-consum-nadalenc-en-els-comercos-de-la-localitat\/\" title=\"Bunyol posa en marxa una campanya per promoure el consum nadalenc en els comer\u00e7os de la localitat\">[+] <\/a><\/div>\n","protected":false},"author":1,"featured_media":79363,"comment_status":"open","ping_status":"open","sticky":false,"template":"","format":"standard","meta":{"footnotes":""},"categories":[10911,10898,10948,10894,10912,10896],"tags":[11314],"class_list":{"0":"post-79365","1":"post","2":"type-post","3":"status-publish","4":"format-standard","5":"has-post-thumbnail","7":"category-bunol-ca","8":"category-ventana-ca","9":"category-infraestructuras-ca","10":"category-la-comarca-ca","11":"category-la-hoya-ca","12":"category-seccion-ca","13":"tag-bunyol-ca"},"_links":{"self":[{"href":"https:\/\/www.tucomarca.com\/wordpress\/segunda\/ca\/wp-json\/wp\/v2\/posts\/79365","targetHints":{"allow":["GET"]}}],"collection":[{"href":"https:\/\/www.tucomarca.com\/wordpress\/segunda\/ca\/wp-json\/wp\/v2\/posts"}],"about":[{"href":"https:\/\/www.tucomarca.com\/wordpress\/segunda\/ca\/wp-json\/wp\/v2\/types\/post"}],"author":[{"embeddable":true,"href":"https:\/\/www.tucomarca.com\/wordpress\/segunda\/ca\/wp-json\/wp\/v2\/users\/1"}],"replies":[{"embeddable":true,"href":"https:\/\/www.tucomarca.com\/wordpress\/segunda\/ca\/wp-json\/wp\/v2\/comments?post=79365"}],"version-history":[{"count":0,"href":"https:\/\/www.tucomarca.com\/wordpress\/segunda\/ca\/wp-json\/wp\/v2\/posts\/79365\/revisions"}],"wp:featuredmedia":[{"embeddable":true,"href":"https:\/\/www.tucomarca.com\/wordpress\/segunda\/ca\/wp-json\/wp\/v2\/media\/79363"}],"wp:attachment":[{"href":"https:\/\/www.tucomarca.com\/wordpress\/segunda\/ca\/wp-json\/wp\/v2\/media?parent=79365"}],"wp:term":[{"taxonomy":"category","embeddable":true,"href":"https:\/\/www.tucomarca.com\/wordpress\/segunda\/ca\/wp-json\/wp\/v2\/categories?post=79365"},{"taxonomy":"post_tag","embeddable":true,"href":"https:\/\/www.tucomarca.com\/wordpress\/segunda\/ca\/wp-json\/wp\/v2\/tags?post=79365"}],"curies":[{"name":"wp","href":"https:\/\/api.w.org\/{rel}","templated":true}]}}