{"id":79424,"date":"2018-12-22T13:59:43","date_gmt":"2018-12-22T11:59:43","guid":{"rendered":"http:\/\/www.tucomarca.com\/wordpress\/segunda\/?p=79424"},"modified":"2018-12-22T13:59:43","modified_gmt":"2018-12-22T11:59:43","slug":"video-la-diputacio-aprova-els-seus-pressupostos-2019-amb-els-vots-dels-quatre-grups-de-lequip-de-govern-i-en-contra-de-loposicio","status":"publish","type":"post","link":"https:\/\/www.tucomarca.com\/wordpress\/segunda\/ca\/video-la-diputacio-aprova-els-seus-pressupostos-2019-amb-els-vots-dels-quatre-grups-de-lequip-de-govern-i-en-contra-de-loposicio\/","title":{"rendered":"V\u00eddeo: La Diputaci\u00f3 aprova els seus pressupostos 2019 amb els vots dels quatre grups de l&#8217;equip de govern i en contra de l&#8217;oposici\u00f3"},"content":{"rendered":"<p>L&#8217;equip de govern de la Diputaci\u00f3 de Val\u00e8ncia, representat pel president, Toni Gaspar, la vicepresidenta, M\u00aa Josep Amig\u00f3, i la diputada d&#8217;Inclusi\u00f3 Social i Mem\u00f2ria Hist\u00f2rica, Rosa P\u00e9rez Garijo, ha presentat aquest divendres l&#8217;\u00faltim pressupost de la legislatura en la corporaci\u00f3 provincial, amb un import global de 486 milions d&#8217;euros, un 2,7% m\u00e9s que en el present exercici.<\/p>\n<p>Els comptes provincials, de les que desapareixen definitivament les ajudes arbitr\u00e0ries que en 2014 van arribar a ser de 34 milions d&#8217;euros, han estat aprovades minuts despr\u00e9s en l&#8217;\u00faltim ple de l&#8217;any, amb els vots a favor dels quatre grups de l&#8217;equip de govern i en contra de l&#8217;oposici\u00f3. En el cap\u00edtol d&#8217;ajuts directes de Presid\u00e8ncia nom\u00e9s es mantenen 800.000 euros destinats a associacions i organismes sense \u00e0nim de lucre<\/p>\n<p>En paraules del president, Toni Gaspar, &#8220;aquests pressupostos s\u00f3n els m\u00e9s justos en la hist\u00f2ria d&#8217;aquesta corporaci\u00f3&#8221;. Gaspar ha justificat aquesta valoraci\u00f3 fent balan\u00e7 d&#8217;una legislatura en qu\u00e8 la Diputaci\u00f3 &#8220;ha aconseguit la fi absoluta de l&#8217;arbitrarietat, ha incrementat les inversions en els municipis, ha apostat per l&#8217;autonomia d&#8217;alcaldes i alcaldesses a l&#8217;hora de gestionar aquestes inversions i ha triplicat la partida per a serveis socials &#8220;.<\/p>\n<p>El president ha destacat &#8220;el di\u00e0leg entre les quatre parts d&#8217;aquest govern en una corporaci\u00f3 que no estava acostumada a aquest consens i que ha demostrat que des de la difer\u00e8ncia es poden fer coses molt grans&#8221;. Gaspar ha ratificat l&#8217;aposta de la corporaci\u00f3 pels municipis m\u00e9s petits, que el 2018 van tenir una inversi\u00f3 de 630 euros per habitant enfront dels 125 euros de mitjana a la prov\u00edncia, i ha advocat per la simplificaci\u00f3 en la gesti\u00f3 &#8220;per poder fer m\u00e9s coses i seguir incrementant aquestes ajudes directes als municipis, que el 2019 poden superar una &#8220;xifra hist\u00f2rica&#8221; \u200b\u200bde 150 milions d&#8217;euros.<\/p>\n<p>Per la seva banda, la vicepresidenta, M\u00aa Josep Amig\u00f3, ha insistit en l&#8217;eliminaci\u00f3 de les ajudes discrecionals, que de cara a l&#8217;exercici 2019 &#8220;seran tan sols 800.000 euros per a associacions sense \u00e0nim de lucre, davant els 34 milions d&#8217;euros de l&#8217;etapa anterior &#8220;, i ha afirmat que&#8221; aquests comptes responen a l&#8217;objectiu d&#8217;aquest govern de rescatar persones visquin al poble que visquin i de col\u00b7laborar amb altres institucions, dins de l&#8217;esperit del Pacte del Bot\u00e0nic &#8220;.<\/p>\n<p>Amig\u00f3 ha celebrat que &#8220;s&#8217;ha acabat el m\u00e8tode del repartiment per color pol\u00edtic&#8221; i que al llarg de la legislatura &#8220;han arribat als municipis valencians m\u00e9s recursos que mai sota criteris de just\u00edcia i igualtat&#8221;. La vicepresidenta ha extret dels comptes per 2019 als m\u00e9s de 3 milions d&#8217;euros per a centres socials, &#8220;m\u00e9s de 20 milions aquesta legislatura per crear 500 noves places p\u00fabliques&#8221;, i els 10 milions destinats a infraestructures educatives, una partida que en el resum de legislatura supera els 23 milions d&#8217;euros.<\/p>\n<p><strong>Inclusi\u00f3 i Mem\u00f2ria<\/strong><\/p>\n<p>La diputada d&#8217;Inclusi\u00f3 Social i Mem\u00f2ria Hist\u00f2rica, Rosa P\u00e9rez Garijo, ha destacat l&#8217;important increment de la partida per a serveis socials b\u00e0sics en els \u00faltims 4 anys, especialment en els municipis m\u00e9s petits. Aquesta partida ha passat de 4,8 milions d&#8217;euros el 2015 a 13,7 milions d&#8217;euros en l&#8217;exercici 2019. P\u00e9rez Garijo tamb\u00e9 ha posat en valor, en el seu balan\u00e7 de la legislatura, l&#8217;aposta real de la Diputaci\u00f3 per la mem\u00f2ria hist\u00f2rica , que s&#8217;ha tradu\u00eft en ajudes econ\u00f2miques que estan servint per recuperar les restes de persones represaliades pel franquisme. Per al proper any, l&#8217;\u00e0rea disposar\u00e0 d&#8217;1.350.000 euros.<\/p>\n<p>P\u00e9rez Garijo ha centrat la seva valoraci\u00f3 de la legislatura en &#8220;el tr\u00e0nsit d&#8217;una pol\u00edtica assistencialista a un model que treballa per la just\u00edcia social&#8221;, i ha instat a seguir avan\u00e7ant per aquest cam\u00ed. Pel que fa a la mem\u00f2ria hist\u00f2rica i la implicaci\u00f3 econ\u00f2mica de la Diputaci\u00f3, la diputada ha assegurat que l&#8217;objectiu \u00e9s &#8220;recuperar la dignitat d&#8217;aquest pa\u00eds&#8221; i ha avan\u00e7at que &#8220;la primera administraci\u00f3 p\u00fablica que ha exhumat fosses seguir\u00e0 impulsant pol\u00edtiques de mem\u00f2ria, just\u00edcia i reparaci\u00f3 &#8220;.<\/p>\n<p><strong>Principals partides<\/strong><\/p>\n<p>El pressupost per a 2019 es desglossa en diferents partides entre les que destaquen els 111 milions d&#8217;euros per a l&#8217;Hospital General, els 36 milions per al pla de Serveis i Obres Municipals (SOM), 40 milions per a infraestructures i conservaci\u00f3 de Carreteres, 18 milions per prevenci\u00f3 d&#8217;incendis a trav\u00e9s de les brigades forestals de la Diputaci\u00f3, 13,7 milions per a serveis socials en ajuntaments i mancomunitats i 6,4 milions per assessorar i donar assist\u00e8ncia t\u00e8cnica a aquests ens locals.<\/p>\n<p>En altres \u00e0mbits i \u00e0rees de gesti\u00f3 es destinen prop de 5 milions d&#8217;euros al foment d&#8217;activitats esportives, 4,2 milions a la restauraci\u00f3 de b\u00e9ns immobles, 3,7 milions a la gesti\u00f3 del cicle integral de l&#8217;aigua, 2,5 milions per teleassist\u00e8ncia, 2,2 milions del programa de beques per a joves, 1,6 milions per Teatres i un mili\u00f3 d&#8217;euros per a Igualtat. El Consorci Provincial de Bombers, per la seva banda, disposar\u00e0 d&#8217;un pressupost de 25,7 milions d&#8217;euros l&#8217;any que ve.<\/p>\n<p><strong>L&#8217;oposici\u00f3 en contra<\/strong><\/p>\n<p>El debat d&#8217;aprovaci\u00f3 dels pressupostos de 2019 en l&#8217;\u00faltima sessi\u00f3 plen\u00e0ria de l&#8217;any ha deixat el vot en contra del grup popular, Ciutadans i el diputat no adscrit, Jos\u00e9 Enrique Aguar. El mateix Aguar ha qualificat el pressupost com &#8220;trist i apagat&#8221; i, tot i agrair a la diputada d&#8217;Hisenda l&#8217;explicaci\u00f3 dels comptes es mostra disconforme amb la manca de personal i noves propostes.<\/p>\n<p>Per la seva banda, la portaveu de Ciutadans, Mamen Peris, ha q\u00fcestionat la &#8220;falta de consens per fer uns pressupostos participatius&#8221;, aix\u00ed com el nivell d&#8217;execuci\u00f3 pressupost\u00e0ria. Admet Peris l&#8217;esfor\u00e7 per reduir el clientelisme, per\u00f2 considera que &#8220;nom\u00e9s s&#8217;ha aconseguit en els ajuntaments&#8221;.<\/p>\n<p>L&#8217;\u00faltima de les portaveus a intervenir ha estat M\u00aa Carmen Contelles, del Partit Popular, que veu un pressupost &#8220;gaireb\u00e9 calcat al de l&#8217;any anterior, amb la mateixa falta de voluntat d&#8217;executar&#8221;. Segons l&#8217;opini\u00f3 de Contelles, es tracta d&#8217;uns comptes &#8220;elaborades des de la desgana i que responen al concepte de Diputaci\u00f3 com a caixer de la Generalitat&#8221;. En resum, la portaveu popular veu &#8220;una Diputaci\u00f3 m\u00e9s lenta i costosa de mantenir&#8221;.<\/p>\n<p>Des de la bancada de l&#8217;equip de govern, el diputat de Transpar\u00e8ncia i portaveu de Val\u00e8ncia en com\u00fa, Roberto Jaramillo, ha destacat el consens en un pressupost que &#8220;no podria ser mai igual de plural si ho fes un sol partit&#8221;, i ha instat l&#8217;oposici\u00f3 a consultar als ajuntaments si estan d&#8217;acord o no amb el pla de transpar\u00e8ncia amb qu\u00e8 treballa la corporaci\u00f3.<\/p>\n<p>La diputada d&#8217;Hisenda, Rebeca Torr\u00f3, ha tancat el debat pressupostari destacant &#8220;el gir de 180 graus que aquest govern ha donat a la corporaci\u00f3 provincial al llarg d&#8217;aquests quatre exercicis, amb uns comptes que demostren que una altra Diputaci\u00f3 \u00e9s possible, una instituci\u00f3 en qu\u00e8 la discrecionalitat ja no t\u00e9 cabuda i en la que 9 de cada 10 alcaldes consideren que les ajudes es reparteixen de forma objectiva &#8220;.<\/p>\n","protected":false},"excerpt":{"rendered":"<div class=\"mh-excerpt\">L&#8217;equip de govern de la Diputaci\u00f3 de Val\u00e8ncia, representat pel president, Toni Gaspar, la vicepresidenta, M\u00aa Josep Amig\u00f3, i la diputada d&#8217;Inclusi\u00f3 Social i Mem\u00f2ria Hist\u00f2rica, Rosa P\u00e9rez Garijo, ha presentat aquest divendres l&#8217;\u00faltim pressupost <a class=\"mh-excerpt-more\" href=\"https:\/\/www.tucomarca.com\/wordpress\/segunda\/ca\/video-la-diputacio-aprova-els-seus-pressupostos-2019-amb-els-vots-dels-quatre-grups-de-lequip-de-govern-i-en-contra-de-loposicio\/\" title=\"V\u00eddeo: La Diputaci\u00f3 aprova els seus pressupostos 2019 amb els vots dels quatre grups de l&#8217;equip de govern i en contra de l&#8217;oposici\u00f3\">[+] <\/a><\/div>\n","protected":false},"author":1,"featured_media":79422,"comment_status":"open","ping_status":"open","sticky":false,"template":"","format":"standard","meta":{"footnotes":""},"categories":[10898,10948,10894,10904,10947,10896,11062],"tags":[11246],"class_list":{"0":"post-79424","1":"post","2":"type-post","3":"status-publish","4":"format-standard","5":"has-post-thumbnail","7":"category-ventana-ca","8":"category-infraestructuras-ca","9":"category-la-comarca-ca","10":"category-sin-categorizar-ca","11":"category-politica","12":"category-seccion-ca","13":"category-videos","14":"tag-diputacio-de-valencia-ca"},"_links":{"self":[{"href":"https:\/\/www.tucomarca.com\/wordpress\/segunda\/ca\/wp-json\/wp\/v2\/posts\/79424","targetHints":{"allow":["GET"]}}],"collection":[{"href":"https:\/\/www.tucomarca.com\/wordpress\/segunda\/ca\/wp-json\/wp\/v2\/posts"}],"about":[{"href":"https:\/\/www.tucomarca.com\/wordpress\/segunda\/ca\/wp-json\/wp\/v2\/types\/post"}],"author":[{"embeddable":true,"href":"https:\/\/www.tucomarca.com\/wordpress\/segunda\/ca\/wp-json\/wp\/v2\/users\/1"}],"replies":[{"embeddable":true,"href":"https:\/\/www.tucomarca.com\/wordpress\/segunda\/ca\/wp-json\/wp\/v2\/comments?post=79424"}],"version-history":[{"count":0,"href":"https:\/\/www.tucomarca.com\/wordpress\/segunda\/ca\/wp-json\/wp\/v2\/posts\/79424\/revisions"}],"wp:featuredmedia":[{"embeddable":true,"href":"https:\/\/www.tucomarca.com\/wordpress\/segunda\/ca\/wp-json\/wp\/v2\/media\/79422"}],"wp:attachment":[{"href":"https:\/\/www.tucomarca.com\/wordpress\/segunda\/ca\/wp-json\/wp\/v2\/media?parent=79424"}],"wp:term":[{"taxonomy":"category","embeddable":true,"href":"https:\/\/www.tucomarca.com\/wordpress\/segunda\/ca\/wp-json\/wp\/v2\/categories?post=79424"},{"taxonomy":"post_tag","embeddable":true,"href":"https:\/\/www.tucomarca.com\/wordpress\/segunda\/ca\/wp-json\/wp\/v2\/tags?post=79424"}],"curies":[{"name":"wp","href":"https:\/\/api.w.org\/{rel}","templated":true}]}}