{"id":79443,"date":"2018-12-22T13:47:00","date_gmt":"2018-12-22T11:47:00","guid":{"rendered":"http:\/\/www.tucomarca.com\/wordpress\/segunda\/?p=79443"},"modified":"2018-12-22T13:47:00","modified_gmt":"2018-12-22T11:47:00","slug":"pilar-moncho-destaca-lexecucio-de-135-milions-deuros-en-el-mandat-actual-i-anuncia-la-creacio-dun-gran-centre-de-la-mediterrania-en-la-marina","status":"publish","type":"post","link":"https:\/\/www.tucomarca.com\/wordpress\/segunda\/ca\/pilar-moncho-destaca-lexecucio-de-135-milions-deuros-en-el-mandat-actual-i-anuncia-la-creacio-dun-gran-centre-de-la-mediterrania-en-la-marina\/","title":{"rendered":"Pilar Moncho destaca l&#8217;execuci\u00f3 de 13,5 milions d&#8217;euros en el mandat actual i anuncia la creaci\u00f3 d&#8217;un gran Centre de la Mediterr\u00e0nia en La Marina"},"content":{"rendered":"<figure id=\"attachment_79440\" aria-describedby=\"caption-attachment-79440\" style=\"width: 482px\" class=\"wp-caption alignleft\"><img loading=\"lazy\" decoding=\"async\" class=\" wp-image-79440\" src=\"http:\/\/www.tucomarca.com\/wordpress\/segunda\/wp-content\/uploads\/2018\/12\/PilarMoncho.jpg\" alt=\"La diputada de Turismo de la Diputaci\u00f3n ha hecho balance de gesti\u00f3n de los ejercicios 2015-2018 en un desayuno con medios de comunicaci\u00f3n.\" width=\"482\" height=\"361\" srcset=\"https:\/\/www.tucomarca.com\/wordpress\/segunda\/wp-content\/uploads\/2018\/12\/PilarMoncho.jpg 4128w, https:\/\/www.tucomarca.com\/wordpress\/segunda\/wp-content\/uploads\/2018\/12\/PilarMoncho-300x225.jpg 300w, https:\/\/www.tucomarca.com\/wordpress\/segunda\/wp-content\/uploads\/2018\/12\/PilarMoncho-768x576.jpg 768w, https:\/\/www.tucomarca.com\/wordpress\/segunda\/wp-content\/uploads\/2018\/12\/PilarMoncho-1024x768.jpg 1024w\" sizes=\"auto, (max-width: 482px) 100vw, 482px\" \/><figcaption id=\"caption-attachment-79440\" class=\"wp-caption-text\">La diputada de Turisme de la Diputaci\u00f3 ha fet balan\u00e7 de gesti\u00f3 dels exercicis 2015-2018 en un esmorzar amb mitjans de comunicaci\u00f3.<\/figcaption><\/figure>\n<p>La diputada de Turisme de la Diputaci\u00f3 de Val\u00e8ncia, Pilar Moncho, ha destacat avui, en fer balan\u00e7 de la gesti\u00f3 del Patronat de Turisme de Val\u00e8ncia durant l&#8217;actual mandat 2015-2018, l&#8217;execuci\u00f3 de 13,5 milions d&#8217;euros, \u201ctres milions i mig m\u00e9s que en el mandat complet anterior, que revertir\u00e0 en l&#8217;activaci\u00f3 del turisme i de les economies locals en el territori valenci\u00e0\u201d.<\/p>\n<p>\u201cHem aconseguit executar al c\u00e8ntim tot el pressupost que se&#8217;ns ha consignat en cada exercici, perqu\u00e8 el nostre deure \u00e9s optimitzar la gesti\u00f3 d\u2019all\u00f2 p\u00fablic i ampliar la seua projecci\u00f3\u201d, ha assenyalat Moncho.<\/p>\n<p><strong>Un espai f\u00edsic per a del Tros al Plat<\/strong><\/p>\n<p>En el transcurs de l&#8217;acte comunicatiu, celebrat en el Cub dels Comarques que el Patronat de Turisme gestiona en La Marina de Val\u00e8ncia, la diputada de Turisme tamb\u00e9 ha anunciat la futura creaci\u00f3 d&#8217;un gran Centre de la Mediterr\u00e0nia en La Marina, que comptar\u00e0 amb la participaci\u00f3 de Val\u00e8ncia Turisme i que, en paraules de la diputada \u201c\u00e9s el lloc ideal per a donar espai f\u00edsic al programa gastron\u00f2mic i tur\u00edstic\u00a0<a href=\"http:\/\/deltrosalplat.es\/\">Del Tros al Plat<\/a>\u201d.<\/p>\n<p>El futur Centre de la Mediterr\u00e0nia est\u00e0 consignat en el pressupost de la Diputaci\u00f3 de Val\u00e8ncia per a 2019 amb 600.000 euros.<\/p>\n<p>Segons Pilar Moncho, \u201cvam iniciar aquest mandat amb l&#8217;objectiu de renovar la gesti\u00f3 tur\u00edstica comen\u00e7ant amb la creaci\u00f3 d&#8217;una nova marca, Val\u00e8ncia Turisme, per a potenciar el\u00a0<em>living<\/em>\u00a0valenci\u00e0 que ens fa \u00fanics, a partir de la reordenaci\u00f3 i posada en valor dels recursos locals i de la creaci\u00f3 de nous productes tur\u00edstics\u201d.<\/p>\n<p>En aquest sentit, la diputada de Turisme ha detallat la prospecci\u00f3 de recursos en 144 municipis i 16 mancomunitats, aix\u00ed com la presentaci\u00f3 en el Cub dels Comarques de 90 productes i 16 programes tur\u00edstics, i la reorientaci\u00f3 del Punt dels Comarques, ubicat al centre de la ciutat de Val\u00e8ncia, al costat del Teatre Principal.<\/p>\n<p><strong>2,5 milions d&#8217;euros per a Dinamitzaci\u00f3 i Governan\u00e7a Tur\u00edstica<\/strong><\/p>\n<p>A aquesta gesti\u00f3, cal afegir \u201cla l\u00ednia col\u00b7laborativa que hem mantingut des del principi amb altres institucions i el fruit destacat de la qual \u00e9s la posada en marxa d&#8217;11 plans de Dinamitzaci\u00f3 i Governan\u00e7a Tur\u00edstica que, al costat de Turisme Comunitat Valenciana i les mancomunitats han injectat 2,5 milions d&#8217;euros en el territori valenci\u00e0\u201d, ha ampliat Moncho.<\/p>\n<p><strong>5,7 milions d&#8217;euros per a Turisme Intel\u00b7ligent\u00a0<\/strong><\/p>\n<p>A m\u00e9s, la responsable de l&#8217;\u00e0rea de Turisme ha recordat l&#8217;\u00e8xit aconseguit amb el projecte \u201cConnecta Val\u00e8ncia\u201d de la Diputaci\u00f3 de Val\u00e8ncia, que va resultar beneficiari de la convocat\u00f2ria \u201cDestinacions Tur\u00edstiques Intel\u00b7ligents\u201d de\u00a0<a href=\"https:\/\/red.es\/redes\/\">Red.es<\/a>. El programa, dotat amb 5,7 milions d&#8217;euros, est\u00e0 dissenyat per un equip t\u00e8cnic interdisciplinari de les \u00e0rees de Modernitzaci\u00f3, Turisme i Medi Ambient de la Diputaci\u00f3 per a optimitzar la gesti\u00f3 tur\u00edstica i mediambiental i fer de les comarques valencianes un \u201cTerritori Intel\u00b7ligent i Sostenible\u201d.<\/p>\n<p>Finalment, Pilar Moncho i el director del Patronat de Turisme, Evarist Caselles, han destacat la labor desenvolupada en col\u00b7laboraci\u00f3 amb agents privats i empreses tur\u00edstiques locals. Per a aix\u00f2, \u201chem organitzat workshops com a punt de trobada entre m\u00e9s de 85 empreses de producte tur\u00edstic i grans plataformes comercialitzadores i hem acudit a fires estatals i internacionals acompanyats per 60 empreses tur\u00edstiques\u201d.<\/p>\n","protected":false},"excerpt":{"rendered":"<div class=\"mh-excerpt\">La diputada de Turisme de la Diputaci\u00f3 de Val\u00e8ncia, Pilar Moncho, ha destacat avui, en fer balan\u00e7 de la gesti\u00f3 del Patronat de Turisme de Val\u00e8ncia durant l&#8217;actual mandat 2015-2018, l&#8217;execuci\u00f3 de 13,5 milions d&#8217;euros, <a class=\"mh-excerpt-more\" href=\"https:\/\/www.tucomarca.com\/wordpress\/segunda\/ca\/pilar-moncho-destaca-lexecucio-de-135-milions-deuros-en-el-mandat-actual-i-anuncia-la-creacio-dun-gran-centre-de-la-mediterrania-en-la-marina\/\" title=\"Pilar Moncho destaca l&#8217;execuci\u00f3 de 13,5 milions d&#8217;euros en el mandat actual i anuncia la creaci\u00f3 d&#8217;un gran Centre de la Mediterr\u00e0nia en La Marina\">[+] <\/a><\/div>\n","protected":false},"author":1,"featured_media":79441,"comment_status":"open","ping_status":"open","sticky":false,"template":"","format":"standard","meta":{"footnotes":""},"categories":[10898,10948,10894,10904,11007,10947,10896],"tags":[11404],"class_list":{"0":"post-79443","1":"post","2":"type-post","3":"status-publish","4":"format-standard","5":"has-post-thumbnail","7":"category-ventana-ca","8":"category-infraestructuras-ca","9":"category-la-comarca-ca","10":"category-sin-categorizar-ca","11":"category-ocio-y-cultura-ca","12":"category-politica","13":"category-seccion-ca","14":"tag-valencia-turisme-ca"},"_links":{"self":[{"href":"https:\/\/www.tucomarca.com\/wordpress\/segunda\/ca\/wp-json\/wp\/v2\/posts\/79443","targetHints":{"allow":["GET"]}}],"collection":[{"href":"https:\/\/www.tucomarca.com\/wordpress\/segunda\/ca\/wp-json\/wp\/v2\/posts"}],"about":[{"href":"https:\/\/www.tucomarca.com\/wordpress\/segunda\/ca\/wp-json\/wp\/v2\/types\/post"}],"author":[{"embeddable":true,"href":"https:\/\/www.tucomarca.com\/wordpress\/segunda\/ca\/wp-json\/wp\/v2\/users\/1"}],"replies":[{"embeddable":true,"href":"https:\/\/www.tucomarca.com\/wordpress\/segunda\/ca\/wp-json\/wp\/v2\/comments?post=79443"}],"version-history":[{"count":0,"href":"https:\/\/www.tucomarca.com\/wordpress\/segunda\/ca\/wp-json\/wp\/v2\/posts\/79443\/revisions"}],"wp:featuredmedia":[{"embeddable":true,"href":"https:\/\/www.tucomarca.com\/wordpress\/segunda\/ca\/wp-json\/wp\/v2\/media\/79441"}],"wp:attachment":[{"href":"https:\/\/www.tucomarca.com\/wordpress\/segunda\/ca\/wp-json\/wp\/v2\/media?parent=79443"}],"wp:term":[{"taxonomy":"category","embeddable":true,"href":"https:\/\/www.tucomarca.com\/wordpress\/segunda\/ca\/wp-json\/wp\/v2\/categories?post=79443"},{"taxonomy":"post_tag","embeddable":true,"href":"https:\/\/www.tucomarca.com\/wordpress\/segunda\/ca\/wp-json\/wp\/v2\/tags?post=79443"}],"curies":[{"name":"wp","href":"https:\/\/api.w.org\/{rel}","templated":true}]}}