{"id":79478,"date":"2018-12-22T14:27:35","date_gmt":"2018-12-22T12:27:35","guid":{"rendered":"http:\/\/www.tucomarca.com\/wordpress\/segunda\/?p=79478"},"modified":"2018-12-22T14:27:35","modified_gmt":"2018-12-22T12:27:35","slug":"el-consorci-valencia-interior-es-compromet-a-lluitar-contra-el-canvi-climatic-i-desenvolupa-una-estrategia-per-mitigar","status":"publish","type":"post","link":"https:\/\/www.tucomarca.com\/wordpress\/segunda\/ca\/el-consorci-valencia-interior-es-compromet-a-lluitar-contra-el-canvi-climatic-i-desenvolupa-una-estrategia-per-mitigar\/","title":{"rendered":"El Consorci Val\u00e8ncia Interior es compromet a lluitar contra el canvi clim\u00e0tic i desenvolupa una estrat\u00e8gia per mitigar"},"content":{"rendered":"<figure id=\"attachment_79475\" aria-describedby=\"caption-attachment-79475\" style=\"width: 596px\" class=\"wp-caption alignleft\"><img loading=\"lazy\" decoding=\"async\" class=\"size-full wp-image-79475\" src=\"http:\/\/www.tucomarca.com\/wordpress\/segunda\/wp-content\/uploads\/2018\/12\/CVICaudete.jpg\" alt=\"Los retos del ente pasan por contribuir al cumplimiento europeo de reducir las emisiones de CO2 en un 40% en el a\u00f1o 2030.\" width=\"596\" height=\"245\" srcset=\"https:\/\/www.tucomarca.com\/wordpress\/segunda\/wp-content\/uploads\/2018\/12\/CVICaudete.jpg 596w, https:\/\/www.tucomarca.com\/wordpress\/segunda\/wp-content\/uploads\/2018\/12\/CVICaudete-300x123.jpg 300w\" sizes=\"auto, (max-width: 596px) 100vw, 596px\" \/><figcaption id=\"caption-attachment-79475\" class=\"wp-caption-text\">Los retos del ente pasan por contribuir al cumplimiento europeo de reducir las emisiones de CO2 en un 40% en el a\u00f1o 2030.<\/figcaption><\/figure>\n<p>L&#8217;Estrat\u00e8gia del Consorci Val\u00e8ncia Interior per a la mitigaci\u00f3 i adaptaci\u00f3 al canvi clim\u00e0tic (ESCVICC) ja est\u00e0 en marxa. De fet, es tracta de la primera d&#8217;aquestes caracter\u00edstiques que desenvolupa un ens supramunicipal en l&#8217;\u00e0mbit de la gesti\u00f3 dels residus, alineada en aquest cas amb l&#8217;Estrat\u00e8gia Valenciana de Canvi Clim\u00e0tic aprovada pel Consell. L&#8217;\u00e0mbit geogr\u00e0fic en qu\u00e8 s&#8217;est\u00e0 desenvolupant aquesta estrat\u00e8gia s\u00f3n les comarques d&#8217;Utiel-Requena, la Foia de Bu\u00f1ol- Chiva, Camp de T\u00faria, els Serrans i el Rac\u00f3 d&#8217;Adem\u00fas.<\/p>\n<p>El CVI est\u00e0 en proc\u00e9s d&#8217;avaluaci\u00f3 de la petjada de carboni, com a primer pas del desenvolupament d&#8217;aquesta Estrat\u00e8gia de comprom\u00eds del CVI en la lluita pel canvi clim\u00e0tic. En aquest context, els reptes del Consorci passen per contribuir al compliment de l&#8217;objectiu europeu de reduir les emissions de CO2 en un 40% per a l&#8217;any 2030, proporcionar eines de suport a les entitats locals en la millora de la gesti\u00f3 ambiental municipal i, en particular, en l&#8217;elaboraci\u00f3 dels inventaris d&#8217;emissions municipals de refer\u00e8ncia.<\/p>\n<p>A m\u00e9s, es pret\u00e9n millorar l&#8217;efici\u00e8ncia ambiental i reduir els costos operatius, identificant les oportunitats de millora, contribuir a la descarbonitzaci\u00f3 de l&#8217;economia i caminar cap a una economia circular, aix\u00ed com ser l&#8217;entitat supramunicipal referent en l&#8217;\u00e0mbit de la gesti\u00f3 de residus i la lluita contra el canvi clim\u00e0tic.<\/p>\n<p>Els principals focus d&#8217;emissi\u00f3 de gasos d&#8217;efecte hivernacle a les instal\u00b7lacions del Consorci s\u00f3n l&#8217;abocador i la zona de compostatge. D&#8217;altra banda, hi ha les emissions associades al consum el\u00e8ctric de la maquin\u00e0ria de selecci\u00f3 i compostatge. De moment, les mesures d&#8217;efici\u00e8ncia energ\u00e8tica adoptades, en particular l&#8217;acreditaci\u00f3 del subministrament d&#8217;electricitat amb Garantia d&#8217;Origen Renovable, han redu\u00eft un 63% l&#8217;impacte en CO2 per tona gestionada. De fet, s&#8217;ha passat de 9,4 kg de CO2 per tona de residus el 2014 a 3,5 kg de CO2 per tona de residus el 2017.<\/p>\n<p>El Pla de reducci\u00f3 i millora comporta tres vies de reducci\u00f3: la implementaci\u00f3 de mesures d&#8217;efici\u00e8ncia energ\u00e8tica, la compra verda d&#8217;energies renovables, aix\u00ed com la disminuci\u00f3 de les emissions en el proc\u00e9s de descomposici\u00f3 de residus a l&#8217;abocador mitjan\u00e7ant la captaci\u00f3 i extracci\u00f3 primerenca de biog\u00e0s durant la fase d&#8217;explotaci\u00f3 de l&#8217;abocador i no nom\u00e9s despr\u00e9s del segellat, com es ve fent habitualment.<\/p>\n","protected":false},"excerpt":{"rendered":"<div class=\"mh-excerpt\">L&#8217;Estrat\u00e8gia del Consorci Val\u00e8ncia Interior per a la mitigaci\u00f3 i adaptaci\u00f3 al canvi clim\u00e0tic (ESCVICC) ja est\u00e0 en marxa. De fet, es tracta de la primera d&#8217;aquestes caracter\u00edstiques que desenvolupa un ens supramunicipal en l&#8217;\u00e0mbit <a class=\"mh-excerpt-more\" href=\"https:\/\/www.tucomarca.com\/wordpress\/segunda\/ca\/el-consorci-valencia-interior-es-compromet-a-lluitar-contra-el-canvi-climatic-i-desenvolupa-una-estrategia-per-mitigar\/\" title=\"El Consorci Val\u00e8ncia Interior es compromet a lluitar contra el canvi clim\u00e0tic i desenvolupa una estrat\u00e8gia per mitigar\">[+] <\/a><\/div>\n","protected":false},"author":1,"featured_media":79476,"comment_status":"open","ping_status":"open","sticky":false,"template":"","format":"standard","meta":{"footnotes":""},"categories":[10892,10898,10948,10894,10904,10912,10903,10909,10896],"tags":[11117],"class_list":{"0":"post-79478","1":"post","2":"type-post","3":"status-publish","4":"format-standard","5":"has-post-thumbnail","7":"category-camp-de-turia-ca","8":"category-ventana-ca","9":"category-infraestructuras-ca","10":"category-la-comarca-ca","11":"category-sin-categorizar-ca","12":"category-la-hoya-ca","13":"category-medio-ambiente-la-comarca-ca","14":"category-requena-utiel-ca","15":"category-seccion-ca","16":"tag-consorcio-valencia-interior-ca"},"_links":{"self":[{"href":"https:\/\/www.tucomarca.com\/wordpress\/segunda\/ca\/wp-json\/wp\/v2\/posts\/79478","targetHints":{"allow":["GET"]}}],"collection":[{"href":"https:\/\/www.tucomarca.com\/wordpress\/segunda\/ca\/wp-json\/wp\/v2\/posts"}],"about":[{"href":"https:\/\/www.tucomarca.com\/wordpress\/segunda\/ca\/wp-json\/wp\/v2\/types\/post"}],"author":[{"embeddable":true,"href":"https:\/\/www.tucomarca.com\/wordpress\/segunda\/ca\/wp-json\/wp\/v2\/users\/1"}],"replies":[{"embeddable":true,"href":"https:\/\/www.tucomarca.com\/wordpress\/segunda\/ca\/wp-json\/wp\/v2\/comments?post=79478"}],"version-history":[{"count":0,"href":"https:\/\/www.tucomarca.com\/wordpress\/segunda\/ca\/wp-json\/wp\/v2\/posts\/79478\/revisions"}],"wp:featuredmedia":[{"embeddable":true,"href":"https:\/\/www.tucomarca.com\/wordpress\/segunda\/ca\/wp-json\/wp\/v2\/media\/79476"}],"wp:attachment":[{"href":"https:\/\/www.tucomarca.com\/wordpress\/segunda\/ca\/wp-json\/wp\/v2\/media?parent=79478"}],"wp:term":[{"taxonomy":"category","embeddable":true,"href":"https:\/\/www.tucomarca.com\/wordpress\/segunda\/ca\/wp-json\/wp\/v2\/categories?post=79478"},{"taxonomy":"post_tag","embeddable":true,"href":"https:\/\/www.tucomarca.com\/wordpress\/segunda\/ca\/wp-json\/wp\/v2\/tags?post=79478"}],"curies":[{"name":"wp","href":"https:\/\/api.w.org\/{rel}","templated":true}]}}