{"id":79651,"date":"2018-12-26T23:57:36","date_gmt":"2018-12-26T21:57:36","guid":{"rendered":"http:\/\/www.tucomarca.com\/wordpress\/segunda\/?p=79651"},"modified":"2018-12-26T23:57:36","modified_gmt":"2018-12-26T21:57:36","slug":"el-pavello-municipal-del-planell-de-bunyol-acull-el-i-trofeu-karate-yoshitaka-el-proper-19-de-gener","status":"publish","type":"post","link":"https:\/\/www.tucomarca.com\/wordpress\/segunda\/ca\/el-pavello-municipal-del-planell-de-bunyol-acull-el-i-trofeu-karate-yoshitaka-el-proper-19-de-gener\/","title":{"rendered":"El Pavell\u00f3 Municipal del Planell de Bunyol acull el I Trofeu Karate Yoshitaka el proper 19 de gener"},"content":{"rendered":"<figure id=\"attachment_79648\" aria-describedby=\"caption-attachment-79648\" style=\"width: 247px\" class=\"wp-caption alignleft\"><img loading=\"lazy\" decoding=\"async\" class=\" wp-image-79648\" src=\"http:\/\/www.tucomarca.com\/wordpress\/segunda\/wp-content\/uploads\/2018\/12\/TrofeoKarate-1.jpg\" alt=\"El Pabell\u00f3n Municipal del Planell de Bu\u00f1ol alberga el I Trofeo Karate Yoshitaka el pr\u00f3ximo 19 de enero.\" width=\"247\" height=\"347\" srcset=\"https:\/\/www.tucomarca.com\/wordpress\/segunda\/wp-content\/uploads\/2018\/12\/TrofeoKarate-1.jpg 1500w, https:\/\/www.tucomarca.com\/wordpress\/segunda\/wp-content\/uploads\/2018\/12\/TrofeoKarate-1-213x300.jpg 213w, https:\/\/www.tucomarca.com\/wordpress\/segunda\/wp-content\/uploads\/2018\/12\/TrofeoKarate-1-768x1080.jpg 768w, https:\/\/www.tucomarca.com\/wordpress\/segunda\/wp-content\/uploads\/2018\/12\/TrofeoKarate-1-728x1024.jpg 728w, https:\/\/www.tucomarca.com\/wordpress\/segunda\/wp-content\/uploads\/2018\/12\/TrofeoKarate-1-1024x1440.jpg 1024w\" sizes=\"auto, (max-width: 247px) 100vw, 247px\" \/><figcaption id=\"caption-attachment-79648\" class=\"wp-caption-text\">El Pavell\u00f3 Municipal del Planell de Bunyol acull el I Trofeu Karate Yoshitaka el proper 19 de gener.<\/figcaption><\/figure>\n<p><strong>Amb aquesta primera edici\u00f3 arrenca la programaci\u00f3 esportiva el 2019 a la localitat. Aquest primer trofeu est\u00e0 organitzat pel Club Karate Yoshitaka, el Gimn\u00e0s Heracles Gym i la Regidoria d&#8217;Esports de l&#8217;Ajuntament de Bunyol<\/strong><\/p>\n<p>El Club Karate Yoshitaka, el Gimn\u00e0s Heracles Gym i la Regidoria d&#8217;Esports de l&#8217;Ajuntament de Bu\u00f1ol organitzen el I Trofeu Karate Yoshitaka Bunyol el proper dissabte 19 de gener a les 10.30h al Pavell\u00f3 Municipal del Planell de la localitat.<\/p>\n<p>En aquesta primera edici\u00f3 poden participar totes les categories, des dels 3 fins als 14 anys. Les inscripcions ja estan obertes. Marta P\u00e9rez, regidor d&#8217;Esports del consistori bu\u00f1olense ha mostrat el seu m\u00e0xim suport a aquesta primera edici\u00f3, &#8220;fet que demostra l&#8217;aposta fort que des de l&#8217;Ajuntament estem fent per tots els esports presents a la localitat, i amb aix\u00f2 agrair el gran esfor\u00e7 que des el Club Karate Yoshitaka i el Gimn\u00e0s Heracles Gym fan per aquest gran esport &#8220;.<\/p>\n<p>En els \u00faltims anys el nombre d&#8217;interessats per aquest esport ha augmentat considerablement. Tant \u00e9s aix\u00ed que un gran nombre de nens i joves reben una excel\u00b7lent formaci\u00f3 a les instal\u00b7lacions del Gimn\u00e0s Heracles Gym de Bunyol.<\/p>\n<p>Una gran exhibici\u00f3 de Karate a la qual esportistes, professionals i experts del m\u00f3n del karate de la localitat, la comarca i la prov\u00edncia no poden faltar. El dissabte 19 de gener a les 10.30h al Pavell\u00f3 Municipal del Planell arrenca la programaci\u00f3 esportiva de la localitat amb el I Trofeu Karate Yoshitaka Bunyol.<\/p>\n","protected":false},"excerpt":{"rendered":"<div class=\"mh-excerpt\">Amb aquesta primera edici\u00f3 arrenca la programaci\u00f3 esportiva el 2019 a la localitat. Aquest primer trofeu est\u00e0 organitzat pel Club Karate Yoshitaka, el Gimn\u00e0s Heracles Gym i la Regidoria d&#8217;Esports de l&#8217;Ajuntament de Bunyol El <a class=\"mh-excerpt-more\" href=\"https:\/\/www.tucomarca.com\/wordpress\/segunda\/ca\/el-pavello-municipal-del-planell-de-bunyol-acull-el-i-trofeu-karate-yoshitaka-el-proper-19-de-gener\/\" title=\"El Pavell\u00f3 Municipal del Planell de Bunyol acull el I Trofeu Karate Yoshitaka el proper 19 de gener\">[+] <\/a><\/div>\n","protected":false},"author":2,"featured_media":79647,"comment_status":"open","ping_status":"open","sticky":false,"template":"","format":"standard","meta":{"footnotes":""},"categories":[10911,11003,10894,10912,11009,10896],"tags":[11158,11408,10914],"class_list":{"0":"post-79651","1":"post","2":"type-post","3":"status-publish","4":"format-standard","5":"has-post-thumbnail","7":"category-bunol-ca","8":"category-sports","9":"category-la-comarca-ca","10":"category-la-hoya-ca","11":"category-polideportivo-ca","12":"category-seccion-ca","13":"tag-ayuntamiento-de-bunol-ca","14":"tag-i-trofeo-karate-yoshitaka-ca","15":"tag-la-hoya-de-bunol-chiva-ca"},"_links":{"self":[{"href":"https:\/\/www.tucomarca.com\/wordpress\/segunda\/ca\/wp-json\/wp\/v2\/posts\/79651","targetHints":{"allow":["GET"]}}],"collection":[{"href":"https:\/\/www.tucomarca.com\/wordpress\/segunda\/ca\/wp-json\/wp\/v2\/posts"}],"about":[{"href":"https:\/\/www.tucomarca.com\/wordpress\/segunda\/ca\/wp-json\/wp\/v2\/types\/post"}],"author":[{"embeddable":true,"href":"https:\/\/www.tucomarca.com\/wordpress\/segunda\/ca\/wp-json\/wp\/v2\/users\/2"}],"replies":[{"embeddable":true,"href":"https:\/\/www.tucomarca.com\/wordpress\/segunda\/ca\/wp-json\/wp\/v2\/comments?post=79651"}],"version-history":[{"count":0,"href":"https:\/\/www.tucomarca.com\/wordpress\/segunda\/ca\/wp-json\/wp\/v2\/posts\/79651\/revisions"}],"wp:featuredmedia":[{"embeddable":true,"href":"https:\/\/www.tucomarca.com\/wordpress\/segunda\/ca\/wp-json\/wp\/v2\/media\/79647"}],"wp:attachment":[{"href":"https:\/\/www.tucomarca.com\/wordpress\/segunda\/ca\/wp-json\/wp\/v2\/media?parent=79651"}],"wp:term":[{"taxonomy":"category","embeddable":true,"href":"https:\/\/www.tucomarca.com\/wordpress\/segunda\/ca\/wp-json\/wp\/v2\/categories?post=79651"},{"taxonomy":"post_tag","embeddable":true,"href":"https:\/\/www.tucomarca.com\/wordpress\/segunda\/ca\/wp-json\/wp\/v2\/tags?post=79651"}],"curies":[{"name":"wp","href":"https:\/\/api.w.org\/{rel}","templated":true}]}}