{"id":79859,"date":"2019-01-11T22:13:25","date_gmt":"2019-01-11T20:13:25","guid":{"rendered":"http:\/\/www.tucomarca.com\/wordpress\/segunda\/riba-roja-desmiente-que-el-ayuntamiento-subvencione-la-compra-de-bicicletas-en-el-comercio-vinculado-a-un-concejal\/"},"modified":"2019-01-11T22:15:08","modified_gmt":"2019-01-11T20:15:08","slug":"riba-roja-desmiente-que-el-ayuntamiento-subvencione-la-compra-de-bicicletas-en-el-comercio-vinculado-a-un-concejal","status":"publish","type":"post","link":"https:\/\/www.tucomarca.com\/wordpress\/segunda\/ca\/riba-roja-desmiente-que-el-ayuntamiento-subvencione-la-compra-de-bicicletas-en-el-comercio-vinculado-a-un-concejal\/","title":{"rendered":"Riba-roja desmenteix que l&#8217;ajuntament subvencione la compra de bicicletes al comer\u00e7 vinculat a un regidor"},"content":{"rendered":"<figure id=\"attachment_79824\" aria-describedby=\"caption-attachment-79824\" style=\"width: 502px\" class=\"wp-caption alignleft\"><img loading=\"lazy\" decoding=\"async\" class=\" wp-image-79824\" src=\"http:\/\/www.tucomarca.com\/wordpress\/segunda\/wp-content\/uploads\/2019\/01\/Riba-rojaPleno.jpg\" alt=\"El gobierno ratifica su apuesta por las pol\u00edticas de sostenibilidad ambiental.\" width=\"502\" height=\"376\" srcset=\"https:\/\/www.tucomarca.com\/wordpress\/segunda\/wp-content\/uploads\/2019\/01\/Riba-rojaPleno.jpg 1600w, https:\/\/www.tucomarca.com\/wordpress\/segunda\/wp-content\/uploads\/2019\/01\/Riba-rojaPleno-300x225.jpg 300w, https:\/\/www.tucomarca.com\/wordpress\/segunda\/wp-content\/uploads\/2019\/01\/Riba-rojaPleno-768x576.jpg 768w, https:\/\/www.tucomarca.com\/wordpress\/segunda\/wp-content\/uploads\/2019\/01\/Riba-rojaPleno-1024x768.jpg 1024w\" sizes=\"auto, (max-width: 502px) 100vw, 502px\" \/><figcaption id=\"caption-attachment-79824\" class=\"wp-caption-text\">El govern ratifica la seva aposta per les pol\u00edtiques de sostenibilitat ambiental.<\/figcaption><\/figure>\n<p>L&#8217;equip de govern de l&#8217;Ajuntament de Riba-roja de T\u00faria -format pel PSPV, Comprom\u00eds i Esquerra Unida ha desmentit rotundament les acusacions del Partit Popular sobre el presumpte favoritisme del consistori a un comer\u00e7 de bicicletes vinculat al regidor de Promoci\u00f3 Econ\u00f2mica, Rafael Folgado, en relaci\u00f3 a la nova l\u00ednia de subvencions municipals per a la compra de bicicletes.<\/p>\n<p>L&#8217;executiu local subratlla que les bases per a la concessi\u00f3 dels ajuts per a la compra de bicicletes, bicicletes el\u00e8ctriques i kits de conversi\u00f3 de bicicletes urbanes en el\u00e8ctriques han estat desenvolupades pels t\u00e8cnics municipals del departament de Medi Ambient inclosos en el programa Eco-Riba, dedicat a la revaloritzaci\u00f3 del paisatge de Riba-roja de T\u00faria per connectar les infraestructures verdes a trav\u00e9s de les estrat\u00e8gies basades en l&#8217;efici\u00e8ncia i en l&#8217;educaci\u00f3.<\/p>\n<p>El govern de Riba-roja ha assegurat que les ajudes han estat aprovades per la Junta de Govern municipal a proposta del departament de Medi Ambient i els t\u00e8cnics municipals &#8220;forma part de les pol\u00edtiques de sostenibilitat ambiental que aquest govern est\u00e0 desenvolupant al llarg d&#8217;aquesta legislatura, tant per part de l&#8217;ajuntament com per la resta de la societat civil &#8220;.<\/p>\n<p>L&#8217;objectiu de les subvencions a les bicicletes passa per reduir les emissions de CO2, una millora de la salut de la poblaci\u00f3 mitjan\u00e7ant l&#8217;estimulaci\u00f3 de l&#8217;exercici actiu i continuat i, finalment, una millora notable en el tr\u00e0nsit viari i la mobilitat individual. Els requisits per optar a la concessi\u00f3 les persones amb domicili a la localitat que hagin comprat una bicicleta entre l&#8217;1 de desembre passat i el proper 30 de gener.<\/p>\n<p>Entre els criteris dissenyats per a la concessi\u00f3 cal destacar la prioritat entre els objectes subvencionats com la compra del kit el\u00e8ctric, les bicicletes el\u00e8ctriques, les convencionals, l&#8217;adquisici\u00f3 en petits comer\u00e7os de la localitat, els comer\u00e7os adherits a les associacions de Riba-roja, per el nombre d&#8217;integrants de la unitat familiar o per a usuaris amb discapacitat igual o superior al 33%. Les bicicletes es poden adquirir a qualsevol botiga no nom\u00e9s del municipi sin\u00f3 de qualsevol altre.<\/p>\n<p>El regidor Rafael Folgado ha denunciat &#8220;una campanya barroera i mesquina del Partit Popular per intentar obtenir r\u00e8dits electorals utilitzant per a aix\u00f2 les cal\u00famnies i el desprestigi de l&#8217;equip govern i, a m\u00e9s, no aporta cap argument ni dada, la seva escassa capacitat per aportar projectes i propostes en aquesta legislatura per millorar el nostre municipi els porta a mentir descaradament &#8220;.<\/p>\n<p>Folgado ha recordat que des de l&#8217;any 2017 &#8220;vaig deixar de formar part de l&#8217;esmentat negoci familiar, a m\u00e9s des que vaig prendre possessi\u00f3 de l&#8217;acta al juny de 2015 vaig donar ordres taxatives a tots els departaments municipals perqu\u00e8 no es compr\u00e9s cap article o producte a aquesta botiga, tal com es pot ratificar per part de la intervenci\u00f3 municipal &#8220;.<\/p>\n<p>&#8220;Les cr\u00edtiques del Partit Popular s\u00f3n exactament el dibuix sobre la realitat que es va viure al llarg dels 20 anys de mandat al capdavant de l&#8217;ajuntament, entre els anys 1995 i 2015, en els quals era pr\u00e0ctica habitual comprar amb diners p\u00fablics a les botigues , els comer\u00e7os i els negocis vinculats amb familiars dels propis regidors de l&#8217;ajuntament &#8220;, ha afegit Folgado.<\/p>\n<p>L&#8217;equip de govern ha enumerat algunes dels projectes de sostenibilitat ambiental executats en aquesta legislatura com les subvencions per a la rehabilitaci\u00f3 de fa\u00e7anes, la compra de vehicles el\u00e8ctrics i h\u00edbrids per als departaments de la policia o als bonificaci\u00f3 del transport p\u00fablic, entre altres.<\/p>\n","protected":false},"excerpt":{"rendered":"<div class=\"mh-excerpt\">L&#8217;equip de govern de l&#8217;Ajuntament de Riba-roja de T\u00faria -format pel PSPV, Comprom\u00eds i Esquerra Unida ha desmentit rotundament les acusacions del Partit Popular sobre el presumpte favoritisme del consistori a un comer\u00e7 de bicicletes <a class=\"mh-excerpt-more\" href=\"https:\/\/www.tucomarca.com\/wordpress\/segunda\/ca\/riba-roja-desmiente-que-el-ayuntamiento-subvencione-la-compra-de-bicicletas-en-el-comercio-vinculado-a-un-concejal\/\" title=\"Riba-roja desmenteix que l&#8217;ajuntament subvencione la compra de bicicletes al comer\u00e7 vinculat a un regidor\">[+] <\/a><\/div>\n","protected":false},"author":1,"featured_media":79825,"comment_status":"open","ping_status":"open","sticky":false,"template":"","format":"standard","meta":{"footnotes":""},"categories":[10892,10898,10948,10894,10947,10906,10896],"tags":[10899,11102],"class_list":{"0":"post-79859","1":"post","2":"type-post","3":"status-publish","4":"format-standard","5":"has-post-thumbnail","7":"category-camp-de-turia-ca","8":"category-ventana-ca","9":"category-infraestructuras-ca","10":"category-la-comarca-ca","11":"category-politica","12":"category-riba-roja-ca","13":"category-seccion-ca","14":"tag-camp-de-turia-ca","15":"tag-riba-roja-2-ca"},"_links":{"self":[{"href":"https:\/\/www.tucomarca.com\/wordpress\/segunda\/ca\/wp-json\/wp\/v2\/posts\/79859","targetHints":{"allow":["GET"]}}],"collection":[{"href":"https:\/\/www.tucomarca.com\/wordpress\/segunda\/ca\/wp-json\/wp\/v2\/posts"}],"about":[{"href":"https:\/\/www.tucomarca.com\/wordpress\/segunda\/ca\/wp-json\/wp\/v2\/types\/post"}],"author":[{"embeddable":true,"href":"https:\/\/www.tucomarca.com\/wordpress\/segunda\/ca\/wp-json\/wp\/v2\/users\/1"}],"replies":[{"embeddable":true,"href":"https:\/\/www.tucomarca.com\/wordpress\/segunda\/ca\/wp-json\/wp\/v2\/comments?post=79859"}],"version-history":[{"count":0,"href":"https:\/\/www.tucomarca.com\/wordpress\/segunda\/ca\/wp-json\/wp\/v2\/posts\/79859\/revisions"}],"wp:featuredmedia":[{"embeddable":true,"href":"https:\/\/www.tucomarca.com\/wordpress\/segunda\/ca\/wp-json\/wp\/v2\/media\/79825"}],"wp:attachment":[{"href":"https:\/\/www.tucomarca.com\/wordpress\/segunda\/ca\/wp-json\/wp\/v2\/media?parent=79859"}],"wp:term":[{"taxonomy":"category","embeddable":true,"href":"https:\/\/www.tucomarca.com\/wordpress\/segunda\/ca\/wp-json\/wp\/v2\/categories?post=79859"},{"taxonomy":"post_tag","embeddable":true,"href":"https:\/\/www.tucomarca.com\/wordpress\/segunda\/ca\/wp-json\/wp\/v2\/tags?post=79859"}],"curies":[{"name":"wp","href":"https:\/\/api.w.org\/{rel}","templated":true}]}}