{"id":80102,"date":"2019-01-16T21:02:45","date_gmt":"2019-01-16T19:02:45","guid":{"rendered":"http:\/\/www.tucomarca.com\/wordpress\/segunda\/?p=80102"},"modified":"2019-01-16T21:02:45","modified_gmt":"2019-01-16T19:02:45","slug":"el-ballet-sobre-gel-del-palau-de-gel-de-moscou-representa-a-bunyol-i-requena-lespectacle-la-bella-i-la-bestia","status":"publish","type":"post","link":"https:\/\/www.tucomarca.com\/wordpress\/segunda\/ca\/el-ballet-sobre-gel-del-palau-de-gel-de-moscou-representa-a-bunyol-i-requena-lespectacle-la-bella-i-la-bestia\/","title":{"rendered":"El Ballet sobre gel del Palau de Gel de Moscou representa a Bunyol i Requena l&#8217;espectacle &#8220;La Bella i la B\u00e8stia&#8221;"},"content":{"rendered":"<figure id=\"attachment_80098\" aria-describedby=\"caption-attachment-80098\" style=\"width: 310px\" class=\"wp-caption alignleft\"><img loading=\"lazy\" decoding=\"async\" class=\" wp-image-80098\" src=\"http:\/\/www.tucomarca.com\/wordpress\/segunda\/wp-content\/uploads\/2019\/01\/BellaBestia.jpg\" alt=\"El Ballet sobre hielo del Palacio de Hielo de Mosc\u00fa, representa en Bu\u00f1ol y Requena el espect\u00e1culo La Bella y la Bestia.\" width=\"310\" height=\"351\" srcset=\"https:\/\/www.tucomarca.com\/wordpress\/segunda\/wp-content\/uploads\/2019\/01\/BellaBestia.jpg 621w, https:\/\/www.tucomarca.com\/wordpress\/segunda\/wp-content\/uploads\/2019\/01\/BellaBestia-265x300.jpg 265w\" sizes=\"auto, (max-width: 310px) 100vw, 310px\" \/><figcaption id=\"caption-attachment-80098\" class=\"wp-caption-text\">El Ballet sobre gel del Palau de Gel de Moscou, representa a Bunyol i Requena l&#8217;espectacle La Bella i la B\u00e8stia.<\/figcaption><\/figure>\n<p>Aquest dissabte, 19 de gener, a les 18,00 hores, el p\u00fablic de Bunyol va poder gaudir al teatre Montecarlo de l&#8217;espectacle del Ballet sobre gel del Palau de Moscou, dirigit per Dimitri Dimitrenko. L&#8217;endem\u00e0 ser\u00e0 el p\u00fablic de la localitat de Requena qui ho podr\u00e0 tamb\u00e9 gaudir, a les 18,00 hores, al teatre Principal de la localitat.<\/p>\n<p>El grup Barabu-Extremesound \u00e9s l&#8217;encarregat en exclusiva d&#8217;organitzar la gira per Espanya i Portugal que t\u00e9 previst visitar m\u00e9s de 90 ciutats fins a finals del mes de mar\u00e7 de 2019.<\/p>\n<p>Una magn\u00edfica i gran aposta que desperta any rere any molt\u00edssim inter\u00e8s entre programadors i, com no, una gran satisfacci\u00f3 per als molts amants del ballet i el patinatge art\u00edstic sobre gel.<\/p>\n<p>El reconegut Ballet sobre gel del Palau de Moscou compta amb Dmitri Dimitrenko en la seva direcci\u00f3, que despr\u00e9s de representar Ucra\u00efna en els Jocs Ol\u00edmpics es va establir a Moscou per impartir classes a alguns dels grans patinadors ol\u00edmpics que ha donat aquest pa\u00eds.<\/p>\n<p>Aquesta companyia, mundialment coneguda, va ser fundada a Moscou el 1990, i ha estat responsable de gires a Espanya i Portugal en qu\u00e8 participa un elenc de 14 patinadors, on inclouen a quatre primeres figures mundials incl\u00f2s el mateix director, per donar-li m\u00e9s interacci\u00f3 i for\u00e7a a l&#8217;espectacle se sumaran dos cantants en directe. Un total de elenc en gira entre t\u00e8cnics, muntadors, vestuari, cantants i patinadors de 25 artistes en ruta, que no deixaran indiferent al p\u00fablic que va poder assistir als espectacles programats per aquest mateix cap de setmana.<\/p>\n<p>\u00c9s important ressaltar que tot i ser un espectacle basat en el conte infantil tan conegut com entranyable, La Bella i la B\u00e8stia, \u00e9s un fant\u00e0stic espectacle tamb\u00e9 per a tot tipus de p\u00fablic familiar.<\/p>\n<p>Les entrades ja es poden comprar anticipades en els punts de venda de Bunyol del Bar Rosales, Graphic i Cafeteria Win&#8217;s, aix\u00ed com a taquilla el mateix dia i en l\u00ednia en <em>giglon.com<\/em>. Per a l&#8217;actuaci\u00f3 a Requena es poden adquirir a l&#8217;Oficina de Turisme, a taquilla el mateix dia i en l\u00ednia en <em>giglon.com<\/em>.<\/p>\n","protected":false},"excerpt":{"rendered":"<div class=\"mh-excerpt\">Aquest dissabte, 19 de gener, a les 18,00 hores, el p\u00fablic de Bunyol va poder gaudir al teatre Montecarlo de l&#8217;espectacle del Ballet sobre gel del Palau de Moscou, dirigit per Dimitri Dimitrenko. L&#8217;endem\u00e0 ser\u00e0 <a class=\"mh-excerpt-more\" href=\"https:\/\/www.tucomarca.com\/wordpress\/segunda\/ca\/el-ballet-sobre-gel-del-palau-de-gel-de-moscou-representa-a-bunyol-i-requena-lespectacle-la-bella-i-la-bestia\/\" title=\"El Ballet sobre gel del Palau de Gel de Moscou representa a Bunyol i Requena l&#8217;espectacle &#8220;La Bella i la B\u00e8stia&#8221;\">[+] <\/a><\/div>\n","protected":false},"author":2,"featured_media":80099,"comment_status":"open","ping_status":"open","sticky":false,"template":"","format":"standard","meta":{"footnotes":""},"categories":[11019,10911,10898,10912,11007,10908,10909,10896],"tags":[11428,11314,10910],"class_list":{"0":"post-80102","1":"post","2":"type-post","3":"status-publish","4":"format-standard","5":"has-post-thumbnail","7":"category-agenda-ca","8":"category-bunol-ca","9":"category-ventana-ca","10":"category-la-hoya-ca","11":"category-ocio-y-cultura-ca","12":"category-requena-ca","13":"category-requena-utiel-ca","14":"category-seccion-ca","15":"tag-ballet-sobre-hielo-del-palacio-de-moscu-ca","16":"tag-bunyol-ca","17":"tag-requena-utiel-ca"},"_links":{"self":[{"href":"https:\/\/www.tucomarca.com\/wordpress\/segunda\/ca\/wp-json\/wp\/v2\/posts\/80102","targetHints":{"allow":["GET"]}}],"collection":[{"href":"https:\/\/www.tucomarca.com\/wordpress\/segunda\/ca\/wp-json\/wp\/v2\/posts"}],"about":[{"href":"https:\/\/www.tucomarca.com\/wordpress\/segunda\/ca\/wp-json\/wp\/v2\/types\/post"}],"author":[{"embeddable":true,"href":"https:\/\/www.tucomarca.com\/wordpress\/segunda\/ca\/wp-json\/wp\/v2\/users\/2"}],"replies":[{"embeddable":true,"href":"https:\/\/www.tucomarca.com\/wordpress\/segunda\/ca\/wp-json\/wp\/v2\/comments?post=80102"}],"version-history":[{"count":0,"href":"https:\/\/www.tucomarca.com\/wordpress\/segunda\/ca\/wp-json\/wp\/v2\/posts\/80102\/revisions"}],"wp:featuredmedia":[{"embeddable":true,"href":"https:\/\/www.tucomarca.com\/wordpress\/segunda\/ca\/wp-json\/wp\/v2\/media\/80099"}],"wp:attachment":[{"href":"https:\/\/www.tucomarca.com\/wordpress\/segunda\/ca\/wp-json\/wp\/v2\/media?parent=80102"}],"wp:term":[{"taxonomy":"category","embeddable":true,"href":"https:\/\/www.tucomarca.com\/wordpress\/segunda\/ca\/wp-json\/wp\/v2\/categories?post=80102"},{"taxonomy":"post_tag","embeddable":true,"href":"https:\/\/www.tucomarca.com\/wordpress\/segunda\/ca\/wp-json\/wp\/v2\/tags?post=80102"}],"curies":[{"name":"wp","href":"https:\/\/api.w.org\/{rel}","templated":true}]}}