{"id":80142,"date":"2019-01-16T21:22:24","date_gmt":"2019-01-16T19:22:24","guid":{"rendered":"http:\/\/www.tucomarca.com\/wordpress\/segunda\/?p=80142"},"modified":"2019-01-16T21:22:24","modified_gmt":"2019-01-16T19:22:24","slug":"la-primera-fase-de-la-posada-en-marxa-del-pla-docupacio-finalitza-amb-lalta-de-dos-emprenedors-de-xest","status":"publish","type":"post","link":"https:\/\/www.tucomarca.com\/wordpress\/segunda\/ca\/la-primera-fase-de-la-posada-en-marxa-del-pla-docupacio-finalitza-amb-lalta-de-dos-emprenedors-de-xest\/","title":{"rendered":"La primera fase de la posada en marxa del Pla d&#8217;Ocupaci\u00f3 finalitza amb l&#8217;alta de dos emprenedors de Xest"},"content":{"rendered":"<div class=\"\">\n<p>El passat mes d&#8217;octubre es presentava el Pla d&#8217;ocupaci\u00f3 de la localitat, un estudi impulsat per la regidoria d&#8217;Ocupaci\u00f3, sobre els aturats de Xest i els perfils demandats per les empreses, aix\u00ed com sobre els n\u00ednxols de mercat per a nous emprenedors, les possibilitats de millora dels actuals negocis i les necessitats de formaci\u00f3 dels aturats i aturades per encaixar en el mercat laboral.<\/p>\n<p>A partir d&#8217;aquest estudi s&#8217;han posat en marxa diferents estrat\u00e8gies, que s&#8217;han hagut de dividir en fases en funci\u00f3 dels exercicis pressupostaris. Aix\u00ed, la primera fase s&#8217;ha desenvolupat fins a finals de 2018, en tot just un mes i mig, i ha acabat amb dues altes d&#8217;aut\u00f2noms a Xest, als quals se&#8217;ls subvencionar\u00e0 la quota mensual durant un any. &#8220;Un dels nous negocis s&#8217;ubica en l&#8217;\u00e0mbit immobiliari i l&#8217;altre es dedica a l&#8217;elaboraci\u00f3 de plans contra la Viol\u00e8ncia de G\u00e8nere&#8221;, explica el regidor d&#8217;Ocupaci\u00f3, Jos\u00e9 Vicente Guijarro. &#8220;Per a aquesta primera fase no hem comptat amb el marge suficient perqu\u00e8 s&#8217;hagin pogut realitzar contractacions, ja que, tot i que hi ha hagut set empreses interessades a contractar, els perfils que els hem ofert no han encaixat i no hi ha hagut temps de formar-los &#8220;.<\/p>\n<p>Com ha explicat Guijarro, en la segona fase, que comen\u00e7ar\u00e0 a mitjans de febrer, &#8220;els resultats seran millors, ja que durant 2019 no hi haur\u00e0 terminis l\u00edmit i, tant els aturats com les empreses, podran presentar les seves sol\u00b7licituds durant tot l&#8217;any&#8221;. A m\u00e9s, durant aquestes setmanes s&#8217;est\u00e0 treballant en la millora de les bases de les l\u00ednies de foment de l&#8217;ocupaci\u00f3 que contempla el pla.<\/p>\n<p>&#8220;Quant publiquem les bases de les ajudes previstes per a aquest any anem a enfocar-nos en assegurar-nos els perfils que demanen les empreses i en preparar el m\u00e9s r\u00e0pid possible als desocupats inscrits en el programa perqu\u00e8 puguin encaixar en les ofertes&#8221;, assenyala el regidor, &#8220;d&#8217;aquesta manera pensem aconseguir entre 20 i 30 contractes de personal local durant un any a jornada completa, temps en el qual l&#8217;empresa rebr\u00e0 per la nostra part una important bonificaci\u00f3&#8221;.<\/p>\n<p>Des de l&#8217;\u00e0rea d&#8217;Ocupaci\u00f3 de l&#8217;Ajuntament tamb\u00e9 s&#8217;espera que l&#8217;obertura de Lidl dins del parc empresarial Circuit de Xest, prevista per a aquest 2019, influeixi en la disminuci\u00f3 de l&#8217;atur a la localitat.<\/p>\n<p>&#8220;Treballarem perqu\u00e8, quan la plataforma de Lidl arrencada, els aturats i aturades de Xest, interessats a formar part d&#8217;aquesta empresa, estiguin prou preparats com per ajustar-se als perfils que es van a demanar&#8221;, apunta Guijarro. &#8220;Les perspectives s\u00f3n molt favorables i esperem que despr\u00e9s de 2019 aquesta l\u00ednia de foment de l&#8217;ocupaci\u00f3 local que hem empr\u00e8s es mantingui i es puguin aconseguir cada vegada millors resultats&#8221;.<\/p>\n<\/div>\n","protected":false},"excerpt":{"rendered":"<div class=\"mh-excerpt\">El passat mes d&#8217;octubre es presentava el Pla d&#8217;ocupaci\u00f3 de la localitat, un estudi impulsat per la regidoria d&#8217;Ocupaci\u00f3, sobre els aturats de Xest i els perfils demandats per les empreses, aix\u00ed com sobre els <a class=\"mh-excerpt-more\" href=\"https:\/\/www.tucomarca.com\/wordpress\/segunda\/ca\/la-primera-fase-de-la-posada-en-marxa-del-pla-docupacio-finalitza-amb-lalta-de-dos-emprenedors-de-xest\/\" title=\"La primera fase de la posada en marxa del Pla d&#8217;Ocupaci\u00f3 finalitza amb l&#8217;alta de dos emprenedors de Xest\">[+] <\/a><\/div>\n","protected":false},"author":1,"featured_media":80143,"comment_status":"open","ping_status":"open","sticky":false,"template":"","format":"standard","meta":{"footnotes":""},"categories":[10898,10948,10894,10912,10947,10896,10974],"tags":[11109],"class_list":{"0":"post-80142","1":"post","2":"type-post","3":"status-publish","4":"format-standard","5":"has-post-thumbnail","7":"category-ventana-ca","8":"category-infraestructuras-ca","9":"category-la-comarca-ca","10":"category-la-hoya-ca","11":"category-politica","12":"category-seccion-ca","13":"category-cheste-ca","14":"tag-xest"},"_links":{"self":[{"href":"https:\/\/www.tucomarca.com\/wordpress\/segunda\/ca\/wp-json\/wp\/v2\/posts\/80142","targetHints":{"allow":["GET"]}}],"collection":[{"href":"https:\/\/www.tucomarca.com\/wordpress\/segunda\/ca\/wp-json\/wp\/v2\/posts"}],"about":[{"href":"https:\/\/www.tucomarca.com\/wordpress\/segunda\/ca\/wp-json\/wp\/v2\/types\/post"}],"author":[{"embeddable":true,"href":"https:\/\/www.tucomarca.com\/wordpress\/segunda\/ca\/wp-json\/wp\/v2\/users\/1"}],"replies":[{"embeddable":true,"href":"https:\/\/www.tucomarca.com\/wordpress\/segunda\/ca\/wp-json\/wp\/v2\/comments?post=80142"}],"version-history":[{"count":0,"href":"https:\/\/www.tucomarca.com\/wordpress\/segunda\/ca\/wp-json\/wp\/v2\/posts\/80142\/revisions"}],"wp:featuredmedia":[{"embeddable":true,"href":"https:\/\/www.tucomarca.com\/wordpress\/segunda\/ca\/wp-json\/wp\/v2\/media\/80143"}],"wp:attachment":[{"href":"https:\/\/www.tucomarca.com\/wordpress\/segunda\/ca\/wp-json\/wp\/v2\/media?parent=80142"}],"wp:term":[{"taxonomy":"category","embeddable":true,"href":"https:\/\/www.tucomarca.com\/wordpress\/segunda\/ca\/wp-json\/wp\/v2\/categories?post=80142"},{"taxonomy":"post_tag","embeddable":true,"href":"https:\/\/www.tucomarca.com\/wordpress\/segunda\/ca\/wp-json\/wp\/v2\/tags?post=80142"}],"curies":[{"name":"wp","href":"https:\/\/api.w.org\/{rel}","templated":true}]}}