{"id":80291,"date":"2019-01-18T22:15:43","date_gmt":"2019-01-18T20:15:43","guid":{"rendered":"http:\/\/www.tucomarca.com\/wordpress\/segunda\/?p=80291"},"modified":"2019-01-18T22:15:43","modified_gmt":"2019-01-18T20:15:43","slug":"la-policia-local-de-xest-ja-compta-amb-un-nou-vehicle-hibrid","status":"publish","type":"post","link":"https:\/\/www.tucomarca.com\/wordpress\/segunda\/ca\/la-policia-local-de-xest-ja-compta-amb-un-nou-vehicle-hibrid\/","title":{"rendered":"La Policia Local de Xest ja compta amb un nou vehicle h\u00edbrid"},"content":{"rendered":"<div class=\"\">\n<figure id=\"attachment_80287\" aria-describedby=\"caption-attachment-80287\" style=\"width: 339px\" class=\"wp-caption alignleft\"><img loading=\"lazy\" decoding=\"async\" class=\" wp-image-80287\" src=\"http:\/\/www.tucomarca.com\/wordpress\/segunda\/wp-content\/uploads\/2019\/01\/hibridoCheste.jpg\" alt=\"Nuevo veh\u00edculo h\u00edbrido de la Polic\u00eda Local de Cheste.\" width=\"339\" height=\"254\" srcset=\"https:\/\/www.tucomarca.com\/wordpress\/segunda\/wp-content\/uploads\/2019\/01\/hibridoCheste.jpg 1600w, https:\/\/www.tucomarca.com\/wordpress\/segunda\/wp-content\/uploads\/2019\/01\/hibridoCheste-300x225.jpg 300w, https:\/\/www.tucomarca.com\/wordpress\/segunda\/wp-content\/uploads\/2019\/01\/hibridoCheste-768x576.jpg 768w, https:\/\/www.tucomarca.com\/wordpress\/segunda\/wp-content\/uploads\/2019\/01\/hibridoCheste-1024x768.jpg 1024w\" sizes=\"auto, (max-width: 339px) 100vw, 339px\" \/><figcaption id=\"caption-attachment-80287\" class=\"wp-caption-text\">Nou vehicle h\u00edbrid de la Policia Local de Xest.<\/figcaption><\/figure>\n<p>L&#8217;Ajuntament de Xest ha incorporat, en la modalitat de renting, un nou vehicle h\u00edbrid per a la Policia Local, que substituir\u00e0 l&#8217;anterior model que funcionava exclusivament amb combustible. Es tracta d&#8217;un Hyundai RAV4 amb les \u00faltimes novetats en equipament policial, com un etil\u00f2metre evidencial, un desfibril\u00b7lador, una taula de treball, un ordinador i un prioritari que incorpora un panell informatiu d&#8217;\u00faltima generaci\u00f3.<br \/>\nAquest cotxe funciona amb electricitat per sota dels 40 quil\u00f2metres per hora, usant combustible per sobre d&#8217;aquestes velocitats o quan la bateria el\u00e8ctrica est\u00e0 descarregada. Tal com informen des de la policia, el vehicle s&#8217;utilitzar\u00e0 principalment dins el nucli urb\u00e0, de manera que funcionar\u00e0 a for\u00e7a d&#8217;electricitat a la major part del seu \u00fas.<\/p>\n<p>&#8220;Aquest cotxe ofereix unes majors prestacions, compta amb un equipament que facilitar\u00e0 la tasca dels i les agents i, a m\u00e9s, \u00e9s molt m\u00e9s respectu\u00f3s amb el medi ambient que el model anterior i ens permetr\u00e0 estalviar en combustible&#8221;, apunta l&#8217;alcalde, Jos\u00e9 Morell. La substituci\u00f3 dels vehicles m\u00e9s antics per models h\u00edbrids d&#8217;aquestes caracter\u00edstiques va ser aprovada per unanimitat en ple, arran d&#8217;una moci\u00f3 presentada pel Partit Popular. &#8220;\u00c9s un tema en el qual hi ha un ampli acord per part de tota la corporaci\u00f3 municipal&#8221;, declara l&#8217;alcalde.<\/p>\n<\/div>\n","protected":false},"excerpt":{"rendered":"<div class=\"mh-excerpt\">L&#8217;Ajuntament de Xest ha incorporat, en la modalitat de renting, un nou vehicle h\u00edbrid per a la Policia Local, que substituir\u00e0 l&#8217;anterior model que funcionava exclusivament amb combustible. Es tracta d&#8217;un Hyundai RAV4 amb les <a class=\"mh-excerpt-more\" href=\"https:\/\/www.tucomarca.com\/wordpress\/segunda\/ca\/la-policia-local-de-xest-ja-compta-amb-un-nou-vehicle-hibrid\/\" title=\"La Policia Local de Xest ja compta amb un nou vehicle h\u00edbrid\">[+] <\/a><\/div>\n","protected":false},"author":2,"featured_media":80288,"comment_status":"open","ping_status":"open","sticky":false,"template":"","format":"standard","meta":{"footnotes":""},"categories":[10948,10894,10912,10896,10974],"tags":[11222,10914],"class_list":{"0":"post-80291","1":"post","2":"type-post","3":"status-publish","4":"format-standard","5":"has-post-thumbnail","7":"category-infraestructuras-ca","8":"category-la-comarca-ca","9":"category-la-hoya-ca","10":"category-seccion-ca","11":"category-cheste-ca","12":"tag-ayuntamiento-de-cheste-ca","13":"tag-la-hoya-de-bunol-chiva-ca"},"_links":{"self":[{"href":"https:\/\/www.tucomarca.com\/wordpress\/segunda\/ca\/wp-json\/wp\/v2\/posts\/80291","targetHints":{"allow":["GET"]}}],"collection":[{"href":"https:\/\/www.tucomarca.com\/wordpress\/segunda\/ca\/wp-json\/wp\/v2\/posts"}],"about":[{"href":"https:\/\/www.tucomarca.com\/wordpress\/segunda\/ca\/wp-json\/wp\/v2\/types\/post"}],"author":[{"embeddable":true,"href":"https:\/\/www.tucomarca.com\/wordpress\/segunda\/ca\/wp-json\/wp\/v2\/users\/2"}],"replies":[{"embeddable":true,"href":"https:\/\/www.tucomarca.com\/wordpress\/segunda\/ca\/wp-json\/wp\/v2\/comments?post=80291"}],"version-history":[{"count":0,"href":"https:\/\/www.tucomarca.com\/wordpress\/segunda\/ca\/wp-json\/wp\/v2\/posts\/80291\/revisions"}],"wp:featuredmedia":[{"embeddable":true,"href":"https:\/\/www.tucomarca.com\/wordpress\/segunda\/ca\/wp-json\/wp\/v2\/media\/80288"}],"wp:attachment":[{"href":"https:\/\/www.tucomarca.com\/wordpress\/segunda\/ca\/wp-json\/wp\/v2\/media?parent=80291"}],"wp:term":[{"taxonomy":"category","embeddable":true,"href":"https:\/\/www.tucomarca.com\/wordpress\/segunda\/ca\/wp-json\/wp\/v2\/categories?post=80291"},{"taxonomy":"post_tag","embeddable":true,"href":"https:\/\/www.tucomarca.com\/wordpress\/segunda\/ca\/wp-json\/wp\/v2\/tags?post=80291"}],"curies":[{"name":"wp","href":"https:\/\/api.w.org\/{rel}","templated":true}]}}