{"id":80359,"date":"2019-01-22T14:03:10","date_gmt":"2019-01-22T12:03:10","guid":{"rendered":"http:\/\/www.tucomarca.com\/wordpress\/segunda\/?p=80359"},"modified":"2019-01-22T14:03:38","modified_gmt":"2019-01-22T12:03:38","slug":"oberta-la-segona-i-penultima-convocatoria-dels-ajuts-leader","status":"publish","type":"post","link":"https:\/\/www.tucomarca.com\/wordpress\/segunda\/ca\/oberta-la-segona-i-penultima-convocatoria-dels-ajuts-leader\/","title":{"rendered":"Oberta la segona (i pen\u00faltima) convocat\u00f2ria dels ajuts LEADER"},"content":{"rendered":"<figure id=\"attachment_80350\" aria-describedby=\"caption-attachment-80350\" style=\"width: 220px\" class=\"wp-caption alignleft\"><img loading=\"lazy\" decoding=\"async\" class=\" wp-image-80350\" src=\"http:\/\/www.tucomarca.com\/wordpress\/segunda\/wp-content\/uploads\/2019\/01\/LOGORURABLE.jpg\" alt=\"Abierta la segunda (y pen\u00faltima) convocatoria de las ayudas LEADER.\" width=\"220\" height=\"211\" \/><figcaption id=\"caption-attachment-80350\" class=\"wp-caption-text\">Oberta la segona (i pen\u00faltima) convocat\u00f2ria dels ajuts LEADER.<\/figcaption><\/figure>\n<p><strong>Ja s&#8217;han publicat al Diari Oficial de la Comunitat Valenciana les bases per conc\u00f3rrer a les Ajudes LEADER. \u00c9s la segona i pen\u00faltima oportunitat d&#8217;aconseguir suports per fer realitat o ampliar projectes empresarials al territori de RURABLE<\/strong><\/p>\n<p>Els ajuts que es publiquen avui al DOCV s&#8217;emmarquen en el Pla LEADER 2014-2020 i tenen com a objectiu el desenvolupament econ\u00f2mic i social del medi rural valenci\u00e0. Es tracta de la segona vegada que s&#8217;obre el termini de presentaci\u00f3 i ser\u00e0 tamb\u00e9 la pen\u00faltima de l&#8217;actual tram temporal. La tercera i \u00faltima s&#8217;espera que es publiqui a finals de 2019, probablement al desembre. Despr\u00e9s d&#8217;aquesta data ja no comptarem amb fons LEADER fins a l&#8217;any 2023 aproximadament per la qual cosa des RURABLE s&#8217;anima a tots els empresaris i emprenedors a valorar la presentaci\u00f3 de les seves candidatures.<\/p>\n<p>Les dades clau de la present convocat\u00f2ria s\u00f3n els seg\u00fcents:<\/p>\n<ul>\n<li>Subvencions a projectes no agr\u00edcoles: fins a 30.000 \u20ac per crear empreses i 15.000 \u20ac per a millorar-les. Amb suports espec\u00edfics per a trasllats.<\/li>\n<li>Per a empreses agroaliment\u00e0ries: fins a 20.000 \u20ac o 10.000 \u20ac (segons el tipus de projecte)<\/li>\n<li>Tamb\u00e9 es contemplen altres tipus d&#8217;ajuts: per a serveis b\u00e0sics, petites infraestructures tur\u00edstiques, etc que poden ser sol\u00b7licitades per ajuntaments i associacions.<\/li>\n<li>Data de presentaci\u00f3 de la documentaci\u00f3: fins al dia 28 de febrer<\/li>\n<li>Per rebre suport t\u00e8cnic de RURABLE \u00e9s imprescindible demanar cita pr\u00e8via per correu electr\u00f2nic (info@rurable.com) o per tel\u00e8fon: 96.217.35.86<\/li>\n<\/ul>\n<p>La convocat\u00f2ria oficial est\u00e0 ja penjada a la p\u00e0gina web de RURABLE:<\/p>\n<p>http:\/\/www.rurable.com\/wp-content\/uploads\/2018\/12\/2018_11953-segunda-convocartoria.pdf<\/p>\n<p>Contacte Rurable: info@rurable.com, tel\u00e8fon 96.217.35.86., C \/ Adarve, 5, Utiel<\/p>\n<p>M\u00e9s informaci\u00f3: www.rurable.com<\/p>\n<p>RRSS: https:\/\/www.facebook.com\/rurable\/<\/p>\n","protected":false},"excerpt":{"rendered":"<div class=\"mh-excerpt\">Ja s&#8217;han publicat al Diari Oficial de la Comunitat Valenciana les bases per conc\u00f3rrer a les Ajudes LEADER. \u00c9s la segona i pen\u00faltima oportunitat d&#8217;aconseguir suports per fer realitat o ampliar projectes empresarials al territori <a class=\"mh-excerpt-more\" href=\"https:\/\/www.tucomarca.com\/wordpress\/segunda\/ca\/oberta-la-segona-i-penultima-convocatoria-dels-ajuts-leader\/\" title=\"Oberta la segona (i pen\u00faltima) convocat\u00f2ria dels ajuts LEADER\">[+] <\/a><\/div>\n","protected":false},"author":2,"featured_media":80351,"comment_status":"open","ping_status":"open","sticky":false,"template":"","format":"standard","meta":{"footnotes":""},"categories":[11019,10951,10894,10912,10909,10896],"tags":[10914,11439,11440],"class_list":{"0":"post-80359","1":"post","2":"type-post","3":"status-publish","4":"format-standard","5":"has-post-thumbnail","7":"category-agenda-ca","8":"category-ayora-cofrentes-ca","9":"category-la-comarca-ca","10":"category-la-hoya-ca","11":"category-requena-utiel-ca","12":"category-seccion-ca","13":"tag-la-hoya-de-bunol-chiva-ca","14":"tag-plana-de-utiel-requena-ca","15":"tag-valle-de-ayora-cofrentes-ca"},"_links":{"self":[{"href":"https:\/\/www.tucomarca.com\/wordpress\/segunda\/ca\/wp-json\/wp\/v2\/posts\/80359","targetHints":{"allow":["GET"]}}],"collection":[{"href":"https:\/\/www.tucomarca.com\/wordpress\/segunda\/ca\/wp-json\/wp\/v2\/posts"}],"about":[{"href":"https:\/\/www.tucomarca.com\/wordpress\/segunda\/ca\/wp-json\/wp\/v2\/types\/post"}],"author":[{"embeddable":true,"href":"https:\/\/www.tucomarca.com\/wordpress\/segunda\/ca\/wp-json\/wp\/v2\/users\/2"}],"replies":[{"embeddable":true,"href":"https:\/\/www.tucomarca.com\/wordpress\/segunda\/ca\/wp-json\/wp\/v2\/comments?post=80359"}],"version-history":[{"count":0,"href":"https:\/\/www.tucomarca.com\/wordpress\/segunda\/ca\/wp-json\/wp\/v2\/posts\/80359\/revisions"}],"wp:featuredmedia":[{"embeddable":true,"href":"https:\/\/www.tucomarca.com\/wordpress\/segunda\/ca\/wp-json\/wp\/v2\/media\/80351"}],"wp:attachment":[{"href":"https:\/\/www.tucomarca.com\/wordpress\/segunda\/ca\/wp-json\/wp\/v2\/media?parent=80359"}],"wp:term":[{"taxonomy":"category","embeddable":true,"href":"https:\/\/www.tucomarca.com\/wordpress\/segunda\/ca\/wp-json\/wp\/v2\/categories?post=80359"},{"taxonomy":"post_tag","embeddable":true,"href":"https:\/\/www.tucomarca.com\/wordpress\/segunda\/ca\/wp-json\/wp\/v2\/tags?post=80359"}],"curies":[{"name":"wp","href":"https:\/\/api.w.org\/{rel}","templated":true}]}}