{"id":80465,"date":"2019-01-26T12:50:38","date_gmt":"2019-01-26T10:50:38","guid":{"rendered":"http:\/\/www.tucomarca.com\/wordpress\/segunda\/?p=80465"},"modified":"2019-01-26T12:50:38","modified_gmt":"2019-01-26T10:50:38","slug":"el-xiva-cf-defensara-el-seu-liderat-contra-el-tercer-el-torrefiel","status":"publish","type":"post","link":"https:\/\/www.tucomarca.com\/wordpress\/segunda\/ca\/el-xiva-cf-defensara-el-seu-liderat-contra-el-tercer-el-torrefiel\/","title":{"rendered":"El Xiva CF defensar\u00e0 el seu liderat contra el tercer, el Torrefiel"},"content":{"rendered":"<p>Despr\u00e9s d&#8217;una de les vict\u00f2ria m\u00e9s voluminosa de la hist\u00f2ria del CF Xiva per 18 gols a 0 contra el Sinarcas, els de Germ\u00e1n mantenen el liderat i volen celebrar-ho esportivament davant del Torrefiel, un rival que no s&#8217;ha de perdre de vista ja que va tercer i si et despistes, podria empatar amb Riba-roja per la lluita contra els chivanos pel liderat.<\/p>\n<p>Aix\u00ed que el millor seria superar-los i aix\u00ed no deixar que ning\u00fa se&#8217;t s&#8217;acosti massa de nou, a m\u00e9s \u00e9s ara per ara el Xiva CF l&#8217;equip menys golejat amb nom\u00e9s 6 gols encaixats. Informa, Ra\u00fal Miralles Lacalle @raulmks<\/p>\n","protected":false},"excerpt":{"rendered":"<div class=\"mh-excerpt\">Despr\u00e9s d&#8217;una de les vict\u00f2ria m\u00e9s voluminosa de la hist\u00f2ria del CF Xiva per 18 gols a 0 contra el Sinarcas, els de Germ\u00e1n mantenen el liderat i volen celebrar-ho esportivament davant del Torrefiel, un <a class=\"mh-excerpt-more\" href=\"https:\/\/www.tucomarca.com\/wordpress\/segunda\/ca\/el-xiva-cf-defensara-el-seu-liderat-contra-el-tercer-el-torrefiel\/\" title=\"El Xiva CF defensar\u00e0 el seu liderat contra el tercer, el Torrefiel\">[+] <\/a><\/div>\n","protected":false},"author":1,"featured_media":80398,"comment_status":"open","ping_status":"open","sticky":false,"template":"","format":"standard","meta":{"footnotes":""},"categories":[11015,11003,10898,10912,10896,10975],"tags":[11074,11264],"class_list":{"0":"post-80465","1":"post","2":"type-post","3":"status-publish","4":"format-standard","5":"has-post-thumbnail","7":"category-canal-futbol","8":"category-sports","9":"category-ventana-ca","10":"category-la-hoya-ca","11":"category-seccion-ca","12":"category-chiva-ca","13":"tag-deportes-ca","14":"tag-esports-ca"},"_links":{"self":[{"href":"https:\/\/www.tucomarca.com\/wordpress\/segunda\/ca\/wp-json\/wp\/v2\/posts\/80465","targetHints":{"allow":["GET"]}}],"collection":[{"href":"https:\/\/www.tucomarca.com\/wordpress\/segunda\/ca\/wp-json\/wp\/v2\/posts"}],"about":[{"href":"https:\/\/www.tucomarca.com\/wordpress\/segunda\/ca\/wp-json\/wp\/v2\/types\/post"}],"author":[{"embeddable":true,"href":"https:\/\/www.tucomarca.com\/wordpress\/segunda\/ca\/wp-json\/wp\/v2\/users\/1"}],"replies":[{"embeddable":true,"href":"https:\/\/www.tucomarca.com\/wordpress\/segunda\/ca\/wp-json\/wp\/v2\/comments?post=80465"}],"version-history":[{"count":0,"href":"https:\/\/www.tucomarca.com\/wordpress\/segunda\/ca\/wp-json\/wp\/v2\/posts\/80465\/revisions"}],"wp:featuredmedia":[{"embeddable":true,"href":"https:\/\/www.tucomarca.com\/wordpress\/segunda\/ca\/wp-json\/wp\/v2\/media\/80398"}],"wp:attachment":[{"href":"https:\/\/www.tucomarca.com\/wordpress\/segunda\/ca\/wp-json\/wp\/v2\/media?parent=80465"}],"wp:term":[{"taxonomy":"category","embeddable":true,"href":"https:\/\/www.tucomarca.com\/wordpress\/segunda\/ca\/wp-json\/wp\/v2\/categories?post=80465"},{"taxonomy":"post_tag","embeddable":true,"href":"https:\/\/www.tucomarca.com\/wordpress\/segunda\/ca\/wp-json\/wp\/v2\/tags?post=80465"}],"curies":[{"name":"wp","href":"https:\/\/api.w.org\/{rel}","templated":true}]}}