{"id":80564,"date":"2019-01-22T15:59:34","date_gmt":"2019-01-22T13:59:34","guid":{"rendered":"http:\/\/www.tucomarca.com\/wordpress\/segunda\/?p=80564"},"modified":"2019-01-22T15:59:34","modified_gmt":"2019-01-22T13:59:34","slug":"catala-oltra-dona-la-rao-al-pp-i-confirma-que-la-seua-politica-de-menors-ha-estat-un-fracas","status":"publish","type":"post","link":"https:\/\/www.tucomarca.com\/wordpress\/segunda\/ca\/catala-oltra-dona-la-rao-al-pp-i-confirma-que-la-seua-politica-de-menors-ha-estat-un-fracas\/","title":{"rendered":"Catal\u00e0: \u00abOltra d\u00f3na la ra\u00f3 al PP i confirma que la seua pol\u00edtica de menors ha estat un frac\u00e0s\u00bb"},"content":{"rendered":"<p>El Partit Popular de la Comunitat Valenciana ha assegurat avui que la vicepresidenta del Consell, M\u00f3nica Oltra, \u00abd\u00f3na la ra\u00f3 al PP i confirma que la seva pol\u00edtica de menors ha estat un frac\u00e0s despr\u00e9s d&#8217;assumir la petici\u00f3 feta pel PP perqu\u00e8 el centre torn\u00e9s a ser d&#8217;acollida \u00bb.<\/p>\n<p>Aix\u00ed, el PPCV recorda \u00abque en 2017, va liderar una campanya pol\u00edtica i social perqu\u00e8 la vicepresidenta torn\u00e9s al centre de Bunyol seva condici\u00f3 de centre d&#8217;acollida i busqu\u00e9s altres opcions que permet\u00e9s als menors es atesos amb garanties. Per aix\u00f2, va presentar nombroses iniciatives a l&#8217;ajuntament reclamant sentit com\u00fa a Oltra perqu\u00e8 es revert\u00eds la funci\u00f3 del centre. \u00c9s un centre col\u00b7lapsat -ha afegit- i el que ens preocupa ara \u00e9s que la vicepresid\u00e8ncia li deixi el marr\u00f3 a qu\u00e8 arribi. Encara sort que al PP tenim a molta gent molt formada en aquesta \u00e0rea per prendre mesures eficaces per protegir la inf\u00e0ncia \u00bb.<\/p>\n<p>\u00abDes de llavors, ni els informes de la Fiscalia, ni les den\u00fancies dels professionals, ni les dimissions dels responsables del centre, ni les baralles al municipi ni les greus incid\u00e8ncies li han fet reaccionar. Nom\u00e9s ha reaccionat quan s&#8217;acosten les eleccions. Nom\u00e9s quan fa cas al PP, encerta \u00bb.<\/p>\n<p>Per al PPCV, \u00e9s \u00abtrist que hi hagi reaccionat tan tard i hagi tirat per la borda un temps en qu\u00e8 els menors podrien haver viscut una altra realitat\u00bb.<\/p>\n<p>En aquest sentit, ha lamentat que els menors tutelats de la Generalitat \u00abhagin hagut de patir aquests vaivens sotmetent-los a una doble desprotecci\u00f3\u00bb. Aix\u00ed, ha recordat que el \u00abtancament del centre de Montolivet i la seva obsessi\u00f3 per traslladar-los a un centre que no reunia les condicions va ser el quil\u00f2metre zero dels seus errors que han pagat els m\u00e9s vulnerables\u00bb.<\/p>\n<p>\u00abEstem davant d&#8217;una esmena a la totalitat de la tasca de M\u00f3nica Oltra al capdavant de la pol\u00edtica de menors de la Generalitat, una gesti\u00f3 que ha portat al centre de Bunyol a suportar decisions improvisades, amuntegament, baralles i esc\u00e0ndols de tota mena\u00bb, ha finalitzat Mar\u00eda Jos\u00e9 Catal\u00e1.<\/p>\n","protected":false},"excerpt":{"rendered":"<div class=\"mh-excerpt\">El Partit Popular de la Comunitat Valenciana ha assegurat avui que la vicepresidenta del Consell, M\u00f3nica Oltra, \u00abd\u00f3na la ra\u00f3 al PP i confirma que la seva pol\u00edtica de menors ha estat un frac\u00e0s despr\u00e9s <a class=\"mh-excerpt-more\" href=\"https:\/\/www.tucomarca.com\/wordpress\/segunda\/ca\/catala-oltra-dona-la-rao-al-pp-i-confirma-que-la-seua-politica-de-menors-ha-estat-un-fracas\/\" title=\"Catal\u00e0: \u00abOltra d\u00f3na la ra\u00f3 al PP i confirma que la seua pol\u00edtica de menors ha estat un frac\u00e0s\u00bb\">[+] <\/a><\/div>\n","protected":false},"author":1,"featured_media":78763,"comment_status":"open","ping_status":"open","sticky":false,"template":"","format":"standard","meta":{"footnotes":""},"categories":[10911,10898,10948,10894,10904,10912,10947,10896,10897],"tags":[11314],"class_list":{"0":"post-80564","1":"post","2":"type-post","3":"status-publish","4":"format-standard","5":"has-post-thumbnail","7":"category-bunol-ca","8":"category-ventana-ca","9":"category-infraestructuras-ca","10":"category-la-comarca-ca","11":"category-sin-categorizar-ca","12":"category-la-hoya-ca","13":"category-politica","14":"category-seccion-ca","15":"category-sucesos-la-comarca-ca","16":"tag-bunyol-ca"},"_links":{"self":[{"href":"https:\/\/www.tucomarca.com\/wordpress\/segunda\/ca\/wp-json\/wp\/v2\/posts\/80564","targetHints":{"allow":["GET"]}}],"collection":[{"href":"https:\/\/www.tucomarca.com\/wordpress\/segunda\/ca\/wp-json\/wp\/v2\/posts"}],"about":[{"href":"https:\/\/www.tucomarca.com\/wordpress\/segunda\/ca\/wp-json\/wp\/v2\/types\/post"}],"author":[{"embeddable":true,"href":"https:\/\/www.tucomarca.com\/wordpress\/segunda\/ca\/wp-json\/wp\/v2\/users\/1"}],"replies":[{"embeddable":true,"href":"https:\/\/www.tucomarca.com\/wordpress\/segunda\/ca\/wp-json\/wp\/v2\/comments?post=80564"}],"version-history":[{"count":0,"href":"https:\/\/www.tucomarca.com\/wordpress\/segunda\/ca\/wp-json\/wp\/v2\/posts\/80564\/revisions"}],"wp:featuredmedia":[{"embeddable":true,"href":"https:\/\/www.tucomarca.com\/wordpress\/segunda\/ca\/wp-json\/wp\/v2\/media\/78763"}],"wp:attachment":[{"href":"https:\/\/www.tucomarca.com\/wordpress\/segunda\/ca\/wp-json\/wp\/v2\/media?parent=80564"}],"wp:term":[{"taxonomy":"category","embeddable":true,"href":"https:\/\/www.tucomarca.com\/wordpress\/segunda\/ca\/wp-json\/wp\/v2\/categories?post=80564"},{"taxonomy":"post_tag","embeddable":true,"href":"https:\/\/www.tucomarca.com\/wordpress\/segunda\/ca\/wp-json\/wp\/v2\/tags?post=80564"}],"curies":[{"name":"wp","href":"https:\/\/api.w.org\/{rel}","templated":true}]}}