{"id":80657,"date":"2019-01-25T19:37:12","date_gmt":"2019-01-25T17:37:12","guid":{"rendered":"http:\/\/www.tucomarca.com\/wordpress\/segunda\/?p=80657"},"modified":"2019-01-25T19:37:12","modified_gmt":"2019-01-25T17:37:12","slug":"el-pp-dalborache-alerta-que-la-localitat-no-te-infraestructures-ni-cossos-de-seguretat-per-a-albergar-el-centre-de-recepcio-de-menors","status":"publish","type":"post","link":"https:\/\/www.tucomarca.com\/wordpress\/segunda\/ca\/el-pp-dalborache-alerta-que-la-localitat-no-te-infraestructures-ni-cossos-de-seguretat-per-a-albergar-el-centre-de-recepcio-de-menors\/","title":{"rendered":"El PP d&#8217;Alborache alerta que la localitat no t\u00e9 infraestructures ni cossos de seguretat per a albergar el centre de recepci\u00f3 de menors"},"content":{"rendered":"<figure id=\"attachment_80653\" aria-describedby=\"caption-attachment-80653\" style=\"width: 596px\" class=\"wp-caption alignleft\"><img loading=\"lazy\" decoding=\"async\" class=\" wp-image-80653\" src=\"http:\/\/www.tucomarca.com\/wordpress\/segunda\/wp-content\/uploads\/2019\/01\/alberguealborache.jpg\" alt=\"El albergue de Alborache est\u00e1 ubicado en las afueras de la localidad.\" width=\"596\" height=\"447\" srcset=\"https:\/\/www.tucomarca.com\/wordpress\/segunda\/wp-content\/uploads\/2019\/01\/alberguealborache.jpg 1506w, https:\/\/www.tucomarca.com\/wordpress\/segunda\/wp-content\/uploads\/2019\/01\/alberguealborache-300x225.jpg 300w, https:\/\/www.tucomarca.com\/wordpress\/segunda\/wp-content\/uploads\/2019\/01\/alberguealborache-768x576.jpg 768w, https:\/\/www.tucomarca.com\/wordpress\/segunda\/wp-content\/uploads\/2019\/01\/alberguealborache-1024x768.jpg 1024w\" sizes=\"auto, (max-width: 596px) 100vw, 596px\" \/><figcaption id=\"caption-attachment-80653\" class=\"wp-caption-text\">El albergue de Alborache est\u00e1 ubicado en las afueras de la localidad.<\/figcaption><\/figure>\n<p>La portaveu del PP d&#8217;Alborache, Ver\u00f3nica Alcocer, ha alertat que la localitat &#8220;no t\u00e9 infraestructures ni cossos de seguretat per a albergar el centre de recepci\u00f3 de menors tutelats de la Comunitat Valenciana&#8221;.<\/p>\n<p>Alcocer ha explicat que actualment &#8220;l&#8217;\u00fanic que t\u00e9 Alborache \u00e9s un alberg juvenil que dep\u00e8n de l&#8217;IVAJ i que en cap cas t\u00e9 condicions adequades per esdevenir un centre de recepci\u00f3 de menors que ja hem vist a Bu\u00f1ol els problemes de seguretat que ha provocat &#8220;.<\/p>\n<p>Precisament aquest apartat \u00e9s un dels que m\u00e9s preocupa a Alborache, ja que ha recordat que &#8220;no tenim policia local ni Gu\u00e0rdia Civil. En Bunyol, on s&#8217;ha produ\u00eft un repunt de la delinq\u00fc\u00e8ncia derivada de la ubicaci\u00f3 del centre de menors, s\u00ed que tenen Casa Quarter de la Gu\u00e0rdia Civil i policia local per\u00f2 a Alborache som mil habitants i no tenim aquesta protecci\u00f3 &#8220;.<\/p>\n<p>La proximitat de les dues poblacions, tot just separades per sis quil\u00f2metres, &#8220;ha provocat que tothom a Alborache s\u00e0piga els problemes que s&#8217;han suscitat a Bu\u00f1ol&#8221;. \u00c9s per aix\u00f2, que &#8220;quan la vicepresidenta del Consell, M\u00f3nica Oltra, va deixar entreveure que aqu\u00ed es podria ubicar el centre de recepci\u00f3 de menors els ve\u00efns han mostrat molta preocupaci\u00f3 al respecte&#8221;.<\/p>\n<p>La portaveu del PP a Alborache ha reconegut que \u00e9s &#8220;necessari atendre els menors en les millors condicions, tenir projectes de reinserci\u00f3 i tamb\u00e9 que els ve\u00efns no pateixin l&#8217;alteraci\u00f3 de les seves vides com s\u00ed que ha passat a Bu\u00f1ol&#8221;.<\/p>\n<p><strong>\u00abUn metge de cap\u00e7alera\u00bb<\/strong><\/p>\n<p>&#8220;Com ja ha expressat la nostra presidenta regional, Isabel Bonig, el Consell est\u00e0 portant una gesti\u00f3 err\u00e0tica en aquest assumpte i no se solucionen les coses traslladant el problema d&#8217;un municipi a un altre&#8221;, ha advertit la portaveu.<\/p>\n<p>Ver\u00f3nica Alcocer ha reflexionat sobre la manca d&#8217;infraestructures a Alborache per a albergar un centre d&#8217;aquestes caracter\u00edstiques i ha destacat que &#8220;ni tan sols tenim un sistema d&#8217;atenci\u00f3 sanit\u00e0ria potent perqu\u00e8 tenim un metge de cap\u00e7alera i per a qualsevol circumst\u00e0ncia de major gravetat hem de despla\u00e7ar-nos a Bunyol en l&#8217;\u00fanica l\u00ednia d&#8217;autob\u00fas existent &#8220;.<\/p>\n<p>Finalment, ha recordat que dilluns que ve la vicepresidenta del Consell, M\u00f3nica Oltra, &#8220;mantindr\u00e0 una reuni\u00f3 amb l&#8217;alcaldessa d&#8217;Alborache per analitzar aquesta situaci\u00f3. Des del PP hem demanat que se&#8217;ns traslladi la intenci\u00f3 de la Generalitat amb claredat des del primer moment i que no es visqui una situaci\u00f3 tan complicada com la que han hagut de suportar aquests anys els ve\u00efns de Bunyol &#8220;.<\/p>\n","protected":false},"excerpt":{"rendered":"<div class=\"mh-excerpt\">La portaveu del PP d&#8217;Alborache, Ver\u00f3nica Alcocer, ha alertat que la localitat &#8220;no t\u00e9 infraestructures ni cossos de seguretat per a albergar el centre de recepci\u00f3 de menors tutelats de la Comunitat Valenciana&#8221;. Alcocer ha <a class=\"mh-excerpt-more\" href=\"https:\/\/www.tucomarca.com\/wordpress\/segunda\/ca\/el-pp-dalborache-alerta-que-la-localitat-no-te-infraestructures-ni-cossos-de-seguretat-per-a-albergar-el-centre-de-recepcio-de-menors\/\" title=\"El PP d&#8217;Alborache alerta que la localitat no t\u00e9 infraestructures ni cossos de seguretat per a albergar el centre de recepci\u00f3 de menors\">[+] <\/a><\/div>\n","protected":false},"author":1,"featured_media":80654,"comment_status":"open","ping_status":"open","sticky":false,"template":"","format":"standard","meta":{"footnotes":""},"categories":[10973,10898,10948,10894,10904,10912,10947,10895,10896,10897],"tags":[11224,11314,11446],"class_list":{"0":"post-80657","1":"post","2":"type-post","3":"status-publish","4":"format-standard","5":"has-post-thumbnail","7":"category-alborache-ca","8":"category-ventana-ca","9":"category-infraestructuras-ca","10":"category-la-comarca-ca","11":"category-sin-categorizar-ca","12":"category-la-hoya-ca","13":"category-politica","14":"category-premsavalenciana-ca","15":"category-seccion-ca","16":"category-sucesos-la-comarca-ca","17":"tag-alborache-ca","18":"tag-bunyol-ca","19":"tag-centre-menors"},"_links":{"self":[{"href":"https:\/\/www.tucomarca.com\/wordpress\/segunda\/ca\/wp-json\/wp\/v2\/posts\/80657","targetHints":{"allow":["GET"]}}],"collection":[{"href":"https:\/\/www.tucomarca.com\/wordpress\/segunda\/ca\/wp-json\/wp\/v2\/posts"}],"about":[{"href":"https:\/\/www.tucomarca.com\/wordpress\/segunda\/ca\/wp-json\/wp\/v2\/types\/post"}],"author":[{"embeddable":true,"href":"https:\/\/www.tucomarca.com\/wordpress\/segunda\/ca\/wp-json\/wp\/v2\/users\/1"}],"replies":[{"embeddable":true,"href":"https:\/\/www.tucomarca.com\/wordpress\/segunda\/ca\/wp-json\/wp\/v2\/comments?post=80657"}],"version-history":[{"count":0,"href":"https:\/\/www.tucomarca.com\/wordpress\/segunda\/ca\/wp-json\/wp\/v2\/posts\/80657\/revisions"}],"wp:featuredmedia":[{"embeddable":true,"href":"https:\/\/www.tucomarca.com\/wordpress\/segunda\/ca\/wp-json\/wp\/v2\/media\/80654"}],"wp:attachment":[{"href":"https:\/\/www.tucomarca.com\/wordpress\/segunda\/ca\/wp-json\/wp\/v2\/media?parent=80657"}],"wp:term":[{"taxonomy":"category","embeddable":true,"href":"https:\/\/www.tucomarca.com\/wordpress\/segunda\/ca\/wp-json\/wp\/v2\/categories?post=80657"},{"taxonomy":"post_tag","embeddable":true,"href":"https:\/\/www.tucomarca.com\/wordpress\/segunda\/ca\/wp-json\/wp\/v2\/tags?post=80657"}],"curies":[{"name":"wp","href":"https:\/\/api.w.org\/{rel}","templated":true}]}}