{"id":80707,"date":"2019-01-26T00:15:56","date_gmt":"2019-01-25T22:15:56","guid":{"rendered":"http:\/\/www.tucomarca.com\/wordpress\/segunda\/?p=80707"},"modified":"2019-01-26T00:15:56","modified_gmt":"2019-01-25T22:15:56","slug":"la-diputacio-acompanya-a-fitur-a-la-ribera-amb-la-paella-les-platges-la-cultura-i-les-festes-com-a-reclam","status":"publish","type":"post","link":"https:\/\/www.tucomarca.com\/wordpress\/segunda\/ca\/la-diputacio-acompanya-a-fitur-a-la-ribera-amb-la-paella-les-platges-la-cultura-i-les-festes-com-a-reclam\/","title":{"rendered":"La Diputaci\u00f3 acompanya a Fitur a la Ribera amb la paella, les platges, la cultura i les festes com a reclam"},"content":{"rendered":"<div class=\"\">\n<div class=\"\">\n<figure id=\"attachment_80704\" aria-describedby=\"caption-attachment-80704\" style=\"width: 504px\" class=\"wp-caption alignleft\"><img loading=\"lazy\" decoding=\"async\" class=\" wp-image-80704\" src=\"http:\/\/www.tucomarca.com\/wordpress\/segunda\/wp-content\/uploads\/2019\/01\/Algemesi2.jpg\" alt=\"Algemes\u00ed ha llevado a Fitur su proyecto cicloturista, aunque su punto fuerte vuelve a ser el turismo cultural que encabeza la Mare de D\u00e9u de la Salut.\" width=\"504\" height=\"307\" srcset=\"https:\/\/www.tucomarca.com\/wordpress\/segunda\/wp-content\/uploads\/2019\/01\/Algemesi2.jpg 5510w, https:\/\/www.tucomarca.com\/wordpress\/segunda\/wp-content\/uploads\/2019\/01\/Algemesi2-300x183.jpg 300w, https:\/\/www.tucomarca.com\/wordpress\/segunda\/wp-content\/uploads\/2019\/01\/Algemesi2-768x469.jpg 768w, https:\/\/www.tucomarca.com\/wordpress\/segunda\/wp-content\/uploads\/2019\/01\/Algemesi2-1024x625.jpg 1024w\" sizes=\"auto, (max-width: 504px) 100vw, 504px\" \/><figcaption id=\"caption-attachment-80704\" class=\"wp-caption-text\">Algemes\u00ed ha llevado a Fitur su proyecto cicloturista, aunque su punto fuerte vuelve a ser el turismo cultural que encabeza la Mare de D\u00e9u de la Salut.<\/figcaption><\/figure>\n<div>\n<blockquote class=\"\">\n<div class=\"\">\n<div class=\"\"><strong>El president, Toni Gaspar, i la vicepresidenta, M\u00aa Josep Amig\u00f3, recorren els espais de Cullera, Sueca, Algemes\u00ed i Carcaixent, representants d&#8217;una comarca que ja \u00e9s \u201cplat\u00f3 de cinema\u201d<\/strong><br class=\"\" \/><strong>El Pla de Dinamitzaci\u00f3 Tur\u00edstica de la Ribera Baixa ha creat noves rutes ciclotur\u00edstiques, un nou centre de formaci\u00f3 i l&#8217;aplicaci\u00f3 de noves tecnologies per a difondre els encants de la zona<\/strong><\/div>\n<\/div>\n<\/blockquote>\n<\/div>\n<\/div>\n<div class=\"\">\n<div class=\"\">\n<div class=\"\">\n<div>\n<div class=\"\">\n<div class=\"\">Els municipis de la Ribera no han estat sols a Fitur. El president i la vicepresidenta de la Diputaci\u00f3, Toni Gaspar i M\u00aa Josep Amig\u00f3, han recorregut un a un els espais que ocupen en la fira de refer\u00e8ncia del sector tur\u00edstic per a interessar-se per la seua oferta i refor\u00e7ar la difusi\u00f3 de les seues propostes culturals, gastron\u00f2miques i festives, sense oblidar les platges que constitueixen un dels grans reclams de la zona.<br class=\"\" \/><br class=\"\" \/>L&#8217;estand de Cullera d\u00f3na la benvinguda a tot aquell que accedeix al pavell\u00f3 7 de Fitur, amb el claim \u2018Cullera enamora\u2019. Ho fa amb unes platges que est\u00e0 desestacionalizant amb ajuda de la Diputaci\u00f3, els castells i palaus que formen part del circuit nacional, els cada vegada m\u00e9s habituals rodatges cinematogr\u00e0fics en el municipi i el Medusa, un dels festivals de refer\u00e8ncia en el panorama musical.<br class=\"\" \/><br class=\"\" \/>Quant a la paella, el plat valenci\u00e0 per excel\u00b7l\u00e8ncia i patrimoni universal, Cullera mant\u00e9 el pols per l&#8217;excel\u00b7l\u00e8ncia amb el ve\u00ed municipi de Sueca, que a m\u00e9s porta a la fira tur\u00edstica per excel\u00b7l\u00e8ncia la seua \u2018Ruta del modernisme\u2019, el museu Joan Fuster i la Mostra Internacional de M\u00edmica (MIM).<br class=\"\" \/><br class=\"\" \/>Algemes\u00ed ha portat a Fitur el seu projecte cicloturista, encara que el seu punt fort torna a ser el turisme cultural que encap\u00e7ala la Mare de D\u00e9u de la Salut. Com a curiositat, el pintor Jordi Mach\u00ed ha realitzat en directe un mural sobre el municipi i la Comunitat Valenciana, que ha cridat l&#8217;atenci\u00f3 dels visitants i els responsables provincials. Tamb\u00e9 Carcaixent ha estat present en Fitur amb la seua Fira Modernista, en la qual participa la Diputaci\u00f3, i l&#8217;esplendor de la taronja, una de les seues grans joies.<br class=\"\" \/><br class=\"\" \/><strong>Pla de dinamitzaci\u00f3<\/strong><br class=\"\" \/><br class=\"\" \/>La Diputaci\u00f3 de Val\u00e8ncia ve col\u00b7laborant amb la Ribera en mat\u00e8ria tur\u00edstica des del principi de la legislatura. Fruit d&#8217;aix\u00f2 \u00e9s el pla de Dinamitzaci\u00f3 i Governan\u00e7a Tur\u00edstica posat en marxa per la corporaci\u00f3 al costat de la Ag\u00e8ncia Valenciana de Turisme i la mancomunitat de la Ribera Baixa, que amb una inversi\u00f3 de 900.000 euros ha perm\u00e9s escometre projectes necessaris per a completar l&#8217;oferta dels municipis de la comarca amb noves rutes ciclotur\u00edsticas, un centre de formaci\u00f3 i l&#8217;aplicaci\u00f3 de les noves tecnologies.<br class=\"\" \/><br class=\"\" \/>Aquesta iniciativa ha perm\u00e9s crear una s\u00e8rie de rutes tur\u00edstiques, plantejades des de la triple perspectiva ciclista, per als vianants i eq\u00fcestre, que unisquen tots els municipis i vertebren la comarca. Paral\u00b7lelament, el pla ha contemplat la recuperaci\u00f3 i rehabilitaci\u00f3 del Mol\u00ed de Monsalv\u00e0, un antic mol\u00ed del segle XIV que utilitzava les aig\u00fces de la denominada \u2018Sequia del Rei\u2019.<br class=\"\" \/><br class=\"\" \/>L&#8217;aplicaci\u00f3 de les noves tecnologies als plans de promoci\u00f3 tur\u00edstica tamb\u00e9 ha sigut un altre dels objectius que s&#8217;ha marcat la Mancomunitat de la Ribera Baixa. En concret, s&#8217;ha treballat en la creaci\u00f3 d&#8217;una aplicaci\u00f3 inform\u00e0tica per a dispositius m\u00f2bils (app) que aglutina informaci\u00f3 sobre punts d&#8217;inter\u00e9s, gastronomia, senderisme, activitats esportives i culturals relacionada amb els diferents municipis de la comarca.<\/div>\n<\/div>\n<\/div>\n<\/div>\n<\/div>\n<\/div>\n<\/div>\n","protected":false},"excerpt":{"rendered":"<div class=\"mh-excerpt\">El president, Toni Gaspar, i la vicepresidenta, M\u00aa Josep Amig\u00f3, recorren els espais de Cullera, Sueca, Algemes\u00ed i Carcaixent, representants d&#8217;una comarca que ja \u00e9s \u201cplat\u00f3 de cinema\u201dEl Pla de Dinamitzaci\u00f3 Tur\u00edstica de la Ribera <a class=\"mh-excerpt-more\" href=\"https:\/\/www.tucomarca.com\/wordpress\/segunda\/ca\/la-diputacio-acompanya-a-fitur-a-la-ribera-amb-la-paella-les-platges-la-cultura-i-les-festes-com-a-reclam\/\" title=\"La Diputaci\u00f3 acompanya a Fitur a la Ribera amb la paella, les platges, la cultura i les festes com a reclam\">[+] <\/a><\/div>\n","protected":false},"author":2,"featured_media":80705,"comment_status":"open","ping_status":"open","sticky":false,"template":"","format":"standard","meta":{"footnotes":""},"categories":[10983,10898,10902,11007],"tags":[11246,11453],"class_list":{"0":"post-80707","1":"post","2":"type-post","3":"status-publish","4":"format-standard","5":"has-post-thumbnail","7":"category-algemesi-ca","8":"category-ventana-ca","9":"category-la-ribera-ca","10":"category-ocio-y-cultura-ca","11":"tag-diputacio-de-valencia-ca","12":"tag-la-ribera-baixa-ca"},"_links":{"self":[{"href":"https:\/\/www.tucomarca.com\/wordpress\/segunda\/ca\/wp-json\/wp\/v2\/posts\/80707","targetHints":{"allow":["GET"]}}],"collection":[{"href":"https:\/\/www.tucomarca.com\/wordpress\/segunda\/ca\/wp-json\/wp\/v2\/posts"}],"about":[{"href":"https:\/\/www.tucomarca.com\/wordpress\/segunda\/ca\/wp-json\/wp\/v2\/types\/post"}],"author":[{"embeddable":true,"href":"https:\/\/www.tucomarca.com\/wordpress\/segunda\/ca\/wp-json\/wp\/v2\/users\/2"}],"replies":[{"embeddable":true,"href":"https:\/\/www.tucomarca.com\/wordpress\/segunda\/ca\/wp-json\/wp\/v2\/comments?post=80707"}],"version-history":[{"count":0,"href":"https:\/\/www.tucomarca.com\/wordpress\/segunda\/ca\/wp-json\/wp\/v2\/posts\/80707\/revisions"}],"wp:featuredmedia":[{"embeddable":true,"href":"https:\/\/www.tucomarca.com\/wordpress\/segunda\/ca\/wp-json\/wp\/v2\/media\/80705"}],"wp:attachment":[{"href":"https:\/\/www.tucomarca.com\/wordpress\/segunda\/ca\/wp-json\/wp\/v2\/media?parent=80707"}],"wp:term":[{"taxonomy":"category","embeddable":true,"href":"https:\/\/www.tucomarca.com\/wordpress\/segunda\/ca\/wp-json\/wp\/v2\/categories?post=80707"},{"taxonomy":"post_tag","embeddable":true,"href":"https:\/\/www.tucomarca.com\/wordpress\/segunda\/ca\/wp-json\/wp\/v2\/tags?post=80707"}],"curies":[{"name":"wp","href":"https:\/\/api.w.org\/{rel}","templated":true}]}}