{"id":80767,"date":"2019-01-28T12:36:06","date_gmt":"2019-01-28T10:36:06","guid":{"rendered":"http:\/\/www.tucomarca.com\/wordpress\/segunda\/?p=80767"},"modified":"2019-01-28T12:36:06","modified_gmt":"2019-01-28T10:36:06","slug":"el-xiva-semporta-els-3-punts-de-torrefiel-en-lestirada-final-0-2-i-consolida-el-seu-liderat","status":"publish","type":"post","link":"https:\/\/www.tucomarca.com\/wordpress\/segunda\/ca\/el-xiva-semporta-els-3-punts-de-torrefiel-en-lestirada-final-0-2-i-consolida-el-seu-liderat\/","title":{"rendered":"El Xiva s&#8217;emporta els 3 punts de Torrefiel en l&#8217;estirada final (0-2) i consolida el seu liderat"},"content":{"rendered":"<p>Els de Germ\u00e1n no van gaudir de bona sort de cara a la porteria a la primera meitat, per aix\u00f2 van portar la batuta i els temps de la trobada, per\u00f2 sense passar a efectes majors. Per aix\u00f2 van ser conscients que escalfant aix\u00ed, a foc lent, abans o despr\u00e9s arribaria el bon efecte. Aix\u00f2 s\u00ed, el col\u00b7legiat amb una m\u00e0 bastant espavilada va assenyalar fins a cinc targetes grogues per part dels chivanos nom\u00e9s en 45 minuts.<\/p>\n<p>La segona meitat es van igualar una mica m\u00e9s els \u00e0nims, per\u00f2 aquest cop s\u00ed que els chivanos anaven posant en dificultats als locals; anaven avisant, fins que al minut 65, per fi, C\u00e9sar Lle\u00f3 aconseguia obrir el marcador i fer for\u00e7a just\u00edcia.<\/p>\n<p>Aix\u00f2 va animar bastant als de Germ\u00e1n, ja que veien que estava arribant a bon port el seu esfor\u00e7, \u00e9s per aix\u00f2 que despr\u00e9s van trigar poc a ampliar al doble el seu avantatge, aix\u00ed que es va fer valer el gol d&#8217;Alejandro Rodrigo al 79, el qual ja certificava i tancava la trobada amb un equip que quan millor va poder, va matar i va rematar per sentenciar i seguir afermant amunt.<\/p>\n<p>Despr\u00e9s de la vict\u00f2ria, el conjunt xiv\u00e0\u00a0segueix primer amb 48 punts. Informa, Ra\u00fal Miralles Lacalle @raulmks<\/p>\n","protected":false},"excerpt":{"rendered":"<div class=\"mh-excerpt\">Els de Germ\u00e1n no van gaudir de bona sort de cara a la porteria a la primera meitat, per aix\u00f2 van portar la batuta i els temps de la trobada, per\u00f2 sense passar a efectes <a class=\"mh-excerpt-more\" href=\"https:\/\/www.tucomarca.com\/wordpress\/segunda\/ca\/el-xiva-semporta-els-3-punts-de-torrefiel-en-lestirada-final-0-2-i-consolida-el-seu-liderat\/\" title=\"El Xiva s&#8217;emporta els 3 punts de Torrefiel en l&#8217;estirada final (0-2) i consolida el seu liderat\">[+] <\/a><\/div>\n","protected":false},"author":1,"featured_media":75292,"comment_status":"open","ping_status":"open","sticky":false,"template":"","format":"standard","meta":{"footnotes":""},"categories":[11015,11003,10898,10912,10896,10975],"tags":[11264],"class_list":{"0":"post-80767","1":"post","2":"type-post","3":"status-publish","4":"format-standard","5":"has-post-thumbnail","7":"category-canal-futbol","8":"category-sports","9":"category-ventana-ca","10":"category-la-hoya-ca","11":"category-seccion-ca","12":"category-chiva-ca","13":"tag-esports-ca"},"_links":{"self":[{"href":"https:\/\/www.tucomarca.com\/wordpress\/segunda\/ca\/wp-json\/wp\/v2\/posts\/80767","targetHints":{"allow":["GET"]}}],"collection":[{"href":"https:\/\/www.tucomarca.com\/wordpress\/segunda\/ca\/wp-json\/wp\/v2\/posts"}],"about":[{"href":"https:\/\/www.tucomarca.com\/wordpress\/segunda\/ca\/wp-json\/wp\/v2\/types\/post"}],"author":[{"embeddable":true,"href":"https:\/\/www.tucomarca.com\/wordpress\/segunda\/ca\/wp-json\/wp\/v2\/users\/1"}],"replies":[{"embeddable":true,"href":"https:\/\/www.tucomarca.com\/wordpress\/segunda\/ca\/wp-json\/wp\/v2\/comments?post=80767"}],"version-history":[{"count":0,"href":"https:\/\/www.tucomarca.com\/wordpress\/segunda\/ca\/wp-json\/wp\/v2\/posts\/80767\/revisions"}],"wp:featuredmedia":[{"embeddable":true,"href":"https:\/\/www.tucomarca.com\/wordpress\/segunda\/ca\/wp-json\/wp\/v2\/media\/75292"}],"wp:attachment":[{"href":"https:\/\/www.tucomarca.com\/wordpress\/segunda\/ca\/wp-json\/wp\/v2\/media?parent=80767"}],"wp:term":[{"taxonomy":"category","embeddable":true,"href":"https:\/\/www.tucomarca.com\/wordpress\/segunda\/ca\/wp-json\/wp\/v2\/categories?post=80767"},{"taxonomy":"post_tag","embeddable":true,"href":"https:\/\/www.tucomarca.com\/wordpress\/segunda\/ca\/wp-json\/wp\/v2\/tags?post=80767"}],"curies":[{"name":"wp","href":"https:\/\/api.w.org\/{rel}","templated":true}]}}