{"id":80771,"date":"2019-01-28T12:44:08","date_gmt":"2019-01-28T10:44:08","guid":{"rendered":"http:\/\/www.tucomarca.com\/wordpress\/segunda\/?p=80771"},"modified":"2019-01-28T12:44:25","modified_gmt":"2019-01-28T10:44:25","slug":"mal-partit-del-cd-xest-que-cau-davant-del-penultim-laldaia-2-0","status":"publish","type":"post","link":"https:\/\/www.tucomarca.com\/wordpress\/segunda\/ca\/mal-partit-del-cd-xest-que-cau-davant-del-penultim-laldaia-2-0\/","title":{"rendered":"Mal partit del CD Xest que cau davant del pen\u00faltim, l&#8217;Aldaia (2-0)"},"content":{"rendered":"<div dir=\"auto\">\n<p>Mal partit dels de Juan S\u00e1nchez front el pen\u00faltim, l&#8217;Aldaia. La primera part va estar m\u00e9s igualada, encara que cap equip va ser capa\u00e7 de perforar la defensa rival i posar en veritables dificultats a l&#8217;equip de davant.<\/p>\n<p>Per\u00f2 en la segona part, passada l&#8217;hora de joc, els chestanos van comen\u00e7ar a acusar el joc i f\u00edsic local i van encaixar el primer gol de la tarda.<\/p>\n<p>El gol, psicol\u00f2gicament, va fer molt de mal i nom\u00e9s deu minuts despr\u00e9s va arribar el de la sent\u00e8ncia, el qual amb desavantatge de 2 gols i nom\u00e9s deu minuts per davant matar tota intenci\u00f3 de reaccionar als chestanos.<\/p>\n<p>Despr\u00e9s de la derrota, el CD Xest queda nov\u00e8 amb 23 punts. Informa, Ra\u00fal Miralles Lacalle @raulmks<\/p>\n<\/div>\n","protected":false},"excerpt":{"rendered":"<div class=\"mh-excerpt\">Mal partit dels de Juan S\u00e1nchez front el pen\u00faltim, l&#8217;Aldaia. La primera part va estar m\u00e9s igualada, encara que cap equip va ser capa\u00e7 de perforar la defensa rival i posar en veritables dificultats a <a class=\"mh-excerpt-more\" href=\"https:\/\/www.tucomarca.com\/wordpress\/segunda\/ca\/mal-partit-del-cd-xest-que-cau-davant-del-penultim-laldaia-2-0\/\" title=\"Mal partit del CD Xest que cau davant del pen\u00faltim, l&#8217;Aldaia (2-0)\">[+] <\/a><\/div>\n","protected":false},"author":1,"featured_media":78173,"comment_status":"open","ping_status":"open","sticky":false,"template":"","format":"standard","meta":{"footnotes":""},"categories":[11015,11003,10898,10912,10896,10974],"tags":[11264],"class_list":{"0":"post-80771","1":"post","2":"type-post","3":"status-publish","4":"format-standard","5":"has-post-thumbnail","7":"category-canal-futbol","8":"category-sports","9":"category-ventana-ca","10":"category-la-hoya-ca","11":"category-seccion-ca","12":"category-cheste-ca","13":"tag-esports-ca"},"_links":{"self":[{"href":"https:\/\/www.tucomarca.com\/wordpress\/segunda\/ca\/wp-json\/wp\/v2\/posts\/80771","targetHints":{"allow":["GET"]}}],"collection":[{"href":"https:\/\/www.tucomarca.com\/wordpress\/segunda\/ca\/wp-json\/wp\/v2\/posts"}],"about":[{"href":"https:\/\/www.tucomarca.com\/wordpress\/segunda\/ca\/wp-json\/wp\/v2\/types\/post"}],"author":[{"embeddable":true,"href":"https:\/\/www.tucomarca.com\/wordpress\/segunda\/ca\/wp-json\/wp\/v2\/users\/1"}],"replies":[{"embeddable":true,"href":"https:\/\/www.tucomarca.com\/wordpress\/segunda\/ca\/wp-json\/wp\/v2\/comments?post=80771"}],"version-history":[{"count":0,"href":"https:\/\/www.tucomarca.com\/wordpress\/segunda\/ca\/wp-json\/wp\/v2\/posts\/80771\/revisions"}],"wp:featuredmedia":[{"embeddable":true,"href":"https:\/\/www.tucomarca.com\/wordpress\/segunda\/ca\/wp-json\/wp\/v2\/media\/78173"}],"wp:attachment":[{"href":"https:\/\/www.tucomarca.com\/wordpress\/segunda\/ca\/wp-json\/wp\/v2\/media?parent=80771"}],"wp:term":[{"taxonomy":"category","embeddable":true,"href":"https:\/\/www.tucomarca.com\/wordpress\/segunda\/ca\/wp-json\/wp\/v2\/categories?post=80771"},{"taxonomy":"post_tag","embeddable":true,"href":"https:\/\/www.tucomarca.com\/wordpress\/segunda\/ca\/wp-json\/wp\/v2\/tags?post=80771"}],"curies":[{"name":"wp","href":"https:\/\/api.w.org\/{rel}","templated":true}]}}