{"id":80777,"date":"2019-01-28T12:54:50","date_gmt":"2019-01-28T10:54:50","guid":{"rendered":"http:\/\/www.tucomarca.com\/wordpress\/segunda\/?p=80777"},"modified":"2019-01-28T12:56:48","modified_gmt":"2019-01-28T10:56:48","slug":"el-cd-bunyol-fa-bona-la-dita-de-a-entrenador-nou-victoria-segura-i-guanya-el-cuer-lserrans-per-0-gols-a-3","status":"publish","type":"post","link":"https:\/\/www.tucomarca.com\/wordpress\/segunda\/ca\/el-cd-bunyol-fa-bona-la-dita-de-a-entrenador-nou-victoria-segura-i-guanya-el-cuer-lserrans-per-0-gols-a-3\/","title":{"rendered":"El CD Bunyol fa bona la dita de &#8220;a entrenador nou vict\u00f2ria segura&#8221; i guanya el cuero, el Serranos, per 0 gols a 3"},"content":{"rendered":"<div dir=\"auto\">\n<p>L&#8217;equip de David Harana ha fet bon la dita de a nentranarod nou, vict\u00f2ria segura; ha assimilat conceptes molt r\u00e0pid i est\u00e0 molt predisposat a treballar. En una primera mitja hora molt bona; i durant tot el partit hi va haver una intensitat molt alta.<\/p>\n<p>En nom\u00e9s 30 minuts els bunyolers ja anaven 2 gols per davant, m\u00e8rit d&#8217;Eduardo Iranzo i David S\u00e1ez, el que va fer clarament pensar que el canvi de banqueta va anar b\u00e9 i la segona part seria per corroborar el bon comen\u00e7ament de David Harana a la banqueta.<\/p>\n<p>A la segona part, poc m\u00e9s d&#8217;una hora de joc complert necessitar el conjunt blanc per certificar la vict\u00f2ria, gr\u00e0cies al gol de Rub\u00e9n Gonz\u00e1lez i que va posar el definitiu 0-3.<\/p>\n<p>Poc m\u00e9s van donar els dos equips en una trobada en qu\u00e8 els de Harana quan van voler, van sentenciar, i es van endur la vict\u00f2ria.<\/p>\n<p>Despr\u00e9s dels 3 punts, el CD Bunyol es queda cinqu\u00e8 amb 32 punts. Informa, Ra\u00fal Miralles Lacalle @raulmks<\/p>\n<\/div>\n","protected":false},"excerpt":{"rendered":"<div class=\"mh-excerpt\">L&#8217;equip de David Harana ha fet bon la dita de a nentranarod nou, vict\u00f2ria segura; ha assimilat conceptes molt r\u00e0pid i est\u00e0 molt predisposat a treballar. En una primera mitja hora molt bona; i durant <a class=\"mh-excerpt-more\" href=\"https:\/\/www.tucomarca.com\/wordpress\/segunda\/ca\/el-cd-bunyol-fa-bona-la-dita-de-a-entrenador-nou-victoria-segura-i-guanya-el-cuer-lserrans-per-0-gols-a-3\/\" title=\"El CD Bunyol fa bona la dita de &#8220;a entrenador nou vict\u00f2ria segura&#8221; i guanya el cuero, el Serranos, per 0 gols a 3\">[+] <\/a><\/div>\n","protected":false},"author":1,"featured_media":78644,"comment_status":"open","ping_status":"open","sticky":false,"template":"","format":"standard","meta":{"footnotes":""},"categories":[10911,11015,11003,10898,10912,10896],"tags":[11074,11264],"class_list":{"0":"post-80777","1":"post","2":"type-post","3":"status-publish","4":"format-standard","5":"has-post-thumbnail","7":"category-bunol-ca","8":"category-canal-futbol","9":"category-sports","10":"category-ventana-ca","11":"category-la-hoya-ca","12":"category-seccion-ca","13":"tag-deportes-ca","14":"tag-esports-ca"},"_links":{"self":[{"href":"https:\/\/www.tucomarca.com\/wordpress\/segunda\/ca\/wp-json\/wp\/v2\/posts\/80777","targetHints":{"allow":["GET"]}}],"collection":[{"href":"https:\/\/www.tucomarca.com\/wordpress\/segunda\/ca\/wp-json\/wp\/v2\/posts"}],"about":[{"href":"https:\/\/www.tucomarca.com\/wordpress\/segunda\/ca\/wp-json\/wp\/v2\/types\/post"}],"author":[{"embeddable":true,"href":"https:\/\/www.tucomarca.com\/wordpress\/segunda\/ca\/wp-json\/wp\/v2\/users\/1"}],"replies":[{"embeddable":true,"href":"https:\/\/www.tucomarca.com\/wordpress\/segunda\/ca\/wp-json\/wp\/v2\/comments?post=80777"}],"version-history":[{"count":0,"href":"https:\/\/www.tucomarca.com\/wordpress\/segunda\/ca\/wp-json\/wp\/v2\/posts\/80777\/revisions"}],"wp:featuredmedia":[{"embeddable":true,"href":"https:\/\/www.tucomarca.com\/wordpress\/segunda\/ca\/wp-json\/wp\/v2\/media\/78644"}],"wp:attachment":[{"href":"https:\/\/www.tucomarca.com\/wordpress\/segunda\/ca\/wp-json\/wp\/v2\/media?parent=80777"}],"wp:term":[{"taxonomy":"category","embeddable":true,"href":"https:\/\/www.tucomarca.com\/wordpress\/segunda\/ca\/wp-json\/wp\/v2\/categories?post=80777"},{"taxonomy":"post_tag","embeddable":true,"href":"https:\/\/www.tucomarca.com\/wordpress\/segunda\/ca\/wp-json\/wp\/v2\/tags?post=80777"}],"curies":[{"name":"wp","href":"https:\/\/api.w.org\/{rel}","templated":true}]}}