{"id":81010,"date":"2019-02-01T22:28:02","date_gmt":"2019-02-01T20:28:02","guid":{"rendered":"http:\/\/www.tucomarca.com\/wordpress\/segunda\/?p=81010"},"modified":"2019-02-01T22:28:02","modified_gmt":"2019-02-01T20:28:02","slug":"la-canal-de-navarres-rebra-472-868-euros-del-nou-model-de-serveis-socials-en-2018-de-la-diputacio","status":"publish","type":"post","link":"https:\/\/www.tucomarca.com\/wordpress\/segunda\/ca\/la-canal-de-navarres-rebra-472-868-euros-del-nou-model-de-serveis-socials-en-2018-de-la-diputacio\/","title":{"rendered":"La Canal de Navarr\u00e9s rebr\u00e0 472.868 euros del nou Model de Serveis Socials en 2018 de la Diputaci\u00f3"},"content":{"rendered":"<figure id=\"attachment_81006\" aria-describedby=\"caption-attachment-81006\" style=\"width: 626px\" class=\"wp-caption alignleft\"><img loading=\"lazy\" decoding=\"async\" class=\" wp-image-81006\" src=\"http:\/\/www.tucomarca.com\/wordpress\/segunda\/wp-content\/uploads\/2019\/02\/DipuNavarres.jpg\" alt=\"Los vecinos y vecinas de Enguera recibieron una inyecci\u00f3n de 156.947 euros el a\u00f1o pasado, mientras que los de la mancomunidad recibieron 315.921 euros.\" width=\"626\" height=\"417\" srcset=\"https:\/\/www.tucomarca.com\/wordpress\/segunda\/wp-content\/uploads\/2019\/02\/DipuNavarres.jpg 3184w, https:\/\/www.tucomarca.com\/wordpress\/segunda\/wp-content\/uploads\/2019\/02\/DipuNavarres-300x200.jpg 300w, https:\/\/www.tucomarca.com\/wordpress\/segunda\/wp-content\/uploads\/2019\/02\/DipuNavarres-768x511.jpg 768w, https:\/\/www.tucomarca.com\/wordpress\/segunda\/wp-content\/uploads\/2019\/02\/DipuNavarres-1024x682.jpg 1024w\" sizes=\"auto, (max-width: 626px) 100vw, 626px\" \/><figcaption id=\"caption-attachment-81006\" class=\"wp-caption-text\">Els ve\u00efns i ve\u00efnes d\u2019Enguera van rebre una injecci\u00f3 de 156.947 euros l\u2019any passat, mentre que els de la mancomunitat van rebre 315.921 euros.<\/figcaption><\/figure>\n<p>La comarca de Canal de Navarr\u00e9s va rebre un total de 472.868 euros en concepte del nou Model de Serveis Socials de la Diputaci\u00f3 de Val\u00e8ncia en 2018, el qual va ser presentat per part de la Corporaci\u00f3 provincial el passat mes de setembre. Aquesta quantitat va suposar l\u2019increment del 253,95% de l\u2019aportaci\u00f3 de la Diputaci\u00f3 en la comarca durant el per\u00edode compr\u00e9s entre 2015 i 2018.<\/p>\n<p>La inversi\u00f3 global a trav\u00e9s d&#8217;aquest pla d&#8217;atenci\u00f3 prim\u00e0ria, de m\u00e9s de 12 milions d&#8217;euros, ha quadruplicat al llarg dels \u00faltims anys la partida destinada per l&#8217;anterior equip de govern a aquesta assist\u00e8ncia social b\u00e0sica. En el cas de Canal de Navarr\u00e9s supos\u00e0 l\u2019any 2018 una injecci\u00f3 de 156.947 euros per als ve\u00efns i ve\u00efnes d\u2019Enguera, mentre que 315.921 van ser per a la mancomunitat.<\/p>\n<p>Per programes, l\u2019ajuda destinada al municipi d\u2019Enguera es dividiren en 91.895 euros per al refor\u00e7ament de l\u2019equip t\u00e8cnic, 500 per a informar i assessorar, 1.192 per al centre social, 18.750 per a prestacions individualitzades, 8.000 per a casos de pobresa energ\u00e8tica, 32.610 euros per al programa d\u2019ajuda a domicili, 1.500 per a cooperaci\u00f3 social i 2.500 per a actuacions de prevenci\u00f3 i inserci\u00f3 social. Per la seua banda, la mancomunitat de Canal de Navarr\u00e9s va comptar amb 201.905 euros per al refor\u00e7ament de l\u2019equip professional, 750 per a informaci\u00f3 i assessorament, 24.375 per a prestacions econ\u00f2miques individualitzades, 17.500 per a lluitar contra la pobresa energ\u00e8tica, 60.330 per al programa d\u2019ajuda a domicili, 3.365 per als anomenats clubs de conviv\u00e8ncia, 2.660 per a cooperaci\u00f3 social i 5.036 euros per a actuacions d\u2019intervenci\u00f3 per a la prevenci\u00f3 i inserci\u00f3 social.<\/p>\n<p>En paraules de la diputada d&#8217;Inclusi\u00f3 Social, Rosa P\u00e9rez Garijo, \u201cdurant els \u00faltims tres anys hem passat d&#8217;un sistema assistencial-burocr\u00e0tic a un altre de responsabilitat p\u00fablica basat en la prevenci\u00f3 i en la just\u00edcia social\u201d. Aquesta idea s&#8217;expressa tamb\u00e9 en dades, com el r\u00e0tio de professionals d&#8217;atenci\u00f3 en els Serveis Socials Municipals, que va passar d&#8217;un per cada 5.400 habitants en 2015 a un per cada 2.091 habitants en 2018.<\/p>\n<p>Aix\u00ed, la titular d&#8217;Inclusi\u00f3 Social, Rosa P\u00e9rez Garijo, ha fet balan\u00e7 i ha destacat &#8220;la construcci\u00f3 d\u2019una atenci\u00f3 social prim\u00e0ria digna, arrelada al territori, ben dotada i amb capacitat de donar resposta a les necessitats socials de totes les persones, sense discriminaci\u00f3&#8221;.<\/p>\n","protected":false},"excerpt":{"rendered":"<div class=\"mh-excerpt\">La comarca de Canal de Navarr\u00e9s va rebre un total de 472.868 euros en concepte del nou Model de Serveis Socials de la Diputaci\u00f3 de Val\u00e8ncia en 2018, el qual va ser presentat per part <a class=\"mh-excerpt-more\" href=\"https:\/\/www.tucomarca.com\/wordpress\/segunda\/ca\/la-canal-de-navarres-rebra-472-868-euros-del-nou-model-de-serveis-socials-en-2018-de-la-diputacio\/\" title=\"La Canal de Navarr\u00e9s rebr\u00e0 472.868 euros del nou Model de Serveis Socials en 2018 de la Diputaci\u00f3\">[+] <\/a><\/div>\n","protected":false},"author":1,"featured_media":81007,"comment_status":"open","ping_status":"open","sticky":false,"template":"","format":"standard","meta":{"footnotes":""},"categories":[10969,10898,10948,10963,10894,10904,10947,10896],"tags":[11246],"class_list":{"0":"post-81010","1":"post","2":"type-post","3":"status-publish","4":"format-standard","5":"has-post-thumbnail","7":"category-enguera-ca","8":"category-ventana-ca","9":"category-infraestructuras-ca","10":"category-la-canal-de-navarres-ca","11":"category-la-comarca-ca","12":"category-sin-categorizar-ca","13":"category-politica","14":"category-seccion-ca","15":"tag-diputacio-de-valencia-ca"},"_links":{"self":[{"href":"https:\/\/www.tucomarca.com\/wordpress\/segunda\/ca\/wp-json\/wp\/v2\/posts\/81010","targetHints":{"allow":["GET"]}}],"collection":[{"href":"https:\/\/www.tucomarca.com\/wordpress\/segunda\/ca\/wp-json\/wp\/v2\/posts"}],"about":[{"href":"https:\/\/www.tucomarca.com\/wordpress\/segunda\/ca\/wp-json\/wp\/v2\/types\/post"}],"author":[{"embeddable":true,"href":"https:\/\/www.tucomarca.com\/wordpress\/segunda\/ca\/wp-json\/wp\/v2\/users\/1"}],"replies":[{"embeddable":true,"href":"https:\/\/www.tucomarca.com\/wordpress\/segunda\/ca\/wp-json\/wp\/v2\/comments?post=81010"}],"version-history":[{"count":0,"href":"https:\/\/www.tucomarca.com\/wordpress\/segunda\/ca\/wp-json\/wp\/v2\/posts\/81010\/revisions"}],"wp:featuredmedia":[{"embeddable":true,"href":"https:\/\/www.tucomarca.com\/wordpress\/segunda\/ca\/wp-json\/wp\/v2\/media\/81007"}],"wp:attachment":[{"href":"https:\/\/www.tucomarca.com\/wordpress\/segunda\/ca\/wp-json\/wp\/v2\/media?parent=81010"}],"wp:term":[{"taxonomy":"category","embeddable":true,"href":"https:\/\/www.tucomarca.com\/wordpress\/segunda\/ca\/wp-json\/wp\/v2\/categories?post=81010"},{"taxonomy":"post_tag","embeddable":true,"href":"https:\/\/www.tucomarca.com\/wordpress\/segunda\/ca\/wp-json\/wp\/v2\/tags?post=81010"}],"curies":[{"name":"wp","href":"https:\/\/api.w.org\/{rel}","templated":true}]}}