{"id":81025,"date":"2019-02-02T14:35:18","date_gmt":"2019-02-02T12:35:18","guid":{"rendered":"http:\/\/www.tucomarca.com\/wordpress\/segunda\/?p=81025"},"modified":"2019-02-02T14:35:18","modified_gmt":"2019-02-02T12:35:18","slug":"el-cd-turis-rep-lzafranar-el-cd-xest-a-mislata-i-la-ud-iatova-juga-contra-el-joventut-manisense","status":"publish","type":"post","link":"https:\/\/www.tucomarca.com\/wordpress\/segunda\/ca\/el-cd-turis-rep-lzafranar-el-cd-xest-a-mislata-i-la-ud-iatova-juga-contra-el-joventut-manisense\/","title":{"rendered":"El CD Tur\u00eds rep l&#8217;Zafranar; el CD Xest a Mislata; i la UD I\u00e0tova juga contra el Joventut Manisense"},"content":{"rendered":"<p>Despr\u00e9s d&#8217;un empat que sap a poc, el CD Tur\u00eds torna a casa i espera sumar els 3 punts i aix\u00ed poder fins i tot poder superar en la taula als seus rivals, el Safranar. El Zafranar si ve de perdre i tractant-se que juguen a Tur\u00eds, els de Miguel Guzm\u00e1n nom\u00e9s tenen en ment la vict\u00f2ria que els permeti sumar i pujar llocs.<\/p>\n<p><strong>Xest-Mislata<\/strong><\/p>\n<p>Despr\u00e9s de la derrota dels de Juan S\u00e1nchez a Aldaia sense previsions d&#8217;aquest resultat, els chestanos han de reaccionar. I el Mislata \u00e9s un dels de dalt, per\u00f2 si volen sumar punts, no hi ha rival que els freni, i han de sortir a pels 3 punts, m\u00e9s jugant a casa, on s\u00f3n capa\u00e7os de superar a qualsevol.<\/p>\n<p>Compte amb David Perell\u00f3, l&#8217;ariet de Mislata porta 10 gols, nom\u00e9s 4 menys que el m\u00e0xim artiller.<\/p>\n<p><strong>Joventut Manisense-Y\u00e1tova<\/strong><\/p>\n<p>Tots dos v\u00e9nen de guanyar per la m\u00ednima i voler m\u00e9s, ja que ara \u00e9s quan tindran l&#8217;oportunitat, els de Tom\u00e0s no juguen a casa, per\u00f2 s&#8217;enfronten a un rival en teoria inferior, i hauria de ser nom\u00e9s un partit de tr\u00e0mit que ha d&#8217;acabar amb els 3 punts a Y\u00e1tova que els permetin aspirar al TOP 3 de la taula. H\u00e8ctor Cifre ha d&#8217;encarregar de sumar als 10 gols que ja porta, per aportar al seu equip i per millorar registres com a ariet. Informa, Ra\u00fal Miralles Lacalle @raulmks<\/p>\n","protected":false},"excerpt":{"rendered":"<div class=\"mh-excerpt\">Despr\u00e9s d&#8217;un empat que sap a poc, el CD Tur\u00eds torna a casa i espera sumar els 3 punts i aix\u00ed poder fins i tot poder superar en la taula als seus rivals, el Safranar. <a class=\"mh-excerpt-more\" href=\"https:\/\/www.tucomarca.com\/wordpress\/segunda\/ca\/el-cd-turis-rep-lzafranar-el-cd-xest-a-mislata-i-la-ud-iatova-juga-contra-el-joventut-manisense\/\" title=\"El CD Tur\u00eds rep l&#8217;Zafranar; el CD Xest a Mislata; i la UD I\u00e0tova juga contra el Joventut Manisense\">[+] <\/a><\/div>\n","protected":false},"author":1,"featured_media":78959,"comment_status":"open","ping_status":"open","sticky":false,"template":"","format":"standard","meta":{"footnotes":""},"categories":[11015,11003,10898,10980,10912,10902,10896,11047,10974],"tags":[11264],"class_list":{"0":"post-81025","1":"post","2":"type-post","3":"status-publish","4":"format-standard","5":"has-post-thumbnail","7":"category-canal-futbol","8":"category-sports","9":"category-ventana-ca","10":"category-yatova-ca","11":"category-la-hoya-ca","12":"category-la-ribera-ca","13":"category-seccion-ca","14":"category-turis-ca","15":"category-cheste-ca","16":"tag-esports-ca"},"_links":{"self":[{"href":"https:\/\/www.tucomarca.com\/wordpress\/segunda\/ca\/wp-json\/wp\/v2\/posts\/81025","targetHints":{"allow":["GET"]}}],"collection":[{"href":"https:\/\/www.tucomarca.com\/wordpress\/segunda\/ca\/wp-json\/wp\/v2\/posts"}],"about":[{"href":"https:\/\/www.tucomarca.com\/wordpress\/segunda\/ca\/wp-json\/wp\/v2\/types\/post"}],"author":[{"embeddable":true,"href":"https:\/\/www.tucomarca.com\/wordpress\/segunda\/ca\/wp-json\/wp\/v2\/users\/1"}],"replies":[{"embeddable":true,"href":"https:\/\/www.tucomarca.com\/wordpress\/segunda\/ca\/wp-json\/wp\/v2\/comments?post=81025"}],"version-history":[{"count":0,"href":"https:\/\/www.tucomarca.com\/wordpress\/segunda\/ca\/wp-json\/wp\/v2\/posts\/81025\/revisions"}],"wp:featuredmedia":[{"embeddable":true,"href":"https:\/\/www.tucomarca.com\/wordpress\/segunda\/ca\/wp-json\/wp\/v2\/media\/78959"}],"wp:attachment":[{"href":"https:\/\/www.tucomarca.com\/wordpress\/segunda\/ca\/wp-json\/wp\/v2\/media?parent=81025"}],"wp:term":[{"taxonomy":"category","embeddable":true,"href":"https:\/\/www.tucomarca.com\/wordpress\/segunda\/ca\/wp-json\/wp\/v2\/categories?post=81025"},{"taxonomy":"post_tag","embeddable":true,"href":"https:\/\/www.tucomarca.com\/wordpress\/segunda\/ca\/wp-json\/wp\/v2\/tags?post=81025"}],"curies":[{"name":"wp","href":"https:\/\/api.w.org\/{rel}","templated":true}]}}