{"id":81050,"date":"2019-02-03T20:54:00","date_gmt":"2019-02-03T18:54:00","guid":{"rendered":"http:\/\/www.tucomarca.com\/wordpress\/segunda\/?p=81050"},"modified":"2019-02-03T20:54:00","modified_gmt":"2019-02-03T18:54:00","slug":"el-cd-xest-sestavella-a-casa-contra-el-mislata-en-un-partit-igualat","status":"publish","type":"post","link":"https:\/\/www.tucomarca.com\/wordpress\/segunda\/ca\/el-cd-xest-sestavella-a-casa-contra-el-mislata-en-un-partit-igualat\/","title":{"rendered":"El CD Xest s&#8217;estavella a casa contra el Mislata en un partit igualat"},"content":{"rendered":"<div dir=\"auto\">\n<figure id=\"attachment_81047\" aria-describedby=\"caption-attachment-81047\" style=\"width: 441px\" class=\"wp-caption alignleft\"><img loading=\"lazy\" decoding=\"async\" class=\" wp-image-81047\" src=\"http:\/\/www.tucomarca.com\/wordpress\/segunda\/wp-content\/uploads\/2019\/02\/CHESTE4.jpg\" alt=\"El CD Cheste ha tropezado este fin de semana en casa. Foto: Ra\u00fal Miralles.\" width=\"441\" height=\"294\" srcset=\"https:\/\/www.tucomarca.com\/wordpress\/segunda\/wp-content\/uploads\/2019\/02\/CHESTE4.jpg 787w, https:\/\/www.tucomarca.com\/wordpress\/segunda\/wp-content\/uploads\/2019\/02\/CHESTE4-300x200.jpg 300w, https:\/\/www.tucomarca.com\/wordpress\/segunda\/wp-content\/uploads\/2019\/02\/CHESTE4-768x512.jpg 768w\" sizes=\"auto, (max-width: 441px) 100vw, 441px\" \/><figcaption id=\"caption-attachment-81047\" class=\"wp-caption-text\">El CD Xest ha ensopegat aquest cap de setmana a casa. Foto: Ra\u00fal Miralles.<\/figcaption><\/figure>\n<p>El CD Xest ha caigut per 0 gols a 1 contra el Mislata; 1 Xest que vol mirar amunt per\u00f2 que s&#8217;ha estavellat a casa en un partit igualat i injust a parts iguals.<\/p>\n<p>Una primera meitat en qu\u00e8 no hi va haver molt, el joc flu\u00efa per\u00f2 sense perill suficient; i es va arribar al descans amb tot per decidir.<\/p>\n<p>A la segona meitat va canviar lleugerament la t\u00f2nica, el Xest volia m\u00e9s, per\u00f2 el cop el va clavar el Mislata, seria en el minut 64; i va ser gaireb\u00e9 definitiu, els locals van oferir molt esfor\u00e7 i res de recompensa, el que moralment els va tocar molt. I a la resta de partit no van poder fer el &#8216;miracle&#8217; i es va consolidar la derrota dels de Juan S\u00e1nchez.<\/p>\n<p>El CD Xest amb aquesta resultat aquest queda en el lloc nov\u00e8 amb 23 punts. Informa, Ra\u00fal Miralles @raulmks<\/p>\n<\/div>\n","protected":false},"excerpt":{"rendered":"<div class=\"mh-excerpt\">El CD Xest ha caigut per 0 gols a 1 contra el Mislata; 1 Xest que vol mirar amunt per\u00f2 que s&#8217;ha estavellat a casa en un partit igualat i injust a parts iguals. Una <a class=\"mh-excerpt-more\" href=\"https:\/\/www.tucomarca.com\/wordpress\/segunda\/ca\/el-cd-xest-sestavella-a-casa-contra-el-mislata-en-un-partit-igualat\/\" title=\"El CD Xest s&#8217;estavella a casa contra el Mislata en un partit igualat\">[+] <\/a><\/div>\n","protected":false},"author":1,"featured_media":81048,"comment_status":"open","ping_status":"open","sticky":false,"template":"","format":"standard","meta":{"footnotes":""},"categories":[11015,11003,10898,10912,10896,10974],"tags":[11264],"class_list":{"0":"post-81050","1":"post","2":"type-post","3":"status-publish","4":"format-standard","5":"has-post-thumbnail","7":"category-canal-futbol","8":"category-sports","9":"category-ventana-ca","10":"category-la-hoya-ca","11":"category-seccion-ca","12":"category-cheste-ca","13":"tag-esports-ca"},"_links":{"self":[{"href":"https:\/\/www.tucomarca.com\/wordpress\/segunda\/ca\/wp-json\/wp\/v2\/posts\/81050","targetHints":{"allow":["GET"]}}],"collection":[{"href":"https:\/\/www.tucomarca.com\/wordpress\/segunda\/ca\/wp-json\/wp\/v2\/posts"}],"about":[{"href":"https:\/\/www.tucomarca.com\/wordpress\/segunda\/ca\/wp-json\/wp\/v2\/types\/post"}],"author":[{"embeddable":true,"href":"https:\/\/www.tucomarca.com\/wordpress\/segunda\/ca\/wp-json\/wp\/v2\/users\/1"}],"replies":[{"embeddable":true,"href":"https:\/\/www.tucomarca.com\/wordpress\/segunda\/ca\/wp-json\/wp\/v2\/comments?post=81050"}],"version-history":[{"count":0,"href":"https:\/\/www.tucomarca.com\/wordpress\/segunda\/ca\/wp-json\/wp\/v2\/posts\/81050\/revisions"}],"wp:featuredmedia":[{"embeddable":true,"href":"https:\/\/www.tucomarca.com\/wordpress\/segunda\/ca\/wp-json\/wp\/v2\/media\/81048"}],"wp:attachment":[{"href":"https:\/\/www.tucomarca.com\/wordpress\/segunda\/ca\/wp-json\/wp\/v2\/media?parent=81050"}],"wp:term":[{"taxonomy":"category","embeddable":true,"href":"https:\/\/www.tucomarca.com\/wordpress\/segunda\/ca\/wp-json\/wp\/v2\/categories?post=81050"},{"taxonomy":"post_tag","embeddable":true,"href":"https:\/\/www.tucomarca.com\/wordpress\/segunda\/ca\/wp-json\/wp\/v2\/tags?post=81050"}],"curies":[{"name":"wp","href":"https:\/\/api.w.org\/{rel}","templated":true}]}}