{"id":81063,"date":"2019-02-03T21:07:40","date_gmt":"2019-02-03T19:07:40","guid":{"rendered":"http:\/\/www.tucomarca.com\/wordpress\/segunda\/?p=81063"},"modified":"2019-02-03T21:07:40","modified_gmt":"2019-02-03T19:07:40","slug":"labsencia-dguillamon-per-lesio-no-mina-al-iatova-que-guanya-a-manises-amb-doblet-de-pablo-asensio-0-3","status":"publish","type":"post","link":"https:\/\/www.tucomarca.com\/wordpress\/segunda\/ca\/labsencia-dguillamon-per-lesio-no-mina-al-iatova-que-guanya-a-manises-amb-doblet-de-pablo-asensio-0-3\/","title":{"rendered":"L&#8217;abs\u00e8ncia d&#8217;Guillam\u00f3n per lesi\u00f3 no mina al I\u00e0tova que guanya a Manises amb doblet de Pablo Asensio (0-3)"},"content":{"rendered":"<div dir=\"auto\">\n<figure id=\"attachment_81060\" aria-describedby=\"caption-attachment-81060\" style=\"width: 391px\" class=\"wp-caption alignleft\"><img loading=\"lazy\" decoding=\"async\" class=\" wp-image-81060\" src=\"http:\/\/www.tucomarca.com\/wordpress\/segunda\/wp-content\/uploads\/2019\/02\/YATOVA33.jpg\" alt=\"La UD Y\u00e1tova ha cosechado una nueva victoria. Foto: Ra\u00fal Miralles.\" width=\"391\" height=\"261\" srcset=\"https:\/\/www.tucomarca.com\/wordpress\/segunda\/wp-content\/uploads\/2019\/02\/YATOVA33.jpg 787w, https:\/\/www.tucomarca.com\/wordpress\/segunda\/wp-content\/uploads\/2019\/02\/YATOVA33-300x200.jpg 300w, https:\/\/www.tucomarca.com\/wordpress\/segunda\/wp-content\/uploads\/2019\/02\/YATOVA33-768x512.jpg 768w\" sizes=\"auto, (max-width: 391px) 100vw, 391px\" \/><figcaption id=\"caption-attachment-81060\" class=\"wp-caption-text\">La UD Y\u00e1tova ha collit una nova vict\u00f2ria. Foto: Ra\u00fal Miralles.<\/figcaption><\/figure>\n<p>L&#8217;abs\u00e8ncia per lesi\u00f3 de Guillam\u00f3n no ha minvat a la UD Y\u00e1tova que ha guanyat a Manises amb doblet de Pablo assentiment per 0 gols a 3 al Joventut Manisense.<\/p>\n<p>El Y\u00e1tova de Tom\u00e0s abril est\u00e0 en estat de gr\u00e0cia, doncs juga, marca i guanya. L&#8217;\u00faltima v\u00edctima ha estat el Joventut Manisense, que no va aguantar el vendaval yatovero i el primer gol va caure al minut 21, obra de David Va muntar per obrir el marcador.<\/p>\n<p>La primera part va ser nom\u00e9s un aperitiu, ja que en la segona encara asestar\u00edan m\u00e9s mal, provinent de l&#8217;esfor\u00e7 i la qualitat. Arribada l&#8217;hora de joc, Pablo es va posar la meta entre cella i cella i en 4 minuts fins a 2 gols va aconseguir anotar-, per aix\u00ed despullar i destrossar qualsevol intent local de reacci\u00f3.<\/p>\n<p>El bon joc en els 90 minuts li d\u00f3na 3 punts als yatoveros qui van quarts amb 31 punts. Informa, Ra\u00fal Miralles Lacalle @raulmks<\/p>\n<\/div>\n","protected":false},"excerpt":{"rendered":"<div class=\"mh-excerpt\">L&#8217;abs\u00e8ncia per lesi\u00f3 de Guillam\u00f3n no ha minvat a la UD Y\u00e1tova que ha guanyat a Manises amb doblet de Pablo assentiment per 0 gols a 3 al Joventut Manisense. El Y\u00e1tova de Tom\u00e0s abril <a class=\"mh-excerpt-more\" href=\"https:\/\/www.tucomarca.com\/wordpress\/segunda\/ca\/labsencia-dguillamon-per-lesio-no-mina-al-iatova-que-guanya-a-manises-amb-doblet-de-pablo-asensio-0-3\/\" title=\"L&#8217;abs\u00e8ncia d&#8217;Guillam\u00f3n per lesi\u00f3 no mina al I\u00e0tova que guanya a Manises amb doblet de Pablo Asensio (0-3)\">[+] <\/a><\/div>\n","protected":false},"author":1,"featured_media":81061,"comment_status":"open","ping_status":"open","sticky":false,"template":"","format":"standard","meta":{"footnotes":""},"categories":[11015,11003,10898,10980,10912,10896],"tags":[11264],"class_list":{"0":"post-81063","1":"post","2":"type-post","3":"status-publish","4":"format-standard","5":"has-post-thumbnail","7":"category-canal-futbol","8":"category-sports","9":"category-ventana-ca","10":"category-yatova-ca","11":"category-la-hoya-ca","12":"category-seccion-ca","13":"tag-esports-ca"},"_links":{"self":[{"href":"https:\/\/www.tucomarca.com\/wordpress\/segunda\/ca\/wp-json\/wp\/v2\/posts\/81063","targetHints":{"allow":["GET"]}}],"collection":[{"href":"https:\/\/www.tucomarca.com\/wordpress\/segunda\/ca\/wp-json\/wp\/v2\/posts"}],"about":[{"href":"https:\/\/www.tucomarca.com\/wordpress\/segunda\/ca\/wp-json\/wp\/v2\/types\/post"}],"author":[{"embeddable":true,"href":"https:\/\/www.tucomarca.com\/wordpress\/segunda\/ca\/wp-json\/wp\/v2\/users\/1"}],"replies":[{"embeddable":true,"href":"https:\/\/www.tucomarca.com\/wordpress\/segunda\/ca\/wp-json\/wp\/v2\/comments?post=81063"}],"version-history":[{"count":0,"href":"https:\/\/www.tucomarca.com\/wordpress\/segunda\/ca\/wp-json\/wp\/v2\/posts\/81063\/revisions"}],"wp:featuredmedia":[{"embeddable":true,"href":"https:\/\/www.tucomarca.com\/wordpress\/segunda\/ca\/wp-json\/wp\/v2\/media\/81061"}],"wp:attachment":[{"href":"https:\/\/www.tucomarca.com\/wordpress\/segunda\/ca\/wp-json\/wp\/v2\/media?parent=81063"}],"wp:term":[{"taxonomy":"category","embeddable":true,"href":"https:\/\/www.tucomarca.com\/wordpress\/segunda\/ca\/wp-json\/wp\/v2\/categories?post=81063"},{"taxonomy":"post_tag","embeddable":true,"href":"https:\/\/www.tucomarca.com\/wordpress\/segunda\/ca\/wp-json\/wp\/v2\/tags?post=81063"}],"curies":[{"name":"wp","href":"https:\/\/api.w.org\/{rel}","templated":true}]}}