{"id":81121,"date":"2019-02-04T21:30:48","date_gmt":"2019-02-04T19:30:48","guid":{"rendered":"http:\/\/www.tucomarca.com\/wordpress\/segunda\/?p=81121"},"modified":"2019-02-04T21:30:48","modified_gmt":"2019-02-04T19:30:48","slug":"lassociacio-llevantina-de-field-target-celebra-la-seva-primera-tirada-oficial-de-hft-en-el-camp-de-tir-de-bunyol","status":"publish","type":"post","link":"https:\/\/www.tucomarca.com\/wordpress\/segunda\/ca\/lassociacio-llevantina-de-field-target-celebra-la-seva-primera-tirada-oficial-de-hft-en-el-camp-de-tir-de-bunyol\/","title":{"rendered":"L&#8217;Associaci\u00f3 Llevantina de Field Target celebra la seva primera tirada oficial de HFT en el camp de tir de Bunyol"},"content":{"rendered":"<figure id=\"attachment_81118\" aria-describedby=\"caption-attachment-81118\" style=\"width: 506px\" class=\"wp-caption alignleft\"><img loading=\"lazy\" decoding=\"async\" class=\" wp-image-81118\" src=\"http:\/\/www.tucomarca.com\/wordpress\/segunda\/wp-content\/uploads\/2019\/02\/FieldTargetFEB19.jpg\" alt=\"Participantes en la tirada desarrollada en Bu\u00f1ol.\" width=\"506\" height=\"337\" srcset=\"https:\/\/www.tucomarca.com\/wordpress\/segunda\/wp-content\/uploads\/2019\/02\/FieldTargetFEB19.jpg 1600w, https:\/\/www.tucomarca.com\/wordpress\/segunda\/wp-content\/uploads\/2019\/02\/FieldTargetFEB19-300x200.jpg 300w, https:\/\/www.tucomarca.com\/wordpress\/segunda\/wp-content\/uploads\/2019\/02\/FieldTargetFEB19-768x512.jpg 768w, https:\/\/www.tucomarca.com\/wordpress\/segunda\/wp-content\/uploads\/2019\/02\/FieldTargetFEB19-1024x682.jpg 1024w\" sizes=\"auto, (max-width: 506px) 100vw, 506px\" \/><figcaption id=\"caption-attachment-81118\" class=\"wp-caption-text\">Participantes en la tirada desarrollada en Bu\u00f1ol.<\/figcaption><\/figure>\n<p>L&#8217;Associaci\u00f3 Llevantina de Field Target (ALFT) va celebrar la seva primera Tirada Oficial de HFT (Hunting Field Target) de l&#8217;any 2019 el passat diumenge 27 de gener al Camp de Tir &#8220;Els Coets&#8221; de Bunyol.<\/p>\n<p>El HFT \u00e9s una modalitat de tir amb carrabines d&#8217;aire comprimit prove\u00efdes de visor d&#8217;augments, simulant escenes de ca\u00e7a amb la utilitzaci\u00f3 de figures met\u00e0l\u00b7liques tipus Daina, i Novocker, que representen a diferents animals. Hi ha dues categories en el tipus de carrabines a utilitzar, un s\u00f3n les de moll o pist\u00f3 tradicionals de tota la vida, i una altra s\u00f3n els Pcps o carrabines precarregades d&#8217;aire que s\u00f3n l&#8217;\u00faltim en tecnologia del tir amb aire comprimit, tot i que s\u00f3n armes que ja existien al segle XVIII.<\/p>\n<p>Les normes d&#8217;aquesta competici\u00f3 s\u00f3n molt senzilles i igualen molt els diferents equips utilitzats pels participants, el que equipara bastant les armes i incideix molt m\u00e9s en la per\u00edcia i control del vent pel tirador; un cop comen\u00e7a la competici\u00f3 no es poden canviar els par\u00e0metres del visor, de manera que l&#8217;estimaci\u00f3 de la dist\u00e0ncia del blanc \u00e9s a &#8220;ull&#8221; amb la dificultat que aix\u00f2 comporta. &#8220;Crec personalment que aquesta modalitat que practica la ALFT, \u00e9s de les m\u00e9s divertides que existeixen, recreant el noble esport de la ca\u00e7a, per\u00f2 sense abatre cap animal&#8221;, tal com ha explicat el president de la ALFT, Vicente Ricarte.<\/p>\n<p>&#8220;Abans de comen\u00e7ar la prova d&#8217;aquesta competici\u00f3, es va guardar un minut de silenci en mem\u00f2ria del petit Julen. Tamb\u00e9 aprofitar des d&#8217;aqu\u00ed per agrair immensament a tots els que han participat en les ingents tasques de rescat: com malbaratament de solidaritat, tenim al poble m\u00e9s solidari que pugui existir, podem estar ben orgullosos &#8220;.<\/p>\n<p>&#8220;La prova es va desenvolupar en un dia assolellat, amb vent moderat i de vegades amb ratxes fortes. El muntatge del Camp de tir va consistir en 10 carrers amb 2 blancs a abatre i amb 3 minuts de temps per participant ia 2 voltes, el que suma 40 blancs ia 2 punts per blanc la possibilitat d&#8217;aconseguir 80 punts m\u00e0xim. la duresa de la tirada va ser mitja \/ alta, agreujada per la dificultat de l&#8217;estimaci\u00f3 de l&#8217;impacte a causa de les ratxes de vent, el que va fer les del\u00edcies de gaireb\u00e9 tots els tiradors &#8220;, com ha explicat Vicente Ricarte.<\/p>\n<p>Van ser un total de 16 tiradors i la classificaci\u00f3 de la prova va ser la seg\u00fcent:<\/p>\n<p>PCPs:<\/p>\n<p>Vicente Ricarte 75 punts<br \/>\nJesus Hernandez 74 punts<br \/>\nCarlos Aroca 73 punts<br \/>\nJose Vte.Perez 71 punts<br \/>\nManuel Lloret 66 punts<br \/>\nDavid Gomez 64 punts<br \/>\nJose Gascon 63 punts<br \/>\nJose M. Pe\u00f1a 59 punts<br \/>\nCategoria PCPs Dames Junior:<\/p>\n<p>1) Noelia Gascon 51 punts<\/p>\n<p>piston:<\/p>\n<p>Vicente Moscardo 69 punts<br \/>\nRaul Lopez 66 punts<br \/>\nManuel Menchon 66 punts<br \/>\nAntonio Sanchez 65 punts<br \/>\nTony Arjona 63 punts<br \/>\nGuillermo 57 punts.<br \/>\nPiston Junior:<\/p>\n<p>1) Bruno Ferrer 54 punts.<\/p>\n<p>&#8220;Ressaltar el doble empat en Piston de Raul i Manuel a 66 punts, i l&#8217;alta classificaci\u00f3 aconseguida per tots els participants, el que d\u00f3na fe de l&#8217;alt nivell d&#8217;aquesta modalitat en els esportistes participants&#8221;, segons el pressent.<\/p>\n<p>&#8220;No puc deixar d&#8217;escriure des d&#8217;aquest mitj\u00e0 la preocupaci\u00f3 entre tots els esportistes i aficionats a aquest esport pel nou projecte de llei de regulaci\u00f3 de les armes que est\u00e0 actualment en proc\u00e9s de ser aprovat &#8230; si aix\u00ed ho \u00e9s, tal com est\u00e0 redactat, ens obligar\u00e0 a haver d&#8217;abandonar tots els esports de tir amb armes de 4 categoria, les de l&#8217;aire comprimit, en ser pr\u00e0cticament inviables complir amb les exig\u00e8ncies d&#8217;aquesta llei, i per tant a haver de tancar els camps de tir autoritzats, el que seria una ll\u00e0stima per a tots nosaltres, a m\u00e9s que afectaria les poques ind\u00fastries armeras especialitzades en aire comprimit que queden a Espanya, a m\u00e9s de armeries f\u00edsiques i on line de venda d&#8217;armes d&#8217;aire i airsoft. Demanar als pol\u00edtics des d&#8217;aqu\u00ed, que quan es volen millorar les lleis, han de parlar amb els experts en els temes als quals afectar\u00e0, llevat que no es tingui en compte als esportistes, professionals i fabricants una vegada m\u00e9s &#8220;, seg\u00fa n ha remarcat el president.<\/p>\n<p>&#8220;Aix\u00ed doncs, animem a tothom amant dels esports del tir en qualsevol de les seves categories i modalitats que manifesti la seva disconformitat i executi el proc\u00e9s d&#8217;al\u00b7legacions obert fins al pr\u00f2xim 7 de febrer en contra d&#8217;aquest projecte. Aix\u00f2 pots fer-ho des del seg\u00fcent enlla\u00e7 fent constar el teu nom complet i DNI, aquest \u00faltim ha d&#8217;escriure sense punts, espais o guions &#8220;.<\/p>\n<p>&#8220;Despr\u00e9s de la competici\u00f3, els participants i membres de la ALFT van menjar al restaurant de Bunyol La Venda del Pilar per despr\u00e9s cap a les 16,30 hores celebrar la seva assemblea anual on es decideixen les activitats, competicions i tasques per poder seguir un any m\u00e9s i van onze anys ja, a Bunyol, participant com un m\u00e9s de la rica varietat d&#8217;esports que es practiquen a la Foia de Bunyol i sempre amb la inestimable ajuda i col\u00b7laboraci\u00f3 de l&#8217;ajuntament de Bunyol i del seu regidor d&#8217;Esports, Marta P\u00e9rez &#8221; .<\/p>\n<p>&#8220;Ens veiem, en la pr\u00f2xima tirada, si el temps i l&#8217;autoritat ho permeten el diumenge 24 de febrer al Camp de Tir&#8221; Els Coets &#8220;de Bunyol, en la nostra Tirada de la Lliga de la ALFT de Field Target&#8221;, ha finalitzat el president de la ALFT, Vicente Ricarte.<\/p>\n","protected":false},"excerpt":{"rendered":"<div class=\"mh-excerpt\">L&#8217;Associaci\u00f3 Llevantina de Field Target (ALFT) va celebrar la seva primera Tirada Oficial de HFT (Hunting Field Target) de l&#8217;any 2019 el passat diumenge 27 de gener al Camp de Tir &#8220;Els Coets&#8221; de Bunyol. <a class=\"mh-excerpt-more\" href=\"https:\/\/www.tucomarca.com\/wordpress\/segunda\/ca\/lassociacio-llevantina-de-field-target-celebra-la-seva-primera-tirada-oficial-de-hft-en-el-camp-de-tir-de-bunyol\/\" title=\"L&#8217;Associaci\u00f3 Llevantina de Field Target celebra la seva primera tirada oficial de HFT en el camp de tir de Bunyol\">[+] <\/a><\/div>\n","protected":false},"author":1,"featured_media":81119,"comment_status":"open","ping_status":"open","sticky":false,"template":"","format":"standard","meta":{"footnotes":""},"categories":[10911,11003,10912,11009,10896],"tags":[11314],"class_list":{"0":"post-81121","1":"post","2":"type-post","3":"status-publish","4":"format-standard","5":"has-post-thumbnail","7":"category-bunol-ca","8":"category-sports","9":"category-la-hoya-ca","10":"category-polideportivo-ca","11":"category-seccion-ca","12":"tag-bunyol-ca"},"_links":{"self":[{"href":"https:\/\/www.tucomarca.com\/wordpress\/segunda\/ca\/wp-json\/wp\/v2\/posts\/81121","targetHints":{"allow":["GET"]}}],"collection":[{"href":"https:\/\/www.tucomarca.com\/wordpress\/segunda\/ca\/wp-json\/wp\/v2\/posts"}],"about":[{"href":"https:\/\/www.tucomarca.com\/wordpress\/segunda\/ca\/wp-json\/wp\/v2\/types\/post"}],"author":[{"embeddable":true,"href":"https:\/\/www.tucomarca.com\/wordpress\/segunda\/ca\/wp-json\/wp\/v2\/users\/1"}],"replies":[{"embeddable":true,"href":"https:\/\/www.tucomarca.com\/wordpress\/segunda\/ca\/wp-json\/wp\/v2\/comments?post=81121"}],"version-history":[{"count":0,"href":"https:\/\/www.tucomarca.com\/wordpress\/segunda\/ca\/wp-json\/wp\/v2\/posts\/81121\/revisions"}],"wp:featuredmedia":[{"embeddable":true,"href":"https:\/\/www.tucomarca.com\/wordpress\/segunda\/ca\/wp-json\/wp\/v2\/media\/81119"}],"wp:attachment":[{"href":"https:\/\/www.tucomarca.com\/wordpress\/segunda\/ca\/wp-json\/wp\/v2\/media?parent=81121"}],"wp:term":[{"taxonomy":"category","embeddable":true,"href":"https:\/\/www.tucomarca.com\/wordpress\/segunda\/ca\/wp-json\/wp\/v2\/categories?post=81121"},{"taxonomy":"post_tag","embeddable":true,"href":"https:\/\/www.tucomarca.com\/wordpress\/segunda\/ca\/wp-json\/wp\/v2\/tags?post=81121"}],"curies":[{"name":"wp","href":"https:\/\/api.w.org\/{rel}","templated":true}]}}