{"id":81169,"date":"2019-02-05T23:59:12","date_gmt":"2019-02-05T21:59:12","guid":{"rendered":"http:\/\/www.tucomarca.com\/wordpress\/segunda\/?p=81169"},"modified":"2019-02-05T23:59:12","modified_gmt":"2019-02-05T21:59:12","slug":"la-mostra-de-lembotit-de-requena-uneix-gastronomia-i-embotit-en-els-seus-26-anys-dhistoria","status":"publish","type":"post","link":"https:\/\/www.tucomarca.com\/wordpress\/segunda\/ca\/la-mostra-de-lembotit-de-requena-uneix-gastronomia-i-embotit-en-els-seus-26-anys-dhistoria\/","title":{"rendered":"La Mostra de l&#8217;Embotit de Requena uneix gastronomia i embotit en els seus 26 anys d&#8217;hist\u00f2ria"},"content":{"rendered":"<figure id=\"attachment_81161\" aria-describedby=\"caption-attachment-81161\" style=\"width: 506px\" class=\"wp-caption alignleft\"><img loading=\"lazy\" decoding=\"async\" class=\" wp-image-81161\" src=\"http:\/\/www.tucomarca.com\/wordpress\/segunda\/wp-content\/uploads\/2019\/02\/26MuestraEmbutidoRequena.jpg\" alt=\"Gerente de Suzuki CENTROVAL, Vicent Sarri\u00e0, concejal de Desarrollo Urbano Ayto. Valencia, Miguel Garc\u00eda, Presidente Asoc. Embutido Artesano y de Calidad de Requena, Francesc Colomer, secretario auton\u00f3mico de Turismo, Mario S\u00e1nchez, alcalde de Requena, y Jos\u00e9 C. Chirivella, concejal de Comercio de Requena.\" width=\"506\" height=\"337\" srcset=\"https:\/\/www.tucomarca.com\/wordpress\/segunda\/wp-content\/uploads\/2019\/02\/26MuestraEmbutidoRequena.jpg 3000w, https:\/\/www.tucomarca.com\/wordpress\/segunda\/wp-content\/uploads\/2019\/02\/26MuestraEmbutidoRequena-300x200.jpg 300w, https:\/\/www.tucomarca.com\/wordpress\/segunda\/wp-content\/uploads\/2019\/02\/26MuestraEmbutidoRequena-768x512.jpg 768w, https:\/\/www.tucomarca.com\/wordpress\/segunda\/wp-content\/uploads\/2019\/02\/26MuestraEmbutidoRequena-1024x683.jpg 1024w\" sizes=\"auto, (max-width: 506px) 100vw, 506px\" \/><figcaption id=\"caption-attachment-81161\" class=\"wp-caption-text\">Gerent de Suzuki CENTROVAL, Vicent Sarri\u00e0, regidor de Desenvolupament Urb\u00e0 Ajuntament. Val\u00e8ncia, Miguel Garc\u00eda, President Assoc. Embotit Artes\u00e0 i de Qualitat de Requena, Francesc Colomer, secretari auton\u00f2mic de Turisme, Mario S\u00e1nchez, alcalde de Requena, i Jos\u00e9 C. Xirivella , regidor de Comer\u00e7 de Requena.<\/figcaption><\/figure>\n<p>Requena ha presentat la que ser\u00e0 la seva 26 edici\u00f3 de la Mostra de l&#8217;Embotit Artes\u00e0 i de Qualitat. Una cita destacada per als amants de la gastronomia m\u00e9s tradicional que tindr\u00e0 lloc del divendres 8 al diumenge 10 de febrer al recinte firal de la localitat, on es donaran cita productes tan t\u00edpics amb la g\u00fce\u00f1a o el gos, i altres m\u00e9s innovadors, com la llonganissa al cava o la sobrassada a la taronja.<\/p>\n<p>&#8220;Requena \u00e9s hist\u00f2ria, patrimoni i natura, per\u00f2 abans de res \u00e9s gastronomia. Estem dins la DO Cava, els nostres vins DO Utiel-requena s\u00f3n d&#8217;una qualitat fant\u00e0stica i sobre tot aix\u00f2 destaca la nostra ess\u00e8ncia, que \u00e9s el nostre embotit &#8220;, ha manifestat l&#8217;alcalde de la localitat, Mario S\u00e1nchez, durant l&#8217;acte de presentaci\u00f3 de la mostra.<\/p>\n<p>A m\u00e9s, hi ha assistit el secretari auton\u00f2mic de Turisme, Francesc Colomer, que ha estat acompanyat pel regidor de comer\u00e7 de l&#8217;Ajuntament de Requena, Jos\u00e9 C. Xirivella, i el regidor de Desenvolupament Urb\u00e0 de l&#8217;Ajuntament de Val\u00e8ncia, Vicent Sarri\u00e0. Al costat d&#8217;ells, el president de l&#8217;Associaci\u00f3 de l&#8217;Embotit Artes\u00e0 i de Qualitat de Requena, Miguel Garc\u00eda.<\/p>\n<p>&#8220;Requena amb la seva fira aporta autencididad, sumant al relat tur\u00edstic de la Comunitat Valenciana una proposta de enogastroturismo amb experi\u00e8ncies que van m\u00e9s enll\u00e0 de l&#8217;estandarditzaci\u00f3 i la rutina&#8221;, ha destacat Colomer.<\/p>\n<p>El primer acte de la 26 Mostra de l&#8217;Embotit de Requena ser\u00e0 el de la inauguraci\u00f3 oficial, que tindr\u00e0 lloc el proper divendres 8 de febrer a les 12:00 hores i al qual assistiran, entre altres autoritats, el delegat del Govern a la Comunitat Valenciana , Juan Carlos Fulgencio, que a m\u00e9s ser\u00e0 nomenat Mestre Carnisser, el diputat de Projectes Europeus, Central de Serveis Innovadors i Sostenibles i Contractaci\u00f3, Bartolom\u00e9 Nofuentes i la delegada d&#8217;Inclusi\u00f3 Social, Teatres i Mem\u00f2ria Hist\u00f2rica, Rosa P\u00e9rez, entre d&#8217;altres autoritats.<\/p>\n<p>L&#8217;acte insitucional donar\u00e0 pas a un cap de setmana en qu\u00e8 la gastronomia requenense, especialment el seu embotit, seran els protagonistes, gr\u00e0cies a la participaci\u00f3 de les carnisseries que formen part de l&#8217;Associaci\u00f3 de l&#8217;Embotit Artes\u00e0 i de Qualitat de Requena. Les fleques oferiran el tradicional bollo i les mestresses de casa Tyrius de proveir als assistents dels plats de cullera m\u00e9s famosos, com el gaspatxo o les molles. El recinte tamb\u00e9 acollir\u00e0 estands de formatge, caf\u00e8, oli i, per descomptat, vi, ja que estaran presents alguns dels cellers m\u00e9s representatives de la comarca.<\/p>\n<p>Les degustacions s&#8217;organitzaran mitjan\u00e7ant la compra de tiquets, que inclouen diverses consumicions de menjar i beguda, i que es podran comprar al mateix recinte firal, o la bestreta en l&#8217;Oficina de Turisme de Requena, a un preu de 8 \u20ac divendres i 10 \u20ac la resta del cap de setmana.<\/p>\n<p>En aquesta l\u00ednia, Xirivella, regidor de comer\u00e7 del municipi, ha recordat que el vincle entre embotit i Requena existeix des de fa segles, alhora que ha animat als visitants a &#8220;participar d&#8217;un bon tast a la seu de Ferevin&#8221;.<\/p>\n<p>Per la seva banda, Miguel Garc\u00eda, president de l&#8217;Associaci\u00f3 de l&#8217;Embotit Artes\u00e0 de Requena, ha invitat que tots els productes artesans es degusten al costat dels vins de la DOP i els guisats t\u00edpics requenenses, com l&#8217;all arriero o el Cachuli, perqu\u00e8 l&#8217;assistent visqui una &#8220;experi\u00e8ncia completa&#8221;.<\/p>\n<p><strong>Cultura i patrimoni, el complement perfecte<\/strong><\/p>\n<p>La Mostra de l&#8217;Embotit tamb\u00e9 es complementa amb actes divulgatius i culturals, com tastos de vi comentades per en\u00f2legs dels cellers participants, actuacions musicals i de dansa, representacions de teatre i espectacles de m\u00e0gia. I al costat de tot aix\u00f2, tamb\u00e9 hi ha espai per a con\u00e8ixer el ric patrimoni hist\u00f2ric de Requena, ja que amb la compra de cada tiquet de degustaci\u00f3, es lliurar\u00e0 una entrada gratu\u00efta a qualsevol monument o museu de la localitat, que ser\u00e0 v\u00e0lida qualsevol dia de l&#8217;any .<\/p>\n<p>Si a m\u00e9s s&#8217;arriba a Requena en AVE i rodalies, amb el bitllet del tren es podr\u00e0 obtenir un descompte del 10% en les compres que es facin a les carnisseries del recinte firal. A m\u00e9s, Renfe augmentar\u00e0 el nombre de places amb descomptes promocionals els DISA de la Mostra en els bitllets d&#8217;AVE des de Madrid i Cuenca.<\/p>\n<p>En aquesta edici\u00f3 tamb\u00e9 participa Suzuki CENTROVAL, cotxe oficial de la Mostra de l&#8217;Embotit de Requena 2019.<\/p>\n","protected":false},"excerpt":{"rendered":"<div class=\"mh-excerpt\">Requena ha presentat la que ser\u00e0 la seva 26 edici\u00f3 de la Mostra de l&#8217;Embotit Artes\u00e0 i de Qualitat. Una cita destacada per als amants de la gastronomia m\u00e9s tradicional que tindr\u00e0 lloc del divendres <a class=\"mh-excerpt-more\" href=\"https:\/\/www.tucomarca.com\/wordpress\/segunda\/ca\/la-mostra-de-lembotit-de-requena-uneix-gastronomia-i-embotit-en-els-seus-26-anys-dhistoria\/\" title=\"La Mostra de l&#8217;Embotit de Requena uneix gastronomia i embotit en els seus 26 anys d&#8217;hist\u00f2ria\">[+] <\/a><\/div>\n","protected":false},"author":2,"featured_media":81162,"comment_status":"open","ping_status":"open","sticky":false,"template":"","format":"standard","meta":{"footnotes":""},"categories":[10898,11004,11007,11008,10895,10908,10909,10896],"tags":[11254,11459,11291],"class_list":{"0":"post-81169","1":"post","2":"type-post","3":"status-publish","4":"format-standard","5":"has-post-thumbnail","7":"category-ventana-ca","8":"category-la-semana-en-imagenes-ca","9":"category-ocio-y-cultura-ca","10":"category-pueblos-en-fiestas-ca","11":"category-premsavalenciana-ca","12":"category-requena-ca","13":"category-requena-utiel-ca","14":"category-seccion-ca","15":"tag-ayuntamiento-de-requena-ca","16":"tag-utiel-requena-ca","17":"tag-xxvi-muestra-del-embutido-artesano-y-de-calidad-de-requena-ca"},"_links":{"self":[{"href":"https:\/\/www.tucomarca.com\/wordpress\/segunda\/ca\/wp-json\/wp\/v2\/posts\/81169","targetHints":{"allow":["GET"]}}],"collection":[{"href":"https:\/\/www.tucomarca.com\/wordpress\/segunda\/ca\/wp-json\/wp\/v2\/posts"}],"about":[{"href":"https:\/\/www.tucomarca.com\/wordpress\/segunda\/ca\/wp-json\/wp\/v2\/types\/post"}],"author":[{"embeddable":true,"href":"https:\/\/www.tucomarca.com\/wordpress\/segunda\/ca\/wp-json\/wp\/v2\/users\/2"}],"replies":[{"embeddable":true,"href":"https:\/\/www.tucomarca.com\/wordpress\/segunda\/ca\/wp-json\/wp\/v2\/comments?post=81169"}],"version-history":[{"count":0,"href":"https:\/\/www.tucomarca.com\/wordpress\/segunda\/ca\/wp-json\/wp\/v2\/posts\/81169\/revisions"}],"wp:featuredmedia":[{"embeddable":true,"href":"https:\/\/www.tucomarca.com\/wordpress\/segunda\/ca\/wp-json\/wp\/v2\/media\/81162"}],"wp:attachment":[{"href":"https:\/\/www.tucomarca.com\/wordpress\/segunda\/ca\/wp-json\/wp\/v2\/media?parent=81169"}],"wp:term":[{"taxonomy":"category","embeddable":true,"href":"https:\/\/www.tucomarca.com\/wordpress\/segunda\/ca\/wp-json\/wp\/v2\/categories?post=81169"},{"taxonomy":"post_tag","embeddable":true,"href":"https:\/\/www.tucomarca.com\/wordpress\/segunda\/ca\/wp-json\/wp\/v2\/tags?post=81169"}],"curies":[{"name":"wp","href":"https:\/\/api.w.org\/{rel}","templated":true}]}}