{"id":81224,"date":"2019-02-08T12:23:28","date_gmt":"2019-02-08T10:23:28","guid":{"rendered":"http:\/\/www.tucomarca.com\/wordpress\/segunda\/?p=81224"},"modified":"2019-02-08T12:23:28","modified_gmt":"2019-02-08T10:23:28","slug":"el-raco-dademus-va-rebre-133-589-euros-del-nou-model-de-serveis-socials-en-2018-de-la-diputacio","status":"publish","type":"post","link":"https:\/\/www.tucomarca.com\/wordpress\/segunda\/ca\/el-raco-dademus-va-rebre-133-589-euros-del-nou-model-de-serveis-socials-en-2018-de-la-diputacio\/","title":{"rendered":"El Rac\u00f3 d\u2019Adem\u00fas va rebre 133.589 euros del nou Model de Serveis Socials en 2018 de la Diputaci\u00f3"},"content":{"rendered":"<figure id=\"attachment_81221\" aria-describedby=\"caption-attachment-81221\" style=\"width: 512px\" class=\"wp-caption alignleft\"><img loading=\"lazy\" decoding=\"async\" class=\" wp-image-81221\" src=\"http:\/\/www.tucomarca.com\/wordpress\/segunda\/wp-content\/uploads\/2019\/02\/DipuRincon.jpg\" alt=\"Desde 2015 esta comarca ha aumentado sus ingresos en un 254,34% gracias a este programa social.\" width=\"512\" height=\"341\" srcset=\"https:\/\/www.tucomarca.com\/wordpress\/segunda\/wp-content\/uploads\/2019\/02\/DipuRincon.jpg 3184w, https:\/\/www.tucomarca.com\/wordpress\/segunda\/wp-content\/uploads\/2019\/02\/DipuRincon-300x200.jpg 300w, https:\/\/www.tucomarca.com\/wordpress\/segunda\/wp-content\/uploads\/2019\/02\/DipuRincon-768x511.jpg 768w, https:\/\/www.tucomarca.com\/wordpress\/segunda\/wp-content\/uploads\/2019\/02\/DipuRincon-1024x682.jpg 1024w\" sizes=\"auto, (max-width: 512px) 100vw, 512px\" \/><figcaption id=\"caption-attachment-81221\" class=\"wp-caption-text\">Des de 2015 aquesta comarca ha augmentat els seus ingressos en un 254,34% gr\u00e0cies a aquest programa social.<\/figcaption><\/figure>\n<p>La comarca del Raco d\u2019Adem\u00fas va rebre un total de 133.589 euros en concepte del nou Model de Serveis Socials de la Diputaci\u00f3 de Val\u00e8ncia en 2018, el qual va ser presentat la setmana passada per part de la Corporaci\u00f3 provincial el passat mes de setembre. Aquesta quantitat va suposar l\u2019increment del 254,34% de l\u2019aportaci\u00f3 de la Diputaci\u00f3 en la comarca durant el per\u00edode compr\u00e9s entre 2015 i 2018.<\/p>\n<p>La inversi\u00f3 global a trav\u00e9s d&#8217;aquest pla d&#8217;atenci\u00f3 prim\u00e0ria, de m\u00e9s de 12 milions d&#8217;euros, ha quadruplicat al llarg dels \u00faltims anys la partida destinada per l&#8217;anterior equip de govern a aquesta assist\u00e8ncia social b\u00e0sica. La inversi\u00f3 en 2018 en la mancomunitat Rinc\u00f3n de Ademuz va ser distribu\u00efda de la seg\u00fcent manera: 86.196 per a l\u2019equip social base, 11.250 per a prestacions econ\u00f2miques individualitzades, 2.500 per a reduir l\u2019empobriment energ\u00e8tic, 15.000 per al programa d\u2019ajuda a domicili, 16.660 per al programa de Servei d\u2019Atenci\u00f3 a Domicili en depend\u00e8ncia i 1.983 per als clubs de conviv\u00e8ncia.<\/p>\n<p><strong>L\u00ednies d&#8217;actuaci\u00f3<\/strong><\/p>\n<p>En paraules de la diputada d&#8217;Inclusi\u00f3 Social, Rosa P\u00e9rez Garijo, \u201cdurant els \u00faltims tres anys hem passat d&#8217;un sistema assistencial-burocr\u00e0tic a un altre de responsabilitat p\u00fablica basat en la prevenci\u00f3 i en la just\u00edcia social\u201d. Aquesta idea s&#8217;expressa tamb\u00e9 en dades, com el r\u00e0tio de professionals d&#8217;atenci\u00f3 en els Serveis Socials Municipals, que va passar d&#8217;un per cada 5.400 habitants en 2015 a un per cada 2.091 habitants en 2018.<\/p>\n<p>Aix\u00ed, la titular d&#8217;Inclusi\u00f3 Social, Rosa P\u00e9rez Garijo, ha fet balan\u00e7 i ha destacat &#8220;la construcci\u00f3 d\u2019una atenci\u00f3 social prim\u00e0ria digna, arrelada al territori, ben dotada i amb capacitat de donar resposta a les necessitats socials de totes les persones, sense discriminaci\u00f3&#8221;.<\/p>\n","protected":false},"excerpt":{"rendered":"<div class=\"mh-excerpt\">La comarca del Raco d\u2019Adem\u00fas va rebre un total de 133.589 euros en concepte del nou Model de Serveis Socials de la Diputaci\u00f3 de Val\u00e8ncia en 2018, el qual va ser presentat la setmana passada <a class=\"mh-excerpt-more\" href=\"https:\/\/www.tucomarca.com\/wordpress\/segunda\/ca\/el-raco-dademus-va-rebre-133-589-euros-del-nou-model-de-serveis-socials-en-2018-de-la-diputacio\/\" title=\"El Rac\u00f3 d\u2019Adem\u00fas va rebre 133.589 euros del nou Model de Serveis Socials en 2018 de la Diputaci\u00f3\">[+] <\/a><\/div>\n","protected":false},"author":1,"featured_media":81222,"comment_status":"open","ping_status":"open","sticky":false,"template":"","format":"standard","meta":{"footnotes":""},"categories":[10890,10898,10948,10894,10947,10896],"tags":[11246],"class_list":{"0":"post-81224","1":"post","2":"type-post","3":"status-publish","4":"format-standard","5":"has-post-thumbnail","7":"category-ademus","8":"category-ventana-ca","9":"category-infraestructuras-ca","10":"category-la-comarca-ca","11":"category-politica","12":"category-seccion-ca","13":"tag-diputacio-de-valencia-ca"},"_links":{"self":[{"href":"https:\/\/www.tucomarca.com\/wordpress\/segunda\/ca\/wp-json\/wp\/v2\/posts\/81224","targetHints":{"allow":["GET"]}}],"collection":[{"href":"https:\/\/www.tucomarca.com\/wordpress\/segunda\/ca\/wp-json\/wp\/v2\/posts"}],"about":[{"href":"https:\/\/www.tucomarca.com\/wordpress\/segunda\/ca\/wp-json\/wp\/v2\/types\/post"}],"author":[{"embeddable":true,"href":"https:\/\/www.tucomarca.com\/wordpress\/segunda\/ca\/wp-json\/wp\/v2\/users\/1"}],"replies":[{"embeddable":true,"href":"https:\/\/www.tucomarca.com\/wordpress\/segunda\/ca\/wp-json\/wp\/v2\/comments?post=81224"}],"version-history":[{"count":0,"href":"https:\/\/www.tucomarca.com\/wordpress\/segunda\/ca\/wp-json\/wp\/v2\/posts\/81224\/revisions"}],"wp:featuredmedia":[{"embeddable":true,"href":"https:\/\/www.tucomarca.com\/wordpress\/segunda\/ca\/wp-json\/wp\/v2\/media\/81222"}],"wp:attachment":[{"href":"https:\/\/www.tucomarca.com\/wordpress\/segunda\/ca\/wp-json\/wp\/v2\/media?parent=81224"}],"wp:term":[{"taxonomy":"category","embeddable":true,"href":"https:\/\/www.tucomarca.com\/wordpress\/segunda\/ca\/wp-json\/wp\/v2\/categories?post=81224"},{"taxonomy":"post_tag","embeddable":true,"href":"https:\/\/www.tucomarca.com\/wordpress\/segunda\/ca\/wp-json\/wp\/v2\/tags?post=81224"}],"curies":[{"name":"wp","href":"https:\/\/api.w.org\/{rel}","templated":true}]}}