{"id":81561,"date":"2019-02-12T21:26:19","date_gmt":"2019-02-12T19:26:19","guid":{"rendered":"http:\/\/www.tucomarca.com\/wordpress\/segunda\/?p=81561"},"modified":"2019-02-12T21:26:19","modified_gmt":"2019-02-12T19:26:19","slug":"arrenquen-les-obres-durbanitzacio-duna-zona-de-descans-i-un-parc-de-cal%c2%b7listenia-al-costat-de-les-pistes-de-padel-i-tennis-del-planell-de-bunyol","status":"publish","type":"post","link":"https:\/\/www.tucomarca.com\/wordpress\/segunda\/ca\/arrenquen-les-obres-durbanitzacio-duna-zona-de-descans-i-un-parc-de-cal%c2%b7listenia-al-costat-de-les-pistes-de-padel-i-tennis-del-planell-de-bunyol\/","title":{"rendered":"Arrenquen les obres d&#8217;urbanitzaci\u00f3 d&#8217;una zona de descans i un parc de cal\u00b7list\u00e8nia al costat de les pistes de p\u00e0del i tennis del Planell de Bunyol"},"content":{"rendered":"<figure id=\"attachment_81558\" aria-describedby=\"caption-attachment-81558\" style=\"width: 564px\" class=\"wp-caption alignleft\"><img loading=\"lazy\" decoding=\"async\" class=\" wp-image-81558\" src=\"http:\/\/www.tucomarca.com\/wordpress\/segunda\/wp-content\/uploads\/2019\/02\/BunolPlanell.jpg\" alt=\"La zona que est\u00e1 urbaniz\u00e1ndose en este momento ir\u00e1 unida a una pista polideportiva con grader\u00edo.\" width=\"564\" height=\"423\" srcset=\"https:\/\/www.tucomarca.com\/wordpress\/segunda\/wp-content\/uploads\/2019\/02\/BunolPlanell.jpg 1600w, https:\/\/www.tucomarca.com\/wordpress\/segunda\/wp-content\/uploads\/2019\/02\/BunolPlanell-300x225.jpg 300w, https:\/\/www.tucomarca.com\/wordpress\/segunda\/wp-content\/uploads\/2019\/02\/BunolPlanell-768x576.jpg 768w, https:\/\/www.tucomarca.com\/wordpress\/segunda\/wp-content\/uploads\/2019\/02\/BunolPlanell-1024x768.jpg 1024w\" sizes=\"auto, (max-width: 564px) 100vw, 564px\" \/><figcaption id=\"caption-attachment-81558\" class=\"wp-caption-text\">La zona que est\u00e0 urbanitzant en aquest moment anir\u00e0 unida a una pista poliesportiva amb la graderia.<\/figcaption><\/figure>\n<p>El regidor d&#8217;Urbanisme de l&#8217;Ajuntament de Bunyol, Rafael P\u00e9rez, ha confirmat el comen\u00e7ament de les obres de reurbanitzaci\u00f3 del Parc del Planell de la localitat. Van comen\u00e7ar aquest dilluns, 11 de febrer, i es preveu que el termini d&#8217;execuci\u00f3 de les obres finalitzi en un mes aproximadament.<\/p>\n<p>El cost total de l&#8217;obra, que \u00e9s de 21.000 euros, segons Rafa P\u00e9rez &#8220;tot i haver comptat amb problemes en la licitaci\u00f3 de l&#8217;obra, en la qual l&#8217;Ajuntament va arrencar tots els tr\u00e0mits fa un any i quatre mesos, ara ja pot comen\u00e7ar i en breu tamb\u00e9 es preveu la licitaci\u00f3 d&#8217;una altra obra contigua a la zona que acaba de comen\u00e7ar &#8220;.<\/p>\n<p>&#8220;L&#8217;obra consisteix \u00e9s la urbanitzaci\u00f3 d&#8217;una gran zona al costat de les pistes de p\u00e0del i tennis, on s&#8217;instal\u00b7lar\u00e0 una replaceta amb zona de descans, font i parc de calistenia. La construcci\u00f3 d&#8217;aquesta zona de descans era una reivindicaci\u00f3 dels esportistes que necessitaven d&#8217;un lloc on poder descansar mentre la pr\u00e0ctica de l&#8217;esport oa la finalitzaci\u00f3 del mateix &#8220;, ha explicat l&#8217;edil d&#8217;Urbanisme i primer tinent d&#8217;alcalde de l&#8217;Ajuntament de Bu\u00f1ol.<\/p>\n<p>&#8220;Aquesta zona que est\u00e0 urbanitzant en aquest moment anir\u00e0 unida a una pista poliesportiva amb la graderia, que en breu preveu acabar la fase de licitaci\u00f3 i aix\u00ed arrencar les obres. Despr\u00e9s de la conclusi\u00f3 d&#8217;aquestes obres el poble de Bunyol, esportistes i usuaris de la zona tant de la localitat com de la comarca gaudiran d&#8217;unes millors instal\u00b7lacions, projecte que encara aspira a cr\u00e9ixer perqu\u00e8 creiem que \u00e9s una zona id\u00f2nia per a la pr\u00e0ctica de l&#8217;esport i que cal dotar-la de tots els mitjans possibles perqu\u00e8 tant petits com grans tinguin condicions \u00f2ptimes i excel\u00b7lents instal\u00b7lacions &#8220;, ha finalitzat el regidor.<\/p>\n","protected":false},"excerpt":{"rendered":"<div class=\"mh-excerpt\">El regidor d&#8217;Urbanisme de l&#8217;Ajuntament de Bunyol, Rafael P\u00e9rez, ha confirmat el comen\u00e7ament de les obres de reurbanitzaci\u00f3 del Parc del Planell de la localitat. Van comen\u00e7ar aquest dilluns, 11 de febrer, i es preveu <a class=\"mh-excerpt-more\" href=\"https:\/\/www.tucomarca.com\/wordpress\/segunda\/ca\/arrenquen-les-obres-durbanitzacio-duna-zona-de-descans-i-un-parc-de-cal%c2%b7listenia-al-costat-de-les-pistes-de-padel-i-tennis-del-planell-de-bunyol\/\" title=\"Arrenquen les obres d&#8217;urbanitzaci\u00f3 d&#8217;una zona de descans i un parc de cal\u00b7list\u00e8nia al costat de les pistes de p\u00e0del i tennis del Planell de Bunyol\">[+] <\/a><\/div>\n","protected":false},"author":1,"featured_media":81559,"comment_status":"open","ping_status":"open","sticky":false,"template":"","format":"standard","meta":{"footnotes":""},"categories":[10911,10898,10948,10894,10912,10947,10896],"tags":[11314],"class_list":{"0":"post-81561","1":"post","2":"type-post","3":"status-publish","4":"format-standard","5":"has-post-thumbnail","7":"category-bunol-ca","8":"category-ventana-ca","9":"category-infraestructuras-ca","10":"category-la-comarca-ca","11":"category-la-hoya-ca","12":"category-politica","13":"category-seccion-ca","14":"tag-bunyol-ca"},"_links":{"self":[{"href":"https:\/\/www.tucomarca.com\/wordpress\/segunda\/ca\/wp-json\/wp\/v2\/posts\/81561","targetHints":{"allow":["GET"]}}],"collection":[{"href":"https:\/\/www.tucomarca.com\/wordpress\/segunda\/ca\/wp-json\/wp\/v2\/posts"}],"about":[{"href":"https:\/\/www.tucomarca.com\/wordpress\/segunda\/ca\/wp-json\/wp\/v2\/types\/post"}],"author":[{"embeddable":true,"href":"https:\/\/www.tucomarca.com\/wordpress\/segunda\/ca\/wp-json\/wp\/v2\/users\/1"}],"replies":[{"embeddable":true,"href":"https:\/\/www.tucomarca.com\/wordpress\/segunda\/ca\/wp-json\/wp\/v2\/comments?post=81561"}],"version-history":[{"count":0,"href":"https:\/\/www.tucomarca.com\/wordpress\/segunda\/ca\/wp-json\/wp\/v2\/posts\/81561\/revisions"}],"wp:featuredmedia":[{"embeddable":true,"href":"https:\/\/www.tucomarca.com\/wordpress\/segunda\/ca\/wp-json\/wp\/v2\/media\/81559"}],"wp:attachment":[{"href":"https:\/\/www.tucomarca.com\/wordpress\/segunda\/ca\/wp-json\/wp\/v2\/media?parent=81561"}],"wp:term":[{"taxonomy":"category","embeddable":true,"href":"https:\/\/www.tucomarca.com\/wordpress\/segunda\/ca\/wp-json\/wp\/v2\/categories?post=81561"},{"taxonomy":"post_tag","embeddable":true,"href":"https:\/\/www.tucomarca.com\/wordpress\/segunda\/ca\/wp-json\/wp\/v2\/tags?post=81561"}],"curies":[{"name":"wp","href":"https:\/\/api.w.org\/{rel}","templated":true}]}}