{"id":81569,"date":"2019-02-12T21:45:15","date_gmt":"2019-02-12T19:45:15","guid":{"rendered":"http:\/\/www.tucomarca.com\/wordpress\/segunda\/?p=81569"},"modified":"2019-02-12T21:45:15","modified_gmt":"2019-02-12T19:45:15","slug":"la-mostra-internacional-de-cinema-educatiu-mice-arriba-a-leliana","status":"publish","type":"post","link":"https:\/\/www.tucomarca.com\/wordpress\/segunda\/ca\/la-mostra-internacional-de-cinema-educatiu-mice-arriba-a-leliana\/","title":{"rendered":"La Mostra Internacional de Cinema Educatiu, MICE, arriba a l\u2019Eliana"},"content":{"rendered":"<p>&nbsp;<\/p>\n<figure id=\"attachment_81566\" aria-describedby=\"caption-attachment-81566\" style=\"width: 649px\" class=\"wp-caption alignleft\"><img loading=\"lazy\" decoding=\"async\" class=\" wp-image-81566\" src=\"http:\/\/www.tucomarca.com\/wordpress\/segunda\/wp-content\/uploads\/2019\/02\/MICELELIANA2.jpg\" alt=\"Este martes por la ma\u00f1ana ha tenido lugar en el Centro Sociocultural la proyecci\u00f3n de la pel\u00edcula HAALKA, para alumnos de 5\u00ba y 6\u00ba de primaria.\" width=\"649\" height=\"487\" srcset=\"https:\/\/www.tucomarca.com\/wordpress\/segunda\/wp-content\/uploads\/2019\/02\/MICELELIANA2.jpg 4608w, https:\/\/www.tucomarca.com\/wordpress\/segunda\/wp-content\/uploads\/2019\/02\/MICELELIANA2-300x225.jpg 300w, https:\/\/www.tucomarca.com\/wordpress\/segunda\/wp-content\/uploads\/2019\/02\/MICELELIANA2-768x576.jpg 768w, https:\/\/www.tucomarca.com\/wordpress\/segunda\/wp-content\/uploads\/2019\/02\/MICELELIANA2-1024x768.jpg 1024w\" sizes=\"auto, (max-width: 649px) 100vw, 649px\" \/><figcaption id=\"caption-attachment-81566\" class=\"wp-caption-text\"><b><span lang=\"CA\">Dimarts pel mat\u00ed ha tingut lloc al Centre Sociocultural la projecci\u00f3 de la pel\u00b7l\u00edcula HAALKA, per a alumnes de 5\u00e9 i 6\u00e9 de prim\u00e0ria<\/span><\/b>y 6\u00ba de primaria.<\/figcaption><\/figure>\n<p>L\u2019acte ha comen\u00e7at amb la presentaci\u00f3 per part de la regidora d\u2019Educaci\u00f3 Eva Santaf\u00e9 i tot seguit Abel G\u00f3mez, alumne de 9 anys del col\u00b7legi l\u2019Olivera, ha interpretat diverses peces al cello que han sigut molt aplaudides.<\/p>\n<p>La pel.l\u00edcula HAALKA conta la hist\u00f2ria trista per\u00f2 tendra de Pichku, un xiquet que viu amb la seua fam\u00edlia en la mis\u00e8ria a l\u2019\u00cdndia, i el seu somni \u00e9s poder tindre un v\u00e0ter propi. Per\u00f2 tot est\u00e0 contat amb humor, transmetent il\u00b7lusi\u00f3 i mostrant que amb esfor\u00e7 i treball es poden aconseguir alguns desitjos.<\/p>\n<p>Els dobladors, els alumnes del col.legi Helios, han fet un gran treball i han aconseguit l\u2019objectiu principal del doblatge: fer que els espectadors seguiren la historia com si les veus en valenci\u00e0 isqueren de la pantalla. Els ha dirigit el seu professor Rafa Desco.<\/p>\n<p>El director\u00a0 i productor del film Jitendra Mishra, ha estat present, aix\u00ed com el director de la Mostra Josep Arbiol, i tots dos han agra\u00eft efusivament el treball fet pels alumnes.<\/p>\n<p>A m\u00e9s, durant esta setmana, directors de cinema estrangers estan impartint a l\u2019alumnat de l\u2019IES l\u2019Eliana i del col\u00b7legi Helios tallers de producci\u00f3 cinematogr\u00e0fica. El director alemany Marc Thobias Winterhag est\u00e0 al front del projecte d\u2019Helios i i la directora d\u2019Uzbekistan Stefaniya Abbasova se\u2019n fa c\u00e0rrec del de l\u2019IES l\u2019Eliana, tot i que treballen junts. Els alumnes han de fer tot el proc\u00e9s de gravaci\u00f3 i edici\u00f3 de curtmetratges en molt poc de temps, ja que la data de l\u2019estrena ser\u00e0 d\u2019ac\u00ed huit dies, el 20 de febrer.<\/p>\n<p>La\u00a0 MICE pret\u00e9n unir el m\u00f3n educatiu amb l\u2019audiovisual. S\u00f3n moltes les seccions que hi formen part, tant professionals com universit\u00e0ries i escolars.<\/p>\n<p>La setmana pr\u00f2xima, els dies 20 i 21, es projectaran a l\u2019Eliana produccions destinades tant a Educaci\u00f3 Prim\u00e0ria com a Secund\u00e0ria. Es calcula que vora 1.800 alumnes disfrutaran la MICE d\u2019enguany a l\u2019Eliana.<\/p>\n","protected":false},"excerpt":{"rendered":"<div class=\"mh-excerpt\">&nbsp; L\u2019acte ha comen\u00e7at amb la presentaci\u00f3 per part de la regidora d\u2019Educaci\u00f3 Eva Santaf\u00e9 i tot seguit Abel G\u00f3mez, alumne de 9 anys del col\u00b7legi l\u2019Olivera, ha interpretat diverses peces al cello que han <a class=\"mh-excerpt-more\" href=\"https:\/\/www.tucomarca.com\/wordpress\/segunda\/ca\/la-mostra-internacional-de-cinema-educatiu-mice-arriba-a-leliana\/\" title=\"La Mostra Internacional de Cinema Educatiu, MICE, arriba a l\u2019Eliana\">[+] <\/a><\/div>\n","protected":false},"author":1,"featured_media":81565,"comment_status":"open","ping_status":"open","sticky":false,"template":"","format":"standard","meta":{"footnotes":""},"categories":[10892,10893,11007,10896],"tags":[10899],"class_list":{"0":"post-81569","1":"post","2":"type-post","3":"status-publish","4":"format-standard","5":"has-post-thumbnail","7":"category-camp-de-turia-ca","8":"category-leliana-ca","9":"category-ocio-y-cultura-ca","10":"category-seccion-ca","11":"tag-camp-de-turia-ca"},"_links":{"self":[{"href":"https:\/\/www.tucomarca.com\/wordpress\/segunda\/ca\/wp-json\/wp\/v2\/posts\/81569","targetHints":{"allow":["GET"]}}],"collection":[{"href":"https:\/\/www.tucomarca.com\/wordpress\/segunda\/ca\/wp-json\/wp\/v2\/posts"}],"about":[{"href":"https:\/\/www.tucomarca.com\/wordpress\/segunda\/ca\/wp-json\/wp\/v2\/types\/post"}],"author":[{"embeddable":true,"href":"https:\/\/www.tucomarca.com\/wordpress\/segunda\/ca\/wp-json\/wp\/v2\/users\/1"}],"replies":[{"embeddable":true,"href":"https:\/\/www.tucomarca.com\/wordpress\/segunda\/ca\/wp-json\/wp\/v2\/comments?post=81569"}],"version-history":[{"count":0,"href":"https:\/\/www.tucomarca.com\/wordpress\/segunda\/ca\/wp-json\/wp\/v2\/posts\/81569\/revisions"}],"wp:featuredmedia":[{"embeddable":true,"href":"https:\/\/www.tucomarca.com\/wordpress\/segunda\/ca\/wp-json\/wp\/v2\/media\/81565"}],"wp:attachment":[{"href":"https:\/\/www.tucomarca.com\/wordpress\/segunda\/ca\/wp-json\/wp\/v2\/media?parent=81569"}],"wp:term":[{"taxonomy":"category","embeddable":true,"href":"https:\/\/www.tucomarca.com\/wordpress\/segunda\/ca\/wp-json\/wp\/v2\/categories?post=81569"},{"taxonomy":"post_tag","embeddable":true,"href":"https:\/\/www.tucomarca.com\/wordpress\/segunda\/ca\/wp-json\/wp\/v2\/tags?post=81569"}],"curies":[{"name":"wp","href":"https:\/\/api.w.org\/{rel}","templated":true}]}}