{"id":81609,"date":"2019-02-13T00:03:40","date_gmt":"2019-02-12T22:03:40","guid":{"rendered":"http:\/\/www.tucomarca.com\/wordpress\/segunda\/?p=81609"},"modified":"2019-02-13T00:03:40","modified_gmt":"2019-02-12T22:03:40","slug":"eu-de-bunyol-proposa-a-les-forces-a-lesquerra-del-psoe-confeccionar-una-candidatura-unica-a-les-municipals","status":"publish","type":"post","link":"https:\/\/www.tucomarca.com\/wordpress\/segunda\/ca\/eu-de-bunyol-proposa-a-les-forces-a-lesquerra-del-psoe-confeccionar-una-candidatura-unica-a-les-municipals\/","title":{"rendered":"EU de Bunyol proposa a les forces &#8220;a l&#8217;esquerra del PSOE&#8221; confeccionar una candidatura \u00fanica a les municipals"},"content":{"rendered":"<figure id=\"attachment_81606\" aria-describedby=\"caption-attachment-81606\" style=\"width: 368px\" class=\"wp-caption alignleft\"><img loading=\"lazy\" decoding=\"async\" class=\" wp-image-81606\" src=\"http:\/\/www.tucomarca.com\/wordpress\/segunda\/wp-content\/uploads\/2019\/02\/ChjimoMasmanoEU.jpg\" alt=\"El coordinador local de EU en Bu\u00f1ol, Joaqu\u00edn Masmano Ruiz.\" width=\"368\" height=\"288\" srcset=\"https:\/\/www.tucomarca.com\/wordpress\/segunda\/wp-content\/uploads\/2019\/02\/ChjimoMasmanoEU.jpg 667w, https:\/\/www.tucomarca.com\/wordpress\/segunda\/wp-content\/uploads\/2019\/02\/ChjimoMasmanoEU-300x235.jpg 300w\" sizes=\"auto, (max-width: 368px) 100vw, 368px\" \/><figcaption id=\"caption-attachment-81606\" class=\"wp-caption-text\">El coordinador local d&#8217;EU a Bunyol, Joaqu\u00edn Masmano Ruiz.<\/figcaption><\/figure>\n<p>La formaci\u00f3 Esquerra Unida de Bunyol, despr\u00e9s de la seva darrera Assemblea, ha fet p\u00fablic el seu acord per &#8220;fer una crida a les forces pol\u00edtiques de l&#8217;esquerra a Bunyol\u00a0per a treballar en l&#8217;elaboraci\u00f3 d&#8217;una \u00fanica candidatura per a les eleccions municipals&#8221;.<\/p>\n<p>Una carta que segons ha informat des Esquerrra Unida seu coordinador local, Joaqu\u00edn Masmano Ruiz, ha estat &#8220;lliurada als partits a l&#8217;ala de l&#8217;esquerra del PSOE a Bunyol, (IAB, Comprom\u00eds i Els Verds) per la unitat&#8221;.<\/p>\n<p>En la seva missiva, Esquerra Unida assegura que &#8220;agrupar l&#8217;electorat de l&#8217;esquerra real en una sola candidatura referent maximitza els vots i els resultats en el nombre de regidors. A millors resultats electorals de l&#8217;esquerra, pitjors de la dreta i del centre-dreta i conseq\u00fcentment governs i programes de gesti\u00f3 municipal progressistes i socials &#8220;.<\/p>\n<p>El col\u00b7lectiu d&#8217;Esquerra Unida de Bunyol tamb\u00e9 ha confirmat que &#8220;est\u00e0 en reunions amb Podem per poder confeccionar una llista de les dues formacions, de Units-Podem amb la qual anar als comicis municipals de maig&#8221;.<\/p>\n<p>&#8220;La llista unit\u00e0ria d&#8217;Esquerra Unida i Podem seria un referent de l&#8217;esquerra real a Bu\u00f1ol i per aix\u00f2 entenem com a important ampliar-lo a tots els partits o grups municipals. L&#8217;oferiment d&#8217;Esquerra Unida per a confeccionar aquesta llista unit\u00e0ria de l&#8217;esquerra \u00e9s obert i participatiu , de manera que transmetem la nostra voluntat a les forces pol\u00edtiques de l&#8217;esquerra ia l&#8217;opini\u00f3 p\u00fablica &#8220;, han finalitzat des d&#8217;esquerra Unida.<\/p>\n","protected":false},"excerpt":{"rendered":"<div class=\"mh-excerpt\">La formaci\u00f3 Esquerra Unida de Bunyol, despr\u00e9s de la seva darrera Assemblea, ha fet p\u00fablic el seu acord per &#8220;fer una crida a les forces pol\u00edtiques de l&#8217;esquerra a Bunyol\u00a0per a treballar en l&#8217;elaboraci\u00f3 d&#8217;una <a class=\"mh-excerpt-more\" href=\"https:\/\/www.tucomarca.com\/wordpress\/segunda\/ca\/eu-de-bunyol-proposa-a-les-forces-a-lesquerra-del-psoe-confeccionar-una-candidatura-unica-a-les-municipals\/\" title=\"EU de Bunyol proposa a les forces &#8220;a l&#8217;esquerra del PSOE&#8221; confeccionar una candidatura \u00fanica a les municipals\">[+] <\/a><\/div>\n","protected":false},"author":1,"featured_media":81607,"comment_status":"open","ping_status":"open","sticky":false,"template":"","format":"standard","meta":{"footnotes":""},"categories":[10911,10898,10894,10912,10947,10896],"tags":[11314],"class_list":{"0":"post-81609","1":"post","2":"type-post","3":"status-publish","4":"format-standard","5":"has-post-thumbnail","7":"category-bunol-ca","8":"category-ventana-ca","9":"category-la-comarca-ca","10":"category-la-hoya-ca","11":"category-politica","12":"category-seccion-ca","13":"tag-bunyol-ca"},"_links":{"self":[{"href":"https:\/\/www.tucomarca.com\/wordpress\/segunda\/ca\/wp-json\/wp\/v2\/posts\/81609","targetHints":{"allow":["GET"]}}],"collection":[{"href":"https:\/\/www.tucomarca.com\/wordpress\/segunda\/ca\/wp-json\/wp\/v2\/posts"}],"about":[{"href":"https:\/\/www.tucomarca.com\/wordpress\/segunda\/ca\/wp-json\/wp\/v2\/types\/post"}],"author":[{"embeddable":true,"href":"https:\/\/www.tucomarca.com\/wordpress\/segunda\/ca\/wp-json\/wp\/v2\/users\/1"}],"replies":[{"embeddable":true,"href":"https:\/\/www.tucomarca.com\/wordpress\/segunda\/ca\/wp-json\/wp\/v2\/comments?post=81609"}],"version-history":[{"count":0,"href":"https:\/\/www.tucomarca.com\/wordpress\/segunda\/ca\/wp-json\/wp\/v2\/posts\/81609\/revisions"}],"wp:featuredmedia":[{"embeddable":true,"href":"https:\/\/www.tucomarca.com\/wordpress\/segunda\/ca\/wp-json\/wp\/v2\/media\/81607"}],"wp:attachment":[{"href":"https:\/\/www.tucomarca.com\/wordpress\/segunda\/ca\/wp-json\/wp\/v2\/media?parent=81609"}],"wp:term":[{"taxonomy":"category","embeddable":true,"href":"https:\/\/www.tucomarca.com\/wordpress\/segunda\/ca\/wp-json\/wp\/v2\/categories?post=81609"},{"taxonomy":"post_tag","embeddable":true,"href":"https:\/\/www.tucomarca.com\/wordpress\/segunda\/ca\/wp-json\/wp\/v2\/tags?post=81609"}],"curies":[{"name":"wp","href":"https:\/\/api.w.org\/{rel}","templated":true}]}}