{"id":81928,"date":"2019-02-19T15:00:16","date_gmt":"2019-02-19T13:00:16","guid":{"rendered":"http:\/\/www.tucomarca.com\/wordpress\/segunda\/?p=81928"},"modified":"2019-02-19T15:01:47","modified_gmt":"2019-02-19T13:01:47","slug":"fotogaleria-xest-recapta-2-088-euros-per-a-la-investigacio-de-malalties-rares","status":"publish","type":"post","link":"https:\/\/www.tucomarca.com\/wordpress\/segunda\/ca\/fotogaleria-xest-recapta-2-088-euros-per-a-la-investigacio-de-malalties-rares\/","title":{"rendered":"Fotogaleria: Xest recapta 2.088 euros per a la investigaci\u00f3 de malalties rares"},"content":{"rendered":"<figure id=\"attachment_81898\" aria-describedby=\"caption-attachment-81898\" style=\"width: 495px\" class=\"wp-caption alignleft\"><img loading=\"lazy\" decoding=\"async\" class=\" wp-image-81898\" src=\"http:\/\/www.tucomarca.com\/wordpress\/segunda\/wp-content\/uploads\/2019\/02\/05EnfermRaras.jpeg\" alt=\"Cheste recauda 2.088 euros para la investigaci\u00f3n de enfermedades raras.\" width=\"495\" height=\"330\" srcset=\"https:\/\/www.tucomarca.com\/wordpress\/segunda\/wp-content\/uploads\/2019\/02\/05EnfermRaras.jpeg 5472w, https:\/\/www.tucomarca.com\/wordpress\/segunda\/wp-content\/uploads\/2019\/02\/05EnfermRaras-300x200.jpeg 300w, https:\/\/www.tucomarca.com\/wordpress\/segunda\/wp-content\/uploads\/2019\/02\/05EnfermRaras-768x512.jpeg 768w, https:\/\/www.tucomarca.com\/wordpress\/segunda\/wp-content\/uploads\/2019\/02\/05EnfermRaras-1024x683.jpeg 1024w\" sizes=\"auto, (max-width: 495px) 100vw, 495px\" \/><figcaption id=\"caption-attachment-81898\" class=\"wp-caption-text\">Xest recapta 2.088 euros per a la investigaci\u00f3 de malalties rares.<\/figcaption><\/figure>\n<p>Desenes de ve\u00efns i ve\u00efnes de Xest van participar diumenge\u00a0en una marxa solid\u00e0ria amb motiu de la celebraci\u00f3 del Dia Mundial de les Malalties Rares. Aquesta activitat s&#8217;insereix dins d&#8217;un programa m\u00e9s ampli que inclou una xerrada a c\u00e0rrec del Grup de Recerca en Biomedicina Molecular, Cel\u00b7lular i Gen\u00f2mica del IIS La Fe, que tindr\u00e0 lloc dijous que ve, 21 de febrer a la sala de plens de l&#8217;Ajuntament; la inauguraci\u00f3 d&#8217;una placa a la pla\u00e7a de la Constituci\u00f3 de Xest i la celebraci\u00f3 del concert solidari &#8220;Tota una vida&#8221;, el dissabte 23 de febrer, i la projecci\u00f3 de la pel\u00b7l\u00edcula Campions, que tindr\u00e0 lloc el diumenge 3 de mar\u00e7 al teatre Liceu.<\/p>\n<p>&#8220;Els que estan involucrats amb les malalties rares s\u00f3n fonamentalment les fam\u00edlies de les persones afectades i les organitzacions que les acompanyen, per\u00f2 aix\u00f2 no \u00e9s suficient: la solidaritat \u00e9s necess\u00e0ria&#8221;, declarava la regidora de Sanitat, M\u00aa \u00c1ngeles Llorente. &#8220;\u00c9s important\u00edssim que totes les administracions s&#8217;impliquen i col\u00b7laboren amb aquestes associacions per impulsar la recerca. La constituci\u00f3 diu que totes les persones tenen els mateixos drets i, per tant, totes les persones que pateixen una malaltia rara, encara que siguin una, dues o tres, tenen els mateixos drets que la resta de persones d&#8217;aquest pa\u00eds i aix\u00ed hem de exigir des de la societat civil. Han de ser les poblacions senceres, com es fa amb altres associacions m\u00e9s consolidades, com l&#8217;AECC, les que reivindiquin que hi hagi m\u00e9s investigaci\u00f3 i les institucions tenen l&#8217;obligaci\u00f3 i el deure de implicar-se en aix\u00f2 &#8220;.<\/p>\n<p>La marxa va arrencar a les 12 hores des de la pla\u00e7a Doctor Cajal i va concloure amb una recaptaci\u00f3 de 2.088 euros, que aniran destinats a les associacions Mirades que Parlen i Per Ells i l&#8217;Institut d&#8217;Investigaci\u00f3 Sanit\u00e0ria La Fe (IIS La Fe).<\/p>\n<p>&#8220;Volem donar les gr\u00e0cies a l&#8217;Ajuntament perqu\u00e8, un cop m\u00e9s, ens ho ha posat tot molt f\u00e0cil perqu\u00e8 avui siguem aqu\u00ed fent aquesta marxa&#8221;, manifestava Carlos Garc\u00eda, membre de la Federaci\u00f3 Espanyola de Malalties Rares (Feder). &#8220;El nostre objectiu \u00e9s posar veu a les malalties rares i que tothom s\u00e0piga que, encara que siguen\u00a0minorit\u00e0ries, existeixen; per aix\u00f2 agra\u00efm molt la participaci\u00f3 de totes les persones que estan col\u00b7laborant aquest mat\u00ed &#8220;.<\/p>\n<p>Llorente va destacar la tasca de Carlos Garc\u00eda a la celebraci\u00f3 del Dia Mundial de les Malalties Rares. &#8220;\u00c9s la persona que des de fa dos anys m&#8217;ha proposat fer aquest tipus d&#8217;activitats i fa possible que avui siguem ac\u00ed\u00a0ique s&#8217;hagen programat la resta d&#8217;activitats que es realitzaran les properes setmanes ia les que convido a que participi tota la poblaci\u00f3&#8221; , apuntava la regidora. &#8220;Tamb\u00e9 mereixen un especial agra\u00efment totes les entitats, organitzacions i voluntariat que s&#8217;han implicat en el desenvolupament d&#8217;aquest acte: la cooperativa Xest Agr\u00e0ria, la Caixa Rural de Xest, Dur\u00e1n, la coordinadora de les Escoles Esportives Municipals, M\u00f2nica Verduch, Tempssport, la Penya Valencianista Xest Ch\u00e9, Xest Fit, les agrupacions teatrals locals Far\u00e0ndula i Plateatro, Camacho, les gestores municipals, la brigada, la Policia Local i tots els comer\u00e7os que han col\u00b7laborat, aix\u00ed com a les persones que han comprat dorsals i un altre tipus de elements per contribuir en aquesta lluita &#8220;.<\/p>\n<div id='gallery-1' class='gallery galleryid-81928 gallery-columns-3 gallery-size-large'><figure class='gallery-item'>\n\t\t\t<div class='gallery-icon landscape'>\n\t\t\t\t<a href='https:\/\/www.tucomarca.com\/wordpress\/segunda\/ca\/fotogaleria-xest-recapta-2-088-euros-per-a-la-investigacio-de-malalties-rares\/01enfermraras-2\/'><img loading=\"lazy\" decoding=\"async\" width=\"1024\" height=\"683\" src=\"https:\/\/www.tucomarca.com\/wordpress\/segunda\/wp-content\/uploads\/2019\/02\/01EnfermRaras-1024x683.jpeg\" class=\"attachment-large size-large\" alt=\"\" srcset=\"https:\/\/www.tucomarca.com\/wordpress\/segunda\/wp-content\/uploads\/2019\/02\/01EnfermRaras-1024x683.jpeg 1024w, https:\/\/www.tucomarca.com\/wordpress\/segunda\/wp-content\/uploads\/2019\/02\/01EnfermRaras-300x200.jpeg 300w, https:\/\/www.tucomarca.com\/wordpress\/segunda\/wp-content\/uploads\/2019\/02\/01EnfermRaras-768x512.jpeg 768w\" sizes=\"auto, (max-width: 1024px) 100vw, 1024px\" \/><\/a>\n\t\t\t<\/div><\/figure><figure class='gallery-item'>\n\t\t\t<div class='gallery-icon landscape'>\n\t\t\t\t<a href='https:\/\/www.tucomarca.com\/wordpress\/segunda\/ca\/fotogaleria-xest-recapta-2-088-euros-per-a-la-investigacio-de-malalties-rares\/02enfermraras-2\/'><img loading=\"lazy\" decoding=\"async\" width=\"1024\" height=\"683\" src=\"https:\/\/www.tucomarca.com\/wordpress\/segunda\/wp-content\/uploads\/2019\/02\/02EnfermRaras-1024x683.jpeg\" class=\"attachment-large size-large\" alt=\"\" srcset=\"https:\/\/www.tucomarca.com\/wordpress\/segunda\/wp-content\/uploads\/2019\/02\/02EnfermRaras-1024x683.jpeg 1024w, https:\/\/www.tucomarca.com\/wordpress\/segunda\/wp-content\/uploads\/2019\/02\/02EnfermRaras-300x200.jpeg 300w, https:\/\/www.tucomarca.com\/wordpress\/segunda\/wp-content\/uploads\/2019\/02\/02EnfermRaras-768x512.jpeg 768w\" sizes=\"auto, (max-width: 1024px) 100vw, 1024px\" \/><\/a>\n\t\t\t<\/div><\/figure><figure class='gallery-item'>\n\t\t\t<div class='gallery-icon landscape'>\n\t\t\t\t<a href='https:\/\/www.tucomarca.com\/wordpress\/segunda\/ca\/fotogaleria-xest-recapta-2-088-euros-per-a-la-investigacio-de-malalties-rares\/03enfermraras-2\/'><img loading=\"lazy\" decoding=\"async\" width=\"1024\" height=\"683\" src=\"https:\/\/www.tucomarca.com\/wordpress\/segunda\/wp-content\/uploads\/2019\/02\/03EnfermRaras-1024x683.jpeg\" class=\"attachment-large size-large\" alt=\"\" srcset=\"https:\/\/www.tucomarca.com\/wordpress\/segunda\/wp-content\/uploads\/2019\/02\/03EnfermRaras-1024x683.jpeg 1024w, https:\/\/www.tucomarca.com\/wordpress\/segunda\/wp-content\/uploads\/2019\/02\/03EnfermRaras-300x200.jpeg 300w, https:\/\/www.tucomarca.com\/wordpress\/segunda\/wp-content\/uploads\/2019\/02\/03EnfermRaras-768x512.jpeg 768w\" sizes=\"auto, (max-width: 1024px) 100vw, 1024px\" \/><\/a>\n\t\t\t<\/div><\/figure><figure class='gallery-item'>\n\t\t\t<div class='gallery-icon landscape'>\n\t\t\t\t<a href='https:\/\/www.tucomarca.com\/wordpress\/segunda\/ca\/fotogaleria-xest-recapta-2-088-euros-per-a-la-investigacio-de-malalties-rares\/04enfermraras-2\/'><img loading=\"lazy\" decoding=\"async\" width=\"1024\" height=\"683\" src=\"https:\/\/www.tucomarca.com\/wordpress\/segunda\/wp-content\/uploads\/2019\/02\/04EnfermRaras-1024x683.jpeg\" class=\"attachment-large size-large\" alt=\"\" srcset=\"https:\/\/www.tucomarca.com\/wordpress\/segunda\/wp-content\/uploads\/2019\/02\/04EnfermRaras-1024x683.jpeg 1024w, https:\/\/www.tucomarca.com\/wordpress\/segunda\/wp-content\/uploads\/2019\/02\/04EnfermRaras-300x200.jpeg 300w, https:\/\/www.tucomarca.com\/wordpress\/segunda\/wp-content\/uploads\/2019\/02\/04EnfermRaras-768x512.jpeg 768w\" sizes=\"auto, (max-width: 1024px) 100vw, 1024px\" \/><\/a>\n\t\t\t<\/div><\/figure><figure class='gallery-item'>\n\t\t\t<div class='gallery-icon landscape'>\n\t\t\t\t<a href='https:\/\/www.tucomarca.com\/wordpress\/segunda\/ca\/fotogaleria-xest-recapta-2-088-euros-per-a-la-investigacio-de-malalties-rares\/05enfermraras-2-2\/'><img loading=\"lazy\" decoding=\"async\" width=\"1024\" height=\"683\" src=\"https:\/\/www.tucomarca.com\/wordpress\/segunda\/wp-content\/uploads\/2019\/02\/05EnfermRaras-1-1024x683.jpeg\" class=\"attachment-large size-large\" alt=\"\" srcset=\"https:\/\/www.tucomarca.com\/wordpress\/segunda\/wp-content\/uploads\/2019\/02\/05EnfermRaras-1-1024x683.jpeg 1024w, https:\/\/www.tucomarca.com\/wordpress\/segunda\/wp-content\/uploads\/2019\/02\/05EnfermRaras-1-300x200.jpeg 300w, https:\/\/www.tucomarca.com\/wordpress\/segunda\/wp-content\/uploads\/2019\/02\/05EnfermRaras-1-768x512.jpeg 768w\" sizes=\"auto, (max-width: 1024px) 100vw, 1024px\" \/><\/a>\n\t\t\t<\/div><\/figure><figure class='gallery-item'>\n\t\t\t<div class='gallery-icon landscape'>\n\t\t\t\t<a href='https:\/\/www.tucomarca.com\/wordpress\/segunda\/ca\/fotogaleria-xest-recapta-2-088-euros-per-a-la-investigacio-de-malalties-rares\/06enfermraras-2\/'><img loading=\"lazy\" decoding=\"async\" width=\"1024\" height=\"683\" src=\"https:\/\/www.tucomarca.com\/wordpress\/segunda\/wp-content\/uploads\/2019\/02\/06EnfermRaras-1024x683.jpeg\" class=\"attachment-large size-large\" alt=\"\" srcset=\"https:\/\/www.tucomarca.com\/wordpress\/segunda\/wp-content\/uploads\/2019\/02\/06EnfermRaras-1024x683.jpeg 1024w, https:\/\/www.tucomarca.com\/wordpress\/segunda\/wp-content\/uploads\/2019\/02\/06EnfermRaras-300x200.jpeg 300w, https:\/\/www.tucomarca.com\/wordpress\/segunda\/wp-content\/uploads\/2019\/02\/06EnfermRaras-768x512.jpeg 768w\" sizes=\"auto, (max-width: 1024px) 100vw, 1024px\" \/><\/a>\n\t\t\t<\/div><\/figure><figure class='gallery-item'>\n\t\t\t<div class='gallery-icon landscape'>\n\t\t\t\t<a href='https:\/\/www.tucomarca.com\/wordpress\/segunda\/ca\/fotogaleria-xest-recapta-2-088-euros-per-a-la-investigacio-de-malalties-rares\/07enfermraras-2\/'><img loading=\"lazy\" decoding=\"async\" width=\"1024\" height=\"683\" src=\"https:\/\/www.tucomarca.com\/wordpress\/segunda\/wp-content\/uploads\/2019\/02\/07EnfermRaras-1024x683.jpeg\" class=\"attachment-large size-large\" alt=\"\" srcset=\"https:\/\/www.tucomarca.com\/wordpress\/segunda\/wp-content\/uploads\/2019\/02\/07EnfermRaras-1024x683.jpeg 1024w, https:\/\/www.tucomarca.com\/wordpress\/segunda\/wp-content\/uploads\/2019\/02\/07EnfermRaras-300x200.jpeg 300w, https:\/\/www.tucomarca.com\/wordpress\/segunda\/wp-content\/uploads\/2019\/02\/07EnfermRaras-768x512.jpeg 768w\" sizes=\"auto, (max-width: 1024px) 100vw, 1024px\" \/><\/a>\n\t\t\t<\/div><\/figure><figure class='gallery-item'>\n\t\t\t<div class='gallery-icon landscape'>\n\t\t\t\t<a href='https:\/\/www.tucomarca.com\/wordpress\/segunda\/ca\/fotogaleria-xest-recapta-2-088-euros-per-a-la-investigacio-de-malalties-rares\/08enfermraras-2\/'><img loading=\"lazy\" decoding=\"async\" width=\"1024\" height=\"683\" src=\"https:\/\/www.tucomarca.com\/wordpress\/segunda\/wp-content\/uploads\/2019\/02\/08EnfermRaras-1024x683.jpeg\" class=\"attachment-large size-large\" alt=\"\" srcset=\"https:\/\/www.tucomarca.com\/wordpress\/segunda\/wp-content\/uploads\/2019\/02\/08EnfermRaras-1024x683.jpeg 1024w, https:\/\/www.tucomarca.com\/wordpress\/segunda\/wp-content\/uploads\/2019\/02\/08EnfermRaras-300x200.jpeg 300w, https:\/\/www.tucomarca.com\/wordpress\/segunda\/wp-content\/uploads\/2019\/02\/08EnfermRaras-768x512.jpeg 768w\" sizes=\"auto, (max-width: 1024px) 100vw, 1024px\" \/><\/a>\n\t\t\t<\/div><\/figure><figure class='gallery-item'>\n\t\t\t<div class='gallery-icon landscape'>\n\t\t\t\t<a href='https:\/\/www.tucomarca.com\/wordpress\/segunda\/ca\/fotogaleria-xest-recapta-2-088-euros-per-a-la-investigacio-de-malalties-rares\/09enfermraras-2\/'><img loading=\"lazy\" decoding=\"async\" width=\"1024\" height=\"683\" src=\"https:\/\/www.tucomarca.com\/wordpress\/segunda\/wp-content\/uploads\/2019\/02\/09EnfermRaras-1024x683.jpeg\" class=\"attachment-large size-large\" alt=\"\" srcset=\"https:\/\/www.tucomarca.com\/wordpress\/segunda\/wp-content\/uploads\/2019\/02\/09EnfermRaras-1024x683.jpeg 1024w, https:\/\/www.tucomarca.com\/wordpress\/segunda\/wp-content\/uploads\/2019\/02\/09EnfermRaras-300x200.jpeg 300w, https:\/\/www.tucomarca.com\/wordpress\/segunda\/wp-content\/uploads\/2019\/02\/09EnfermRaras-768x512.jpeg 768w\" sizes=\"auto, (max-width: 1024px) 100vw, 1024px\" \/><\/a>\n\t\t\t<\/div><\/figure><figure class='gallery-item'>\n\t\t\t<div class='gallery-icon landscape'>\n\t\t\t\t<a href='https:\/\/www.tucomarca.com\/wordpress\/segunda\/ca\/fotogaleria-xest-recapta-2-088-euros-per-a-la-investigacio-de-malalties-rares\/10enfermraras-2\/'><img loading=\"lazy\" decoding=\"async\" width=\"1024\" height=\"683\" src=\"https:\/\/www.tucomarca.com\/wordpress\/segunda\/wp-content\/uploads\/2019\/02\/10EnfermRaras-1024x683.jpeg\" class=\"attachment-large size-large\" alt=\"\" srcset=\"https:\/\/www.tucomarca.com\/wordpress\/segunda\/wp-content\/uploads\/2019\/02\/10EnfermRaras-1024x683.jpeg 1024w, https:\/\/www.tucomarca.com\/wordpress\/segunda\/wp-content\/uploads\/2019\/02\/10EnfermRaras-300x200.jpeg 300w, https:\/\/www.tucomarca.com\/wordpress\/segunda\/wp-content\/uploads\/2019\/02\/10EnfermRaras-768x512.jpeg 768w\" sizes=\"auto, (max-width: 1024px) 100vw, 1024px\" \/><\/a>\n\t\t\t<\/div><\/figure><figure class='gallery-item'>\n\t\t\t<div class='gallery-icon landscape'>\n\t\t\t\t<a href='https:\/\/www.tucomarca.com\/wordpress\/segunda\/ca\/fotogaleria-xest-recapta-2-088-euros-per-a-la-investigacio-de-malalties-rares\/11enfermraras-2\/'><img loading=\"lazy\" decoding=\"async\" width=\"1024\" height=\"683\" src=\"https:\/\/www.tucomarca.com\/wordpress\/segunda\/wp-content\/uploads\/2019\/02\/11EnfermRaras-1024x683.jpeg\" class=\"attachment-large size-large\" alt=\"\" srcset=\"https:\/\/www.tucomarca.com\/wordpress\/segunda\/wp-content\/uploads\/2019\/02\/11EnfermRaras-1024x683.jpeg 1024w, https:\/\/www.tucomarca.com\/wordpress\/segunda\/wp-content\/uploads\/2019\/02\/11EnfermRaras-300x200.jpeg 300w, https:\/\/www.tucomarca.com\/wordpress\/segunda\/wp-content\/uploads\/2019\/02\/11EnfermRaras-768x512.jpeg 768w\" sizes=\"auto, (max-width: 1024px) 100vw, 1024px\" \/><\/a>\n\t\t\t<\/div><\/figure><figure class='gallery-item'>\n\t\t\t<div class='gallery-icon landscape'>\n\t\t\t\t<a href='https:\/\/www.tucomarca.com\/wordpress\/segunda\/ca\/fotogaleria-xest-recapta-2-088-euros-per-a-la-investigacio-de-malalties-rares\/12enfermraras-2\/'><img loading=\"lazy\" decoding=\"async\" width=\"1024\" height=\"683\" src=\"https:\/\/www.tucomarca.com\/wordpress\/segunda\/wp-content\/uploads\/2019\/02\/12EnfermRaras-1024x683.jpeg\" class=\"attachment-large size-large\" alt=\"\" srcset=\"https:\/\/www.tucomarca.com\/wordpress\/segunda\/wp-content\/uploads\/2019\/02\/12EnfermRaras-1024x683.jpeg 1024w, https:\/\/www.tucomarca.com\/wordpress\/segunda\/wp-content\/uploads\/2019\/02\/12EnfermRaras-300x200.jpeg 300w, https:\/\/www.tucomarca.com\/wordpress\/segunda\/wp-content\/uploads\/2019\/02\/12EnfermRaras-768x512.jpeg 768w\" sizes=\"auto, (max-width: 1024px) 100vw, 1024px\" \/><\/a>\n\t\t\t<\/div><\/figure>\n\t\t<\/div>\n\n","protected":false},"excerpt":{"rendered":"<div class=\"mh-excerpt\">Desenes de ve\u00efns i ve\u00efnes de Xest van participar diumenge\u00a0en una marxa solid\u00e0ria amb motiu de la celebraci\u00f3 del Dia Mundial de les Malalties Rares. Aquesta activitat s&#8217;insereix dins d&#8217;un programa m\u00e9s ampli que inclou <a class=\"mh-excerpt-more\" href=\"https:\/\/www.tucomarca.com\/wordpress\/segunda\/ca\/fotogaleria-xest-recapta-2-088-euros-per-a-la-investigacio-de-malalties-rares\/\" title=\"Fotogaleria: Xest recapta 2.088 euros per a la investigaci\u00f3 de malalties rares\">[+] <\/a><\/div>\n","protected":false},"author":2,"featured_media":81899,"comment_status":"open","ping_status":"open","sticky":false,"template":"","format":"standard","meta":{"footnotes":""},"categories":[11010,10898,10894,10912,11004,10896,10974],"tags":[11222,11479,11108,10914,11109],"class_list":{"0":"post-81928","1":"post","2":"type-post","3":"status-publish","4":"format-standard","5":"has-post-thumbnail","7":"category-canal-salud","8":"category-ventana-ca","9":"category-la-comarca-ca","10":"category-la-hoya-ca","11":"category-la-semana-en-imagenes-ca","12":"category-seccion-ca","13":"category-cheste-ca","14":"tag-ayuntamiento-de-cheste-ca","15":"tag-feder-ca","16":"tag-la-foia-de-bunyol-xiva","17":"tag-la-hoya-de-bunol-chiva-ca","18":"tag-xest"},"_links":{"self":[{"href":"https:\/\/www.tucomarca.com\/wordpress\/segunda\/ca\/wp-json\/wp\/v2\/posts\/81928","targetHints":{"allow":["GET"]}}],"collection":[{"href":"https:\/\/www.tucomarca.com\/wordpress\/segunda\/ca\/wp-json\/wp\/v2\/posts"}],"about":[{"href":"https:\/\/www.tucomarca.com\/wordpress\/segunda\/ca\/wp-json\/wp\/v2\/types\/post"}],"author":[{"embeddable":true,"href":"https:\/\/www.tucomarca.com\/wordpress\/segunda\/ca\/wp-json\/wp\/v2\/users\/2"}],"replies":[{"embeddable":true,"href":"https:\/\/www.tucomarca.com\/wordpress\/segunda\/ca\/wp-json\/wp\/v2\/comments?post=81928"}],"version-history":[{"count":0,"href":"https:\/\/www.tucomarca.com\/wordpress\/segunda\/ca\/wp-json\/wp\/v2\/posts\/81928\/revisions"}],"wp:featuredmedia":[{"embeddable":true,"href":"https:\/\/www.tucomarca.com\/wordpress\/segunda\/ca\/wp-json\/wp\/v2\/media\/81899"}],"wp:attachment":[{"href":"https:\/\/www.tucomarca.com\/wordpress\/segunda\/ca\/wp-json\/wp\/v2\/media?parent=81928"}],"wp:term":[{"taxonomy":"category","embeddable":true,"href":"https:\/\/www.tucomarca.com\/wordpress\/segunda\/ca\/wp-json\/wp\/v2\/categories?post=81928"},{"taxonomy":"post_tag","embeddable":true,"href":"https:\/\/www.tucomarca.com\/wordpress\/segunda\/ca\/wp-json\/wp\/v2\/tags?post=81928"}],"curies":[{"name":"wp","href":"https:\/\/api.w.org\/{rel}","templated":true}]}}