{"id":82067,"date":"2019-02-22T11:44:01","date_gmt":"2019-02-22T09:44:01","guid":{"rendered":"http:\/\/www.tucomarca.com\/wordpress\/segunda\/?p=82067"},"modified":"2019-02-22T11:44:01","modified_gmt":"2019-02-22T09:44:01","slug":"naix-la-plataforma-ciutadana-mas-bunyol-oberta-a-veins-associacions-sindicats-i-partits-politics","status":"publish","type":"post","link":"https:\/\/www.tucomarca.com\/wordpress\/segunda\/ca\/naix-la-plataforma-ciutadana-mas-bunyol-oberta-a-veins-associacions-sindicats-i-partits-politics\/","title":{"rendered":"Naix la plataforma ciutadana \u00abM\u00e0s Bunyol\u00bb oberta a ve\u00efns, associacions, sindicats i partits pol\u00edtics"},"content":{"rendered":"<figure id=\"attachment_82060\" aria-describedby=\"caption-attachment-82060\" style=\"width: 332px\" class=\"wp-caption alignleft\"><img loading=\"lazy\" decoding=\"async\" class=\" wp-image-82060\" src=\"http:\/\/www.tucomarca.com\/wordpress\/segunda\/wp-content\/uploads\/2019\/02\/Alejandro.jpg\" alt=\"Alejandro Agustina.\" width=\"332\" height=\"360\" srcset=\"https:\/\/www.tucomarca.com\/wordpress\/segunda\/wp-content\/uploads\/2019\/02\/Alejandro.jpg 1182w, https:\/\/www.tucomarca.com\/wordpress\/segunda\/wp-content\/uploads\/2019\/02\/Alejandro-277x300.jpg 277w, https:\/\/www.tucomarca.com\/wordpress\/segunda\/wp-content\/uploads\/2019\/02\/Alejandro-768x832.jpg 768w, https:\/\/www.tucomarca.com\/wordpress\/segunda\/wp-content\/uploads\/2019\/02\/Alejandro-946x1024.jpg 946w, https:\/\/www.tucomarca.com\/wordpress\/segunda\/wp-content\/uploads\/2019\/02\/Alejandro-1024x1109.jpg 1024w\" sizes=\"auto, (max-width: 332px) 100vw, 332px\" \/><figcaption id=\"caption-attachment-82060\" class=\"wp-caption-text\">Alejandro Agustina.<\/figcaption><\/figure>\n<p>Com ja ha avan\u00e7at tucomarca.com en la seva edici\u00f3 impresa de dijous passat, \u00abM\u00e0s Bunyol\u00bb \u00e9s el nom de la nova plataforma ciutadana que acaba de n\u00e9ixer a la localitat i que compta entre els seus principals impulsors amb Alejandro Agustina, actual Tercer Tinent Alcalde, Regidor de Participaci\u00f3, Comunicaci\u00f3, Desenvolupament, Inform\u00e0tica i Sanitat a l&#8217;Ajuntament de Bunyol.<\/p>\n<p>El mateix Alejandro Agustina ha explicat que M\u00e0s Bunyol \u00e9s \u00abuna plataforma que integra i uneix a tots per igual: persones, col\u00b7lectius, sindicats, partits, associacions, etc\u00e8tera; tots nosaltres junts participant, aportant idees, propostes, deliberant i cooperant perqu\u00e8 el nostre poble renovi la il\u00b7lusi\u00f3, la confian\u00e7a i l&#8217;alegria \u00bb.<\/p>\n<p>\u00abSabem que Bunyol t\u00e9 un gran potencial i necessita de persones, d&#8217;equips que escoltin, que s\u00e0piguen gestionar b\u00e9 i ho hagin demostrat, des de la pluralitat, m\u00e9s enll\u00e0 de les sigles i dels interessos de partit. Bunyol ens ocupa, millorar Bunyol \u00e9s el nostre inter\u00e8s m\u00e9s profund i representa la nostra m\u00e9s alta convicci\u00f3. No estem sols, ni bojos \u00bb, ha afegit Alejandro Agustina, que ha subratllat que Bunyol\u00ab necessita una eina forta i \u00e0gil: M\u00e0s Bunyol, que \u00e9s una invitaci\u00f3 a la for\u00e7a de la uni\u00f3, una plataforma capa\u00e7 de crear una veritable cohesi\u00f3 amb persones que no s&#8217;adscriuen a cap partit, o s\u00ed, no importa, i tamb\u00e9 amb altres partits de l&#8217;\u00e0mbit progressista que donin suport a una plataforma d&#8217;ampli espectre, amb una base social absolutament compromesa en realitzar un canvi profund en la manera de fer pol\u00edtica, a la organitzaci\u00f3 de l&#8217;Ajuntament i en el desenvolupament econ\u00f2mic del nostre poble, buscant sempre el benestar de les persones \u00bb.<\/p>\n<p>Segons el parer de l&#8217;actual responsable de Participaci\u00f3, Comunicaci\u00f3, Desenvolupament, Inform\u00e0tica i Sanitat a l&#8217;Ajuntament de Bunyol, \u00abel sistema democr\u00e0tic espanyol \u00e9s una conquesta de moltes persones, individus i col\u00b7lectius que van haver de passar veritables pen\u00faries i sacrificis perqu\u00e8 tots puguem triar lliurement qui ens governen. Com qualsevol altre sistema no \u00e9s perfecte ia m\u00e9s perqu\u00e8 mantingui una bona salut, com ens ha demostrat la hist\u00f2ria recent dels abusos i la corrupci\u00f3 d&#8217;alguns partits o dirigents pol\u00edtics, necessita d&#8217;una gran dosi de comprom\u00eds i participaci\u00f3 ciutadana per exigir transpar\u00e8ncia, per controlar la gesti\u00f3 de la cosa p\u00fablica i vetllar pel compliment dels programes i el progr\u00e9s del nostre pa\u00eds, de la nostra comunitat i del nostre poble \u00bb.<\/p>\n<p><strong>\u00abGaireb\u00e9 quatre anys d&#8217;experi\u00e8ncia\u00bb<\/strong><\/p>\n<p>En aquest context, Alejandro Agustina -que actualment forma part del govern local bu\u00f1olense amb l&#8217;agrupaci\u00f3 d&#8217;electors Votem Bu\u00f1ol- assegura que la nova plataforma concorrer\u00e0 a les municipals \u00abdespr\u00e9s de treballar gaireb\u00e9 quatre anys a l&#8217;Ajuntament; coneixem en el dia a dia les debilitats i les fortaleses de les nostres institucions, tenim l&#8217;experi\u00e8ncia de di\u00e0leg i de govern amb altres forces pol\u00edtiques, sabem b\u00e9 qu\u00e8 tenim en com\u00fa i qu\u00e8 ens diferencia, hem demostrat ser lleials amb el nostre votants i amb el poble de Bunyol, hem estat capa\u00e7os de governar amb quatre partits durant tota la legislatura, cadascun amb les seves prioritats, sempre tractant d&#8217;arribar a decisions consensuades \u00bb. \u00abHem demostrat com la participaci\u00f3 ciutadana ha estat la nostra ra\u00f3 de ser, estructurant com mai eines perqu\u00e8 qualsevol ciutad\u00e0 pugui exercir aquest dret. Generant processos participatius per cada barri, amb el nostre joves a l&#8217;institut, i especialment en una aposta espec\u00edfica per a la recuperaci\u00f3, a partir de la participaci\u00f3, del barri del Castell \u00bb.<\/p>\n<p>\u00abHem actualitzat el sistema comunicatiu de l&#8217;ajuntament i dinamitzat les seves eines de comunicaci\u00f3: desenvolupant webs, app per a m\u00f2bils, xarxes socials, campanyes publicit\u00e0ries, revitalitzant r\u00e0dio Bunyol, creant la televisi\u00f3 local i el m\u00e9s important, hem tornat els drets als treballadors de r\u00e0dio Bunyol despr\u00e9s de deu anys sense ells \u00bb.<\/p>\n<p>\u00abDins de la implantaci\u00f3 de la primera fase del Pla de Desenvolupament Tur\u00edstic hem obtingut molt bons resultats, aconseguint duplicar el nombre de visitants a Bunyol, generant una imatge tur\u00edstica potent de Bunyol\u00bb. \u00abHem posat les bases per a la modernitzaci\u00f3 inform\u00e0tica de l&#8217;Ajuntament, implantat la seu electr\u00f2nica amb el registre d&#8217;entrada electr\u00f2nic, la gesti\u00f3 d&#8217;expedients i el portal de transpar\u00e8ncia. Vam posar en marxa el pla de transformaci\u00f3 digital amb instal\u00b7lacions i equip nous, servidors propis i tallafocs. Treballant de forma transversal al costat d&#8217;altres companys, renovem i millorem equips, maquinari i internet de l&#8217;EPA, Biblioteca, Conservatori i la inform\u00e0tica al poliesportiu i en totes les seus de l&#8217;Ajuntament \u00bb.<\/p>\n<p>\u00abDes Sanitat hem aconseguit ampliar a 10 especialitats al Centre de Salut de Bunyol, portar la base del SAMU, donant suport a m\u00e9s de manera ferma a la plataforma pro hospital en totes les seves reivindicacions\u00bb. \u00abSabem gestionar i estem content<\/p>\n<p>amb els \u00e8xits obtinguts des del treball en equip i en les compet\u00e8ncies que se&#8217;ns van donar a l&#8217;Ajuntament tot i sabent que podem aportar m\u00e9s, molt m\u00e9s: un pla de desenvolupament econ\u00f2mic realista, concret i il\u00b7lusionant per redissenyar el sistema productiu local, dotant BUINSA de les eines necess\u00e0ries per a aix\u00f2 \u00bb, segons ha subratllat el regidor de Participaci\u00f3, Comunicaci\u00f3, Desenvolupament, Inform\u00e0tica i Sanitat a l&#8217;Ajuntament de Bunyol.<\/p>\n<p><strong>\u00abAjuntaments del canvi\u00bb<\/strong><\/p>\n<p>Alejandro Agustina tamb\u00e9 ha manifestat que la nova agrupaci\u00f3 d&#8217;electors t\u00e9 com a referent els \u00abAjuntaments del canvi\u00bb; pel que ha assegurat que llancen aquesta nova proposta electoral \u00aba la ciutadania bunyolera i amb vocaci\u00f3 de fer comarca costat dels pobles germans, coordinant les propostes en un programa conjunt i participatiu. Oberts a fer unes prim\u00e0ries en qu\u00e8 triem tots. Aquest \u00e9s una crida a unir-se, a les forces progressistes i a tota la ciutadania amb o sense adscripci\u00f3 de partit, a la qual segueix atenta esperant un canvi i tamb\u00e9 a la que est\u00e0 en l&#8217;apatia o el dubte. La pol\u00edtica si ens organitzem b\u00e9 la poden i l&#8217;han de fer tamb\u00e9 les persones \u00bb.<\/p>\n<p>\u00abEstem conven\u00e7uts que la intel\u00b7lig\u00e8ncia col\u00b7lectiva en la cooperaci\u00f3, l&#8217;obertura i la pluralitat multipliquen i s\u00f3n les millors claus per al futur. \u00c9s m\u00e9s necess\u00e0ria que mai una altra manera de fer pol\u00edtica que escolti m\u00e9s que imposi, que proposi m\u00e9s que es queixi, que col\u00b7labori m\u00e9s que competeixi. Estimem Bunyol i ens juguem molt en la pol\u00edtica ben entesa. Cuidem Bunyol, cuidem la nostra casa, la de tots, amb imaginaci\u00f3, creativitat i il\u00b7lusi\u00f3 buscant sempre el b\u00e9 com\u00fa \u00bb, com ha finalitzat Alejandro Agustina.<\/p>\n","protected":false},"excerpt":{"rendered":"<div class=\"mh-excerpt\">Com ja ha avan\u00e7at tucomarca.com en la seva edici\u00f3 impresa de dijous passat, \u00abM\u00e0s Bunyol\u00bb \u00e9s el nom de la nova plataforma ciutadana que acaba de n\u00e9ixer a la localitat i que compta entre els <a class=\"mh-excerpt-more\" href=\"https:\/\/www.tucomarca.com\/wordpress\/segunda\/ca\/naix-la-plataforma-ciutadana-mas-bunyol-oberta-a-veins-associacions-sindicats-i-partits-politics\/\" title=\"Naix la plataforma ciutadana \u00abM\u00e0s Bunyol\u00bb oberta a ve\u00efns, associacions, sindicats i partits pol\u00edtics\">[+] <\/a><\/div>\n","protected":false},"author":1,"featured_media":82065,"comment_status":"open","ping_status":"open","sticky":false,"template":"","format":"standard","meta":{"footnotes":""},"categories":[10911,10898,10894,10912,10947,10896],"tags":[10913,11314],"class_list":{"0":"post-82067","1":"post","2":"type-post","3":"status-publish","4":"format-standard","5":"has-post-thumbnail","7":"category-bunol-ca","8":"category-ventana-ca","9":"category-la-comarca-ca","10":"category-la-hoya-ca","11":"category-politica","12":"category-seccion-ca","13":"tag-bunol-ca","14":"tag-bunyol-ca"},"_links":{"self":[{"href":"https:\/\/www.tucomarca.com\/wordpress\/segunda\/ca\/wp-json\/wp\/v2\/posts\/82067","targetHints":{"allow":["GET"]}}],"collection":[{"href":"https:\/\/www.tucomarca.com\/wordpress\/segunda\/ca\/wp-json\/wp\/v2\/posts"}],"about":[{"href":"https:\/\/www.tucomarca.com\/wordpress\/segunda\/ca\/wp-json\/wp\/v2\/types\/post"}],"author":[{"embeddable":true,"href":"https:\/\/www.tucomarca.com\/wordpress\/segunda\/ca\/wp-json\/wp\/v2\/users\/1"}],"replies":[{"embeddable":true,"href":"https:\/\/www.tucomarca.com\/wordpress\/segunda\/ca\/wp-json\/wp\/v2\/comments?post=82067"}],"version-history":[{"count":0,"href":"https:\/\/www.tucomarca.com\/wordpress\/segunda\/ca\/wp-json\/wp\/v2\/posts\/82067\/revisions"}],"wp:featuredmedia":[{"embeddable":true,"href":"https:\/\/www.tucomarca.com\/wordpress\/segunda\/ca\/wp-json\/wp\/v2\/media\/82065"}],"wp:attachment":[{"href":"https:\/\/www.tucomarca.com\/wordpress\/segunda\/ca\/wp-json\/wp\/v2\/media?parent=82067"}],"wp:term":[{"taxonomy":"category","embeddable":true,"href":"https:\/\/www.tucomarca.com\/wordpress\/segunda\/ca\/wp-json\/wp\/v2\/categories?post=82067"},{"taxonomy":"post_tag","embeddable":true,"href":"https:\/\/www.tucomarca.com\/wordpress\/segunda\/ca\/wp-json\/wp\/v2\/tags?post=82067"}],"curies":[{"name":"wp","href":"https:\/\/api.w.org\/{rel}","templated":true}]}}