{"id":82146,"date":"2019-02-23T17:24:08","date_gmt":"2019-02-23T15:24:08","guid":{"rendered":"http:\/\/www.tucomarca.com\/wordpress\/segunda\/?p=82146"},"modified":"2019-02-23T17:24:08","modified_gmt":"2019-02-23T15:24:08","slug":"el-cd-bunyol-defensa-les-seves-aspiracions-dascens-enfront-del-sete-classificat-el-san-antonio-de-benageber","status":"publish","type":"post","link":"https:\/\/www.tucomarca.com\/wordpress\/segunda\/ca\/el-cd-bunyol-defensa-les-seves-aspiracions-dascens-enfront-del-sete-classificat-el-san-antonio-de-benageber\/","title":{"rendered":"El CD Bunyol defensa les seves aspiracions d&#8217;ascens enfront del set\u00e8 classificat, el San Antonio de Benag\u00e9ber"},"content":{"rendered":"<p>El Club Esportiu Bunyol ve d&#8217;un altre empat, que ja comencen a saber a poc a causa de la el repetitiu del mateix, des del dia 3 davant del Riba-roja.<\/p>\n<p>Tres partits que m\u00e9s que sumar un punt, d\u00f3na sensaci\u00f3 de perdre 2, pel que ha de canviar i encara que sigui fora de casa, ha de ser un objectiu per als de Harana. I aix\u00f2 que l&#8217;\u00faltim empat ho va ser amb el l\u00edder, el Recanvis Colom, amb el qual va haver de remuntar un marcador advers a c\u00f2pia d&#8217;arpa.<\/p>\n<p>Aquesta jornada ser\u00e0 davant Sant Antoni Benag\u00e9ber, set\u00e8 contra cinqu\u00e8 respectivament, pel que han de demostrar estar m\u00e9s amunt i les seves aspiracions amb una vict\u00f2ria. David S\u00e1ez amb 7 dianes aquestes 23 jornades \u00e9s el sis\u00e8 m\u00e0xim realitzador de l&#8217;equip i ha d&#8217;ajudar en la faceta ofensiva del club blanc. Informa, Ra\u00fal Miralles @raulmks<\/p>\n","protected":false},"excerpt":{"rendered":"<div class=\"mh-excerpt\">El Club Esportiu Bunyol ve d&#8217;un altre empat, que ja comencen a saber a poc a causa de la el repetitiu del mateix, des del dia 3 davant del Riba-roja. Tres partits que m\u00e9s que <a class=\"mh-excerpt-more\" href=\"https:\/\/www.tucomarca.com\/wordpress\/segunda\/ca\/el-cd-bunyol-defensa-les-seves-aspiracions-dascens-enfront-del-sete-classificat-el-san-antonio-de-benageber\/\" title=\"El CD Bunyol defensa les seves aspiracions d&#8217;ascens enfront del set\u00e8 classificat, el San Antonio de Benag\u00e9ber\">[+] <\/a><\/div>\n","protected":false},"author":1,"featured_media":81868,"comment_status":"open","ping_status":"open","sticky":false,"template":"","format":"standard","meta":{"footnotes":""},"categories":[10911,10892,11015,11003,10898,10912,10934,10896],"tags":[11264],"class_list":{"0":"post-82146","1":"post","2":"type-post","3":"status-publish","4":"format-standard","5":"has-post-thumbnail","7":"category-bunol-ca","8":"category-camp-de-turia-ca","9":"category-canal-futbol","10":"category-sports","11":"category-ventana-ca","12":"category-la-hoya-ca","13":"category-san-antonio-de-benageber-ca","14":"category-seccion-ca","15":"tag-esports-ca"},"_links":{"self":[{"href":"https:\/\/www.tucomarca.com\/wordpress\/segunda\/ca\/wp-json\/wp\/v2\/posts\/82146","targetHints":{"allow":["GET"]}}],"collection":[{"href":"https:\/\/www.tucomarca.com\/wordpress\/segunda\/ca\/wp-json\/wp\/v2\/posts"}],"about":[{"href":"https:\/\/www.tucomarca.com\/wordpress\/segunda\/ca\/wp-json\/wp\/v2\/types\/post"}],"author":[{"embeddable":true,"href":"https:\/\/www.tucomarca.com\/wordpress\/segunda\/ca\/wp-json\/wp\/v2\/users\/1"}],"replies":[{"embeddable":true,"href":"https:\/\/www.tucomarca.com\/wordpress\/segunda\/ca\/wp-json\/wp\/v2\/comments?post=82146"}],"version-history":[{"count":0,"href":"https:\/\/www.tucomarca.com\/wordpress\/segunda\/ca\/wp-json\/wp\/v2\/posts\/82146\/revisions"}],"wp:featuredmedia":[{"embeddable":true,"href":"https:\/\/www.tucomarca.com\/wordpress\/segunda\/ca\/wp-json\/wp\/v2\/media\/81868"}],"wp:attachment":[{"href":"https:\/\/www.tucomarca.com\/wordpress\/segunda\/ca\/wp-json\/wp\/v2\/media?parent=82146"}],"wp:term":[{"taxonomy":"category","embeddable":true,"href":"https:\/\/www.tucomarca.com\/wordpress\/segunda\/ca\/wp-json\/wp\/v2\/categories?post=82146"},{"taxonomy":"post_tag","embeddable":true,"href":"https:\/\/www.tucomarca.com\/wordpress\/segunda\/ca\/wp-json\/wp\/v2\/tags?post=82146"}],"curies":[{"name":"wp","href":"https:\/\/api.w.org\/{rel}","templated":true}]}}