{"id":82274,"date":"2019-02-26T13:31:04","date_gmt":"2019-02-26T11:31:04","guid":{"rendered":"http:\/\/www.tucomarca.com\/wordpress\/segunda\/?p=82274"},"modified":"2019-02-26T13:31:04","modified_gmt":"2019-02-26T11:31:04","slug":"vilamarxant-obre-dos-parcs-canins-en-el-limit-del-nucli-urba","status":"publish","type":"post","link":"https:\/\/www.tucomarca.com\/wordpress\/segunda\/ca\/vilamarxant-obre-dos-parcs-canins-en-el-limit-del-nucli-urba\/","title":{"rendered":"Vilamarxant obre dos parcs canins en el l\u00edmit del nucli urb\u00e0"},"content":{"rendered":"<figure id=\"attachment_82271\" aria-describedby=\"caption-attachment-82271\" style=\"width: 609px\" class=\"wp-caption alignleft\"><img loading=\"lazy\" decoding=\"async\" class=\" wp-image-82271\" src=\"http:\/\/www.tucomarca.com\/wordpress\/segunda\/wp-content\/uploads\/2019\/02\/Vilamarxantcanes.jpg\" alt=\"Cada recinto cuenta con una fuente, bancos para los due\u00f1os de los canes y dispensador de bolsas para excrementos.\" width=\"609\" height=\"457\" srcset=\"https:\/\/www.tucomarca.com\/wordpress\/segunda\/wp-content\/uploads\/2019\/02\/Vilamarxantcanes.jpg 1600w, https:\/\/www.tucomarca.com\/wordpress\/segunda\/wp-content\/uploads\/2019\/02\/Vilamarxantcanes-300x225.jpg 300w, https:\/\/www.tucomarca.com\/wordpress\/segunda\/wp-content\/uploads\/2019\/02\/Vilamarxantcanes-768x576.jpg 768w, https:\/\/www.tucomarca.com\/wordpress\/segunda\/wp-content\/uploads\/2019\/02\/Vilamarxantcanes-1024x768.jpg 1024w\" sizes=\"auto, (max-width: 609px) 100vw, 609px\" \/><figcaption id=\"caption-attachment-82271\" class=\"wp-caption-text\">Cada recinte compta amb una font, bancs per als amos dels gossos i dispensador de bosses per a excrements.<\/figcaption><\/figure>\n<p>La poblaci\u00f3 de Vilamarxant ja compta amb dos parcs canins en el l\u00edmit del nucli urb\u00e0 perqu\u00e8 les ve\u00efnes i ve\u00efns tinguen un lloc apropiat perqu\u00e8 les seues mascotes gaudisquen.<\/p>\n<p>Despr\u00e9s de la proposta per part de la ciutadania, l&#8217;Ajuntament de Vilamarxant ha fet efectiva esta iniciativa gr\u00e0cies a la creaci\u00f3 de dos parcs canins de mil metres quadrats cadascun.<\/p>\n<p>Cada recinte per a les mascotes compta amb una font, bancs per als amos dels cans, dispensador de borses per a excrements i una doble porta per a evitar que els gossos s&#8217;escapen.<\/p>\n<p>Estes instal\u00b7lacions, en paraules d&#8217;Amparo Garc\u00eda, regidora de Participaci\u00f3 Ciutadana, serviran perqu\u00e8 els gossos puguen socialitzar entre ells i gaudir dels seus passejos.<\/p>\n<p>\u201cEn cap cas s\u00f3n una guarderia per a gossos. Estos recintes compten amb unes normes que han de complir-se per al correcte \u00fas de les instal\u00b7lacions i perqu\u00e8 els animals tinguen l&#8217;oportunitat de gaudir durant els seus passejos en unes condicions adequades\u201d, va dir la regidora.<\/p>\n<p>\u201cLa inauguraci\u00f3 d&#8217;estos parcs canins ens permet tornar a posar l&#8217;accent en la campanya de civisme de recollida d&#8217;excrements perqu\u00e8 a tots ens agrada tindre nets els carrers de la nostra localitat\u201d, va afegir Garc\u00eda, qui va indicar que durant les pr\u00f2ximes setmanes es realitzaran cursos per a ve\u00efnes i ve\u00efns perqu\u00e8 aprenguen a usar estos recintes destinats a les mascotes.<\/p>\n","protected":false},"excerpt":{"rendered":"<div class=\"mh-excerpt\">La poblaci\u00f3 de Vilamarxant ja compta amb dos parcs canins en el l\u00edmit del nucli urb\u00e0 perqu\u00e8 les ve\u00efnes i ve\u00efns tinguen un lloc apropiat perqu\u00e8 les seues mascotes gaudisquen. Despr\u00e9s de la proposta per <a class=\"mh-excerpt-more\" href=\"https:\/\/www.tucomarca.com\/wordpress\/segunda\/ca\/vilamarxant-obre-dos-parcs-canins-en-el-limit-del-nucli-urba\/\" title=\"Vilamarxant obre dos parcs canins en el l\u00edmit del nucli urb\u00e0\">[+] <\/a><\/div>\n","protected":false},"author":1,"featured_media":82272,"comment_status":"open","ping_status":"open","sticky":false,"template":"","format":"standard","meta":{"footnotes":""},"categories":[10892,10948,10894,10903,10947,10896,10927],"tags":[11090],"class_list":{"0":"post-82274","1":"post","2":"type-post","3":"status-publish","4":"format-standard","5":"has-post-thumbnail","7":"category-camp-de-turia-ca","8":"category-infraestructuras-ca","9":"category-la-comarca-ca","10":"category-medio-ambiente-la-comarca-ca","11":"category-politica","12":"category-seccion-ca","13":"category-vilamarxant-ca","14":"tag-vilamarxant-ca"},"_links":{"self":[{"href":"https:\/\/www.tucomarca.com\/wordpress\/segunda\/ca\/wp-json\/wp\/v2\/posts\/82274","targetHints":{"allow":["GET"]}}],"collection":[{"href":"https:\/\/www.tucomarca.com\/wordpress\/segunda\/ca\/wp-json\/wp\/v2\/posts"}],"about":[{"href":"https:\/\/www.tucomarca.com\/wordpress\/segunda\/ca\/wp-json\/wp\/v2\/types\/post"}],"author":[{"embeddable":true,"href":"https:\/\/www.tucomarca.com\/wordpress\/segunda\/ca\/wp-json\/wp\/v2\/users\/1"}],"replies":[{"embeddable":true,"href":"https:\/\/www.tucomarca.com\/wordpress\/segunda\/ca\/wp-json\/wp\/v2\/comments?post=82274"}],"version-history":[{"count":0,"href":"https:\/\/www.tucomarca.com\/wordpress\/segunda\/ca\/wp-json\/wp\/v2\/posts\/82274\/revisions"}],"wp:featuredmedia":[{"embeddable":true,"href":"https:\/\/www.tucomarca.com\/wordpress\/segunda\/ca\/wp-json\/wp\/v2\/media\/82272"}],"wp:attachment":[{"href":"https:\/\/www.tucomarca.com\/wordpress\/segunda\/ca\/wp-json\/wp\/v2\/media?parent=82274"}],"wp:term":[{"taxonomy":"category","embeddable":true,"href":"https:\/\/www.tucomarca.com\/wordpress\/segunda\/ca\/wp-json\/wp\/v2\/categories?post=82274"},{"taxonomy":"post_tag","embeddable":true,"href":"https:\/\/www.tucomarca.com\/wordpress\/segunda\/ca\/wp-json\/wp\/v2\/tags?post=82274"}],"curies":[{"name":"wp","href":"https:\/\/api.w.org\/{rel}","templated":true}]}}