{"id":83423,"date":"2019-03-26T11:32:25","date_gmt":"2019-03-26T09:32:25","guid":{"rendered":"http:\/\/www.tucomarca.com\/wordpress\/segunda\/?p=83423"},"modified":"2019-03-26T11:32:25","modified_gmt":"2019-03-26T09:32:25","slug":"leliana-creara-292-noves-places-en-aparcaments-publics-gratuits","status":"publish","type":"post","link":"https:\/\/www.tucomarca.com\/wordpress\/segunda\/ca\/leliana-creara-292-noves-places-en-aparcaments-publics-gratuits\/","title":{"rendered":"L\u2019Eliana crear\u00e0 292 noves places en aparcaments p\u00fablics gratu\u00efts"},"content":{"rendered":"<figure id=\"attachment_83419\" aria-describedby=\"caption-attachment-83419\" style=\"width: 436px\" class=\"wp-caption alignleft\"><img loading=\"lazy\" decoding=\"async\" class=\" wp-image-83419\" src=\"http:\/\/www.tucomarca.com\/wordpress\/segunda\/wp-content\/uploads\/2019\/03\/AparcamientoLEliana.jpg\" alt=\" Invertir\u00e1 200.000 euros en creaci\u00f3n y adecuaci\u00f3n de parkings.\" width=\"436\" height=\"305\" srcset=\"https:\/\/www.tucomarca.com\/wordpress\/segunda\/wp-content\/uploads\/2019\/03\/AparcamientoLEliana.jpg 1245w, https:\/\/www.tucomarca.com\/wordpress\/segunda\/wp-content\/uploads\/2019\/03\/AparcamientoLEliana-300x210.jpg 300w, https:\/\/www.tucomarca.com\/wordpress\/segunda\/wp-content\/uploads\/2019\/03\/AparcamientoLEliana-768x537.jpg 768w, https:\/\/www.tucomarca.com\/wordpress\/segunda\/wp-content\/uploads\/2019\/03\/AparcamientoLEliana-1024x716.jpg 1024w\" sizes=\"auto, (max-width: 436px) 100vw, 436px\" \/><figcaption id=\"caption-attachment-83419\" class=\"wp-caption-text\">Invertir\u00e0 200.000 euros en creaci\u00f3 i adequaci\u00f3 de p\u00e0rquings.<\/figcaption><\/figure>\n<p>L\u2019Ajuntament de l\u2019Eliana continua realitzant inversions per a millorar la mobilitat amb la reducci\u00f3 del tr\u00e0nsit rodat i la facilitaci\u00f3 de l\u2019estacionament al ve\u00efnat i al nombr\u00f3s p\u00fablic que di\u00e0riament visita el municipi per a comprar, fer \u00fas de servicis, restauraci\u00f3 o de les instal\u2022lacions culturals i esportives.<\/p>\n<p>Els tres aparcaments que seran objecte de millores s\u00f3n l\u2019ubicat al carrer de les Neus, el del Centre Sociocultural i un altre nou que es far\u00e0 a l\u2019entorn de la piscina municipal de Mandor.<\/p>\n<p>El primer, amb una inversi\u00f3 superior als 99.000 euros, ser\u00e0 el que experimentar\u00e0 una major transformaci\u00f3 en incrementar la capacitat actual en 177 places. Ara per ara es tracta d\u2019un dels aparcaments del municipi m\u00e9s concorreguts durant tots els dies de la setmana. Amb esta actuaci\u00f3, l\u2019aparcament de les Neus arribar\u00e0 a les 300 places. D\u2019esta manera es convertix en una estupenda opci\u00f3 per a estacionar el vehicle i evitar el tr\u00e0nsit rodat pel nucli antic, ja que es troba a nom\u00e9s dos minuts caminant de l\u2019Ajuntament o l\u2019Esgl\u00e9sia.<\/p>\n<p>El segon aparcament que ser\u00e0 objecte de millores \u00e9s el del Centre Sociocultural. En este cas es repavimentar\u00e0 el ferm i s\u2019ordenar\u00e0 amb pintura vial.<\/p>\n<p>Per \u00faltim, el nou aparcament de la piscina de Mandor, ubicat en l\u2019entorn de l\u2019estaci\u00f3, crear\u00e0 115 noves places\u00a0 d\u2019estacionament que alleugeraran\u00a0 l\u2019elevada concentraci\u00f3 de vehicles que assistixen, sobretot de vesprada, al centre esportiu municipal. Amb una inversi\u00f3 de 45.000 euros, s\u2019adequar\u00e0 la parcel\u2022la, generant una nova superf\u00edcie\u00a0 pavimentada, reordenada amb pintura vi\u00e0ria i il\u2022luminaci\u00f3.<\/p>\n<p>Pel que fa al termini d\u2019execuci\u00f3 de les obres dels p\u00e0rquings de Mandor i les Neus, oscil\u2022lar\u00e0 entre les 4 i 5 setmanes. S\u2019espera que el nou estacionament de Mandor comence a finals d\u2019abril i el de les Neus a finals de juny. Els servicis t\u00e8cnics estan a l\u2019espera de complir amb els diferents tr\u00e0mits burocr\u00e0tics marcats pel procediment administratiu.<\/p>\n<p>L\u2019alcalde de l\u2019Eliana, Salva Torrent, ha destacat l\u2019esfor\u00e7 de tots els t\u00e8cnics de l\u2019ajuntament en la implementaci\u00f3 i execuci\u00f3 de totes estes obres: \u201csens dubte, ha sigut la legislatura en qu\u00e8 m\u00e9s hem invertit en obra p\u00fablica, al voltant de 8 milions d\u2019euros, i aix\u00f2 suposa un gran esfor\u00e7 i implicaci\u00f3 en tirar endavant tots eixos projectes\u201d. Tamb\u00e9 ha recordat l\u2019aposta del consistori per avan\u00e7ar cap a una mobilitat m\u00e9s sostenible, cosa que comporta utilitzar menys el vehicle: \u201chem apostat pel carril bici, per la instal\u2022laci\u00f3 de punts de rec\u00e0rrega gratu\u00efts per a vehicles el\u00e8ctrics o pels itineraris escolars segurs i continuarem avan\u00e7ant cap a una ciutat en la qual tinga major protagonisme el vianant, i per a aconseguir-ho cal crear aparcaments p\u00fablics que eviten la congesti\u00f3 del centre urb\u00e0\u201d.<\/p>\n","protected":false},"excerpt":{"rendered":"<div class=\"mh-excerpt\">L\u2019Ajuntament de l\u2019Eliana continua realitzant inversions per a millorar la mobilitat amb la reducci\u00f3 del tr\u00e0nsit rodat i la facilitaci\u00f3 de l\u2019estacionament al ve\u00efnat i al nombr\u00f3s p\u00fablic que di\u00e0riament visita el municipi per a <a class=\"mh-excerpt-more\" href=\"https:\/\/www.tucomarca.com\/wordpress\/segunda\/ca\/leliana-creara-292-noves-places-en-aparcaments-publics-gratuits\/\" title=\"L\u2019Eliana crear\u00e0 292 noves places en aparcaments p\u00fablics gratu\u00efts\">[+] <\/a><\/div>\n","protected":false},"author":1,"featured_media":83420,"comment_status":"open","ping_status":"open","sticky":false,"template":"","format":"standard","meta":{"footnotes":""},"categories":[10892,10948,10894,10893,10947,10896],"tags":[11172],"class_list":{"0":"post-83423","1":"post","2":"type-post","3":"status-publish","4":"format-standard","5":"has-post-thumbnail","7":"category-camp-de-turia-ca","8":"category-infraestructuras-ca","9":"category-la-comarca-ca","10":"category-leliana-ca","11":"category-politica","12":"category-seccion-ca","13":"tag-leliana-ca-2"},"_links":{"self":[{"href":"https:\/\/www.tucomarca.com\/wordpress\/segunda\/ca\/wp-json\/wp\/v2\/posts\/83423","targetHints":{"allow":["GET"]}}],"collection":[{"href":"https:\/\/www.tucomarca.com\/wordpress\/segunda\/ca\/wp-json\/wp\/v2\/posts"}],"about":[{"href":"https:\/\/www.tucomarca.com\/wordpress\/segunda\/ca\/wp-json\/wp\/v2\/types\/post"}],"author":[{"embeddable":true,"href":"https:\/\/www.tucomarca.com\/wordpress\/segunda\/ca\/wp-json\/wp\/v2\/users\/1"}],"replies":[{"embeddable":true,"href":"https:\/\/www.tucomarca.com\/wordpress\/segunda\/ca\/wp-json\/wp\/v2\/comments?post=83423"}],"version-history":[{"count":0,"href":"https:\/\/www.tucomarca.com\/wordpress\/segunda\/ca\/wp-json\/wp\/v2\/posts\/83423\/revisions"}],"wp:featuredmedia":[{"embeddable":true,"href":"https:\/\/www.tucomarca.com\/wordpress\/segunda\/ca\/wp-json\/wp\/v2\/media\/83420"}],"wp:attachment":[{"href":"https:\/\/www.tucomarca.com\/wordpress\/segunda\/ca\/wp-json\/wp\/v2\/media?parent=83423"}],"wp:term":[{"taxonomy":"category","embeddable":true,"href":"https:\/\/www.tucomarca.com\/wordpress\/segunda\/ca\/wp-json\/wp\/v2\/categories?post=83423"},{"taxonomy":"post_tag","embeddable":true,"href":"https:\/\/www.tucomarca.com\/wordpress\/segunda\/ca\/wp-json\/wp\/v2\/tags?post=83423"}],"curies":[{"name":"wp","href":"https:\/\/api.w.org\/{rel}","templated":true}]}}