{"id":83508,"date":"2019-03-26T19:50:58","date_gmt":"2019-03-26T17:50:58","guid":{"rendered":"http:\/\/www.tucomarca.com\/wordpress\/segunda\/?p=83508"},"modified":"2019-03-26T19:50:58","modified_gmt":"2019-03-26T17:50:58","slug":"la-guardia-civil-desmantella-diversos-punts-de-venda-de-droga-al-detall-a-la-ribera-alta","status":"publish","type":"post","link":"https:\/\/www.tucomarca.com\/wordpress\/segunda\/ca\/la-guardia-civil-desmantella-diversos-punts-de-venda-de-droga-al-detall-a-la-ribera-alta\/","title":{"rendered":"La Gu\u00e0rdia Civil desmantella diversos punts de venda de droga al detall a la Ribera Alta"},"content":{"rendered":"<figure id=\"attachment_83502\" aria-describedby=\"caption-attachment-83502\" style=\"width: 423px\" class=\"wp-caption alignleft\"><img loading=\"lazy\" decoding=\"async\" class=\" wp-image-83502\" src=\"http:\/\/www.tucomarca.com\/wordpress\/segunda\/wp-content\/uploads\/2019\/03\/droga.jpg\" alt=\"Con est\u00e1 intervenci\u00f3n se ha evitado la entrada en el mercado ilegal de m\u00e1s de 18 kilos de marihuana, as\u00ed como diversa cantidad de coca\u00edna lista para su distribuci\u00f3n.\" width=\"423\" height=\"317\" srcset=\"https:\/\/www.tucomarca.com\/wordpress\/segunda\/wp-content\/uploads\/2019\/03\/droga.jpg 640w, https:\/\/www.tucomarca.com\/wordpress\/segunda\/wp-content\/uploads\/2019\/03\/droga-300x225.jpg 300w\" sizes=\"auto, (max-width: 423px) 100vw, 423px\" \/><figcaption id=\"caption-attachment-83502\" class=\"wp-caption-text\">Amb est\u00e0 intervenci\u00f3 s&#8217;ha evitat l&#8217;entrada en el mercat il\u00b7legal de m\u00e9s de 18 quilos de marihuana, aix\u00ed com diversa quantitat de coca\u00efna llista per a la seva distribuci\u00f3.<\/figcaption><\/figure>\n<p>La Gu\u00e0rdia Civil ha desmantellat un cultiu de marihuana indoor de prop de 150 plantes i ha procedit a la detenci\u00f3 de dues persones per la seva implicaci\u00f3 en un delicte contra la salut p\u00fablica (tr\u00e0fic de drogues i cultiu) en diverses cases de les localitats de Carcaixent i Benimuslem.<\/p>\n<p>Els agents de Carcaixent van tenir coneixement a principi d&#8217;aquest mes de mar\u00e7 que es podia estar venent al &#8220;detall&#8221; subst\u00e0ncies estupefaents com a conseq\u00fc\u00e8ncia de l&#8217;eminent festes fallera.<\/p>\n<p>En els registres domiciliaris, dos a Carcaixent i un tercer a Benimuslem, es van descobrir dues plantacions de marihuana a la modalitat &#8220;Indoor&#8221;, juntament amb el material necessari per al seu creixement, en el qual es troben un total de 150 plantes de marihuana en diferents fases de creixement, aix\u00ed com diversa quantitat de coca\u00efna llista per a la seva distribuci\u00f3 al detall, aix\u00ed com diverses bascules de precisi\u00f3 i material per a la seva cort i adulteraci\u00f3.<\/p>\n<p>Per tot aix\u00f2 s&#8217;ha procedit a la detenci\u00f3 de dues persones, un home i una dona, de 46 i 29 anys d&#8217;edat respectivament, de nacionalitat espanyola. Amb aquesta actuaci\u00f3 s&#8217;ha evitat l&#8217;entrada en el mercat il\u00b7legal de m\u00e9s de 18 quilos de marihuana.<\/p>\n<p>Les dilig\u00e8ncies han estat lliurades al jutjat de 1r Inst\u00e0ncia i Instrucci\u00f3 n\u00ba 5 d&#8217;Alzira.<\/p>\n","protected":false},"excerpt":{"rendered":"<div class=\"mh-excerpt\">La Gu\u00e0rdia Civil ha desmantellat un cultiu de marihuana indoor de prop de 150 plantes i ha procedit a la detenci\u00f3 de dues persones per la seva implicaci\u00f3 en un delicte contra la salut p\u00fablica <a class=\"mh-excerpt-more\" href=\"https:\/\/www.tucomarca.com\/wordpress\/segunda\/ca\/la-guardia-civil-desmantella-diversos-punts-de-venda-de-droga-al-detall-a-la-ribera-alta\/\" title=\"La Gu\u00e0rdia Civil desmantella diversos punts de venda de droga al detall a la Ribera Alta\">[+] <\/a><\/div>\n","protected":false},"author":1,"featured_media":83503,"comment_status":"open","ping_status":"open","sticky":false,"template":"","format":"standard","meta":{"footnotes":""},"categories":[10889,10989,10898,10894,10902,10896,10897],"tags":[11192],"class_list":{"0":"post-83508","1":"post","2":"type-post","3":"status-publish","4":"format-standard","5":"has-post-thumbnail","7":"category-alzira-cat","8":"category-benimuslem-ca","9":"category-ventana-ca","10":"category-la-comarca-ca","11":"category-la-ribera-ca","12":"category-seccion-ca","13":"category-sucesos-la-comarca-ca","14":"tag-alzira-ca"},"_links":{"self":[{"href":"https:\/\/www.tucomarca.com\/wordpress\/segunda\/ca\/wp-json\/wp\/v2\/posts\/83508","targetHints":{"allow":["GET"]}}],"collection":[{"href":"https:\/\/www.tucomarca.com\/wordpress\/segunda\/ca\/wp-json\/wp\/v2\/posts"}],"about":[{"href":"https:\/\/www.tucomarca.com\/wordpress\/segunda\/ca\/wp-json\/wp\/v2\/types\/post"}],"author":[{"embeddable":true,"href":"https:\/\/www.tucomarca.com\/wordpress\/segunda\/ca\/wp-json\/wp\/v2\/users\/1"}],"replies":[{"embeddable":true,"href":"https:\/\/www.tucomarca.com\/wordpress\/segunda\/ca\/wp-json\/wp\/v2\/comments?post=83508"}],"version-history":[{"count":0,"href":"https:\/\/www.tucomarca.com\/wordpress\/segunda\/ca\/wp-json\/wp\/v2\/posts\/83508\/revisions"}],"wp:featuredmedia":[{"embeddable":true,"href":"https:\/\/www.tucomarca.com\/wordpress\/segunda\/ca\/wp-json\/wp\/v2\/media\/83503"}],"wp:attachment":[{"href":"https:\/\/www.tucomarca.com\/wordpress\/segunda\/ca\/wp-json\/wp\/v2\/media?parent=83508"}],"wp:term":[{"taxonomy":"category","embeddable":true,"href":"https:\/\/www.tucomarca.com\/wordpress\/segunda\/ca\/wp-json\/wp\/v2\/categories?post=83508"},{"taxonomy":"post_tag","embeddable":true,"href":"https:\/\/www.tucomarca.com\/wordpress\/segunda\/ca\/wp-json\/wp\/v2\/tags?post=83508"}],"curies":[{"name":"wp","href":"https:\/\/api.w.org\/{rel}","templated":true}]}}