{"id":83554,"date":"2019-03-27T19:15:33","date_gmt":"2019-03-27T17:15:33","guid":{"rendered":"http:\/\/www.tucomarca.com\/wordpress\/segunda\/?p=83554"},"modified":"2019-03-27T21:15:54","modified_gmt":"2019-03-27T19:15:54","slug":"divendres-que-ve-arrenca-a-xest-la-iniciativa-juvenil-elolcal","status":"publish","type":"post","link":"https:\/\/www.tucomarca.com\/wordpress\/segunda\/ca\/divendres-que-ve-arrenca-a-xest-la-iniciativa-juvenil-elolcal\/","title":{"rendered":"Divendres que ve arrenca a Xest la iniciativa juvenil &#8220;ELOLCAL&#8221;"},"content":{"rendered":"<div class=\"\">\n<figure id=\"attachment_83550\" aria-describedby=\"caption-attachment-83550\" style=\"width: 302px\" class=\"wp-caption alignleft\"><img loading=\"lazy\" decoding=\"async\" class=\" wp-image-83550\" src=\"http:\/\/www.tucomarca.com\/wordpress\/segunda\/wp-content\/uploads\/2019\/03\/ELOLCAL.jpg\" alt=\"Nueva propuesta de ocio juvenil que ha impulsado la concejal\u00eda de Juventud, bajo el t\u00edtulo de \u201cELOLCAL\u201d.\" width=\"302\" height=\"418\" srcset=\"https:\/\/www.tucomarca.com\/wordpress\/segunda\/wp-content\/uploads\/2019\/03\/ELOLCAL.jpg 4120w, https:\/\/www.tucomarca.com\/wordpress\/segunda\/wp-content\/uploads\/2019\/03\/ELOLCAL-217x300.jpg 217w, https:\/\/www.tucomarca.com\/wordpress\/segunda\/wp-content\/uploads\/2019\/03\/ELOLCAL-768x1062.jpg 768w, https:\/\/www.tucomarca.com\/wordpress\/segunda\/wp-content\/uploads\/2019\/03\/ELOLCAL-741x1024.jpg 741w, https:\/\/www.tucomarca.com\/wordpress\/segunda\/wp-content\/uploads\/2019\/03\/ELOLCAL-1024x1415.jpg 1024w\" sizes=\"auto, (max-width: 302px) 100vw, 302px\" \/><figcaption id=\"caption-attachment-83550\" class=\"wp-caption-text\">Nova proposta d&#8217;oci juvenil que ha impulsat la regidoria de Joventut, amb eDivendres que ve arrenca a Xest la iniciativa juvenil &#8220;ELOLCAL&#8221;l t\u00edtol de &#8220;ELOLCAL&#8221;.<\/figcaption><\/figure>\n<p>Divendres que ve, 29 de mar\u00e7, es donar\u00e0 a con\u00e8ixer la nova proposta d&#8217;oci juvenil que ha impulsat la regidoria de Joventut, amb el t\u00edtol de &#8220;ELOLCAL&#8221;. L&#8217;acte tindr\u00e0 lloc a les 20 hores al carrer P\u00e9rez Gald\u00f3s.<\/p>\n<p>&#8220;El projecte \u00e9s el resultat del treball realitzat des de l&#8217;Ajuntament per elaborar un pla per als i les joves de la localitat que no fos intrusiu, sin\u00f3 que els gener\u00e9s empatia. D&#8217;aqu\u00ed neix el propi nom del projecte, que cont\u00e9 amb una expressi\u00f3 que resumeix una situaci\u00f3 que fa gr\u00e0cia: &#8220;LOL&#8221;, molt utilitzada per la gent jove en xarxes socials i missatges de m\u00f2bil, el significat literal \u00e9s riure en veu alta oa riallades &#8220;, explica l&#8217;alcalde i regidor de Joventut, Jos\u00e9 Morell. &#8220;Per evitar imposar un pla d&#8217;activitats des de l&#8217;Ajuntament, hem implicat a joves de Xest amb diferents interessos musicals, esportius, teatrals i d&#8217;oci en general, perqu\u00e8 siguin ells i elles mateixes qui impliquin i motivin a la resta de joves. ELOLCAL \u00e9s una casa de la joventut virtual, mutantDivendres que veu arrenca a Xest la iniciativa juvenil &#8220;ELOLCAL&#8221; i i itinerant que englobar\u00e0 oci alternatiu dirigit a joves i programat per joves, amb la col\u00b7laboraci\u00f3 de l&#8217;Ajuntament &#8220;.<\/p>\n<p>Aix\u00ed, ELOLCAL es presenta com un espai flexible i canviant que servir\u00e0 de punt de trobada i de diversi\u00f3, amb la finalitat de crear una xarxa de joves. &#8220;ELOLCAL no s&#8217;associa a un espai concret, sin\u00f3 que pot donar-se en un carrer o pla\u00e7a, al teatre, al pavell\u00f3 esportiu, al parc de la Lomiquia, en una pista de skate i fins i tot en el baix on quedes amb els teus amics i amigues &#8220;, apunta Morell.<\/p>\n<p>El projecte s&#8217;ha iniciat gr\u00e0cies a la implicaci\u00f3 de joves que poden servir de referent per als i les altres. Aquestes persones seran els que donin el tret de sortida al LOLCAL divendres que ve fent una breu posada en escena del que poden oferir en propers esdeveniments.<\/p>\n<p>Ja s&#8217;han unit al projecte el DJ Urko Cruz, el grup de metall greu Bibrass D&#8217;Or, esportistes de basket, futbol i salt de corda, l&#8217;artista Vict\u00f2ria Izquierdo i actors i actrius de teatre, tant independents, com de l&#8217;escola municipal de teatre i de l&#8217;associaci\u00f3 Al Comp\u00e0s Musicals.<\/p>\n<p><strong>Balconinj-je-je-je-je<\/strong><br \/>\nDespr\u00e9s de la presentaci\u00f3 del projecte, el dissabte 30 de mar\u00e7 tindr\u00e0 lloc a primera actuaci\u00f3 d&#8217;aquesta iniciativa juvenil: &#8220;Balconinj-je-je-je-je&#8221;, una aposta teatral a balcons de la pla\u00e7a de l&#8217;Esgl\u00e9sia que comen\u00e7ar\u00e0 a les 21 hores .<\/p>\n<\/div>\n","protected":false},"excerpt":{"rendered":"<div class=\"mh-excerpt\">Divendres que ve, 29 de mar\u00e7, es donar\u00e0 a con\u00e8ixer la nova proposta d&#8217;oci juvenil que ha impulsat la regidoria de Joventut, amb el t\u00edtol de &#8220;ELOLCAL&#8221;. L&#8217;acte tindr\u00e0 lloc a les 20 hores al <a class=\"mh-excerpt-more\" href=\"https:\/\/www.tucomarca.com\/wordpress\/segunda\/ca\/divendres-que-ve-arrenca-a-xest-la-iniciativa-juvenil-elolcal\/\" title=\"Divendres que ve arrenca a Xest la iniciativa juvenil &#8220;ELOLCAL&#8221;\">[+] <\/a><\/div>\n","protected":false},"author":2,"featured_media":83549,"comment_status":"open","ping_status":"open","sticky":false,"template":"","format":"standard","meta":{"footnotes":""},"categories":[11019,10912,10896,10974],"tags":[11071],"class_list":{"0":"post-83554","1":"post","2":"type-post","3":"status-publish","4":"format-standard","5":"has-post-thumbnail","7":"category-agenda-ca","8":"category-la-hoya-ca","9":"category-seccion-ca","10":"category-cheste-ca","11":"tag-cheste"},"_links":{"self":[{"href":"https:\/\/www.tucomarca.com\/wordpress\/segunda\/ca\/wp-json\/wp\/v2\/posts\/83554","targetHints":{"allow":["GET"]}}],"collection":[{"href":"https:\/\/www.tucomarca.com\/wordpress\/segunda\/ca\/wp-json\/wp\/v2\/posts"}],"about":[{"href":"https:\/\/www.tucomarca.com\/wordpress\/segunda\/ca\/wp-json\/wp\/v2\/types\/post"}],"author":[{"embeddable":true,"href":"https:\/\/www.tucomarca.com\/wordpress\/segunda\/ca\/wp-json\/wp\/v2\/users\/2"}],"replies":[{"embeddable":true,"href":"https:\/\/www.tucomarca.com\/wordpress\/segunda\/ca\/wp-json\/wp\/v2\/comments?post=83554"}],"version-history":[{"count":0,"href":"https:\/\/www.tucomarca.com\/wordpress\/segunda\/ca\/wp-json\/wp\/v2\/posts\/83554\/revisions"}],"wp:featuredmedia":[{"embeddable":true,"href":"https:\/\/www.tucomarca.com\/wordpress\/segunda\/ca\/wp-json\/wp\/v2\/media\/83549"}],"wp:attachment":[{"href":"https:\/\/www.tucomarca.com\/wordpress\/segunda\/ca\/wp-json\/wp\/v2\/media?parent=83554"}],"wp:term":[{"taxonomy":"category","embeddable":true,"href":"https:\/\/www.tucomarca.com\/wordpress\/segunda\/ca\/wp-json\/wp\/v2\/categories?post=83554"},{"taxonomy":"post_tag","embeddable":true,"href":"https:\/\/www.tucomarca.com\/wordpress\/segunda\/ca\/wp-json\/wp\/v2\/tags?post=83554"}],"curies":[{"name":"wp","href":"https:\/\/api.w.org\/{rel}","templated":true}]}}