{"id":83618,"date":"2019-03-28T09:33:24","date_gmt":"2019-03-28T07:33:24","guid":{"rendered":"http:\/\/www.tucomarca.com\/wordpress\/segunda\/?p=83618"},"modified":"2019-03-28T14:50:15","modified_gmt":"2019-03-28T12:50:15","slug":"mig-centenar-de-persones-recorreran-121-quilometres-contra-el-cancer-entre-venta-del-moro-i-almussafes","status":"publish","type":"post","link":"https:\/\/www.tucomarca.com\/wordpress\/segunda\/ca\/mig-centenar-de-persones-recorreran-121-quilometres-contra-el-cancer-entre-venta-del-moro-i-almussafes\/","title":{"rendered":"Mig centenar de persones recorreran 121 quil\u00f2metres contra el c\u00e0ncer entre Venta del Moro i Almussafes"},"content":{"rendered":"<figure id=\"attachment_83617\" aria-describedby=\"caption-attachment-83617\" style=\"width: 406px\" class=\"wp-caption alignleft\"><img loading=\"lazy\" decoding=\"async\" class=\" wp-image-83617\" src=\"http:\/\/www.tucomarca.com\/wordpress\/segunda\/wp-content\/uploads\/2019\/03\/1-2.jpg\" alt=\"Medio centenar de personas recorrer\u00e1n 121 kil\u00f3metros contra el c\u00e1ncer entre Venta del Moro y Almussafes.\" width=\"406\" height=\"264\" srcset=\"https:\/\/www.tucomarca.com\/wordpress\/segunda\/wp-content\/uploads\/2019\/03\/1-2.jpg 2362w, https:\/\/www.tucomarca.com\/wordpress\/segunda\/wp-content\/uploads\/2019\/03\/1-2-300x195.jpg 300w, https:\/\/www.tucomarca.com\/wordpress\/segunda\/wp-content\/uploads\/2019\/03\/1-2-768x499.jpg 768w, https:\/\/www.tucomarca.com\/wordpress\/segunda\/wp-content\/uploads\/2019\/03\/1-2-1024x665.jpg 1024w\" sizes=\"auto, (max-width: 406px) 100vw, 406px\" \/><figcaption id=\"caption-attachment-83617\" class=\"wp-caption-text\">Mig centenar de persones recorreran 121 quil\u00f2metres contra el c\u00e0ncer entre Venta del Moro i Almussafes.<\/figcaption><\/figure>\n<p><strong>La Diputaci\u00f3 de Val\u00e8ncia col\u00b7labora un any m\u00e9s en un recorregut solidari que travessar\u00e0 nou municipis valencians<\/strong><\/p>\n<p><strong>La 9a edici\u00f3 del Repte Solidari AECC Val\u00e8ncia eixir\u00e0 de Venta del Moro aquest 29 de mar\u00e7, per a arribar 24 hores despr\u00e9s a Almussafes<\/strong><\/p>\n<p>Mig centenar de persones participaran en el Repte Solidari AECC Val\u00e8ncia que tindr\u00e0 lloc els pr\u00f2xims divendres i dissabte, 29 i 30 de mar\u00e7. Aquest Repte, que compleix ja la seua novena edici\u00f3, s&#8217;ha presentat hui en la Diputaci\u00f3 de Val\u00e8ncia en un acte que ha comptat amb l&#8217;assist\u00e8ncia del president de la instituci\u00f3, Toni Gaspar, el Subdirector de AECC Val\u00e8ncia, Javier Llombart, el promotor del Repte, Jos\u00e9 Antonio Miguel, aix\u00ed com alguns dels alcaldes de les localitats que travessar\u00e0 el recorregut i que, com cada any, s&#8217;han bolcat amb la iniciativa.<\/p>\n<p>El Repte Solidari AECC Val\u00e8ncia, impulsat per a visibilitzar la lluita contra el c\u00e0ncer i donar suport a les persones que lluiten contra la malaltia, donar\u00e0 comen\u00e7ament divendres que ve 29 de mar\u00e7, quan els corredors prenguen l&#8217;eixida a les 18:00h des de Venta del Moro per a rec\u00f3rrer 121 quil\u00f2metres durant 24 hores seguides, fins a arribar a la meta situada a Almussafes.<\/p>\n<p>Els 52 corredors participants eixiran des de Venta del Moro i travessaran La Portera, Alboraig, Y\u00e1tova, Tor\u00eds, Albal, Beniparrell, Silla i Almussafes, on trobaran la meta. Aquests valents recorreran aix\u00ed aquests 121 quil\u00f2metres portant amb si la \u201ctorxa solid\u00e0ria\u201d que exemplificar\u00e0 la lluita i solidaritat del repte.<\/p>\n<p><strong>Uni\u00f3 contra el c\u00e0ncer<\/strong><\/p>\n<p>Durant les intervencions, el President de la Diputaci\u00f3, Toni Gaspar, ha assegurat que la lluita contra el c\u00e0ncer \u201c\u00e9s una cosa transversal, un problema que est\u00e0 pr\u00e0cticament en el cor de tots, i les institucions hem d&#8217;estar unides i donar suport a aquest tipus d&#8217;iniciatives\u201d. \u201c\u00c9s un orgull -ha continuat- veure a tants municipis, tantes institucions, tantes persones\u2026 unir-se per a lluitar contra la malaltia i visibilitzar aqueixa lluita en un repte com aquest\u201d.<\/p>\n<p>Per part seua, el promotor del Repte, Jos\u00e9 Antonio Miguel, ha avan\u00e7at que en aquesta edici\u00f3 \u201crecorrerem 121 quil\u00f2metres d&#8217;aut\u00e8ntiques emocions. Cadascun dels 52 corredors que participaran en el Repte t\u00e9 una hist\u00f2ria. 52 hist\u00f2ries, 52 persones que escenificaran la lluita de milers de persones afectades\u201d. A m\u00e9s, ha volgut agrair \u201ca tots aquells que donen suport a la iniciativa la seua solidaritat: Diputaci\u00f3, municipis, alcaldes, patrocinadors, AECC Val\u00e8ncia&#8230; Gr\u00e0cies a tots\u201d.<\/p>\n<p>El Subdirector de *AECC Val\u00e8ncia, Javier *Llombart, tamb\u00e9 ha volgut agrair a la Diputaci\u00f3, Juntes Locals, municipis, patrocinadors i participants \u201cla seua implicaci\u00f3, solidaritat i suport\u201d i ha destacat la import\u00e0ncia de la investigaci\u00f3 per a previndre la malaltia. \u201c\u00c9s el que fem en el Circuit *RunC\u00e1ncer des de fa 5 anys, i \u00e9s el que continuarem fent: donar suport tota iniciativa que uneix esport i investigaci\u00f3, ja que tamb\u00e9 es prev\u00e9 portant una vida activa i saludable, fent esport\u201d.<\/p>\n<p>\u201cEl 50% dels c\u00e0ncers es podien previndre fent esport. Aix\u00f2 tamb\u00e9 \u00e9s previndre i dep\u00e9n de nosaltres mateixos. Aqueixa rutina tamb\u00e9 ens pot salvar la vida, l&#8217;esport \u00e9s vida\u201d, ha afegit *Llombart.<\/p>\n<p>Aix\u00ed mateix, els alcaldes de Venta del Moro i Almussafes, Luis Francisco L\u00f3pez Yeves i Toni Gonz\u00e1lez Rodr\u00edguez, respectivament, tamb\u00e9 ha volgut agrair la iniciativa i han apostat per donar suport des de totes les institucions reptes com aquest que fan visible la lluita contra el c\u00e0ncer i, sobretot, donen suport a la investigaci\u00f3.<\/p>\n","protected":false},"excerpt":{"rendered":"<div class=\"mh-excerpt\">La Diputaci\u00f3 de Val\u00e8ncia col\u00b7labora un any m\u00e9s en un recorregut solidari que travessar\u00e0 nou municipis valencians La 9a edici\u00f3 del Repte Solidari AECC Val\u00e8ncia eixir\u00e0 de Venta del Moro aquest 29 de mar\u00e7, per <a class=\"mh-excerpt-more\" href=\"https:\/\/www.tucomarca.com\/wordpress\/segunda\/ca\/mig-centenar-de-persones-recorreran-121-quilometres-contra-el-cancer-entre-venta-del-moro-i-almussafes\/\" title=\"Mig centenar de persones recorreran 121 quil\u00f2metres contra el c\u00e0ncer entre Venta del Moro i Almussafes\">[+] <\/a><\/div>\n","protected":false},"author":2,"featured_media":83617,"comment_status":"open","ping_status":"open","sticky":false,"template":"","format":"standard","meta":{"footnotes":""},"categories":[10973,11018,11003,10898,10980,10912,10909,11060,11062],"tags":[11533,11246],"class_list":{"0":"post-83618","1":"post","2":"type-post","3":"status-publish","4":"format-standard","5":"has-post-thumbnail","7":"category-alborache-ca","8":"category-atletisme","9":"category-sports","10":"category-ventana-ca","11":"category-yatova-ca","12":"category-la-hoya-ca","13":"category-requena-utiel-ca","14":"category-venta-del-moro-ca","15":"category-videos","16":"tag-aecc-de-valencia-ca","17":"tag-diputacio-de-valencia-ca"},"_links":{"self":[{"href":"https:\/\/www.tucomarca.com\/wordpress\/segunda\/ca\/wp-json\/wp\/v2\/posts\/83618","targetHints":{"allow":["GET"]}}],"collection":[{"href":"https:\/\/www.tucomarca.com\/wordpress\/segunda\/ca\/wp-json\/wp\/v2\/posts"}],"about":[{"href":"https:\/\/www.tucomarca.com\/wordpress\/segunda\/ca\/wp-json\/wp\/v2\/types\/post"}],"author":[{"embeddable":true,"href":"https:\/\/www.tucomarca.com\/wordpress\/segunda\/ca\/wp-json\/wp\/v2\/users\/2"}],"replies":[{"embeddable":true,"href":"https:\/\/www.tucomarca.com\/wordpress\/segunda\/ca\/wp-json\/wp\/v2\/comments?post=83618"}],"version-history":[{"count":0,"href":"https:\/\/www.tucomarca.com\/wordpress\/segunda\/ca\/wp-json\/wp\/v2\/posts\/83618\/revisions"}],"wp:featuredmedia":[{"embeddable":true,"href":"https:\/\/www.tucomarca.com\/wordpress\/segunda\/ca\/wp-json\/wp\/v2\/media\/83617"}],"wp:attachment":[{"href":"https:\/\/www.tucomarca.com\/wordpress\/segunda\/ca\/wp-json\/wp\/v2\/media?parent=83618"}],"wp:term":[{"taxonomy":"category","embeddable":true,"href":"https:\/\/www.tucomarca.com\/wordpress\/segunda\/ca\/wp-json\/wp\/v2\/categories?post=83618"},{"taxonomy":"post_tag","embeddable":true,"href":"https:\/\/www.tucomarca.com\/wordpress\/segunda\/ca\/wp-json\/wp\/v2\/tags?post=83618"}],"curies":[{"name":"wp","href":"https:\/\/api.w.org\/{rel}","templated":true}]}}