{"id":83882,"date":"2019-03-30T20:58:10","date_gmt":"2019-03-30T18:58:10","guid":{"rendered":"http:\/\/www.tucomarca.com\/wordpress\/segunda\/?p=83882"},"modified":"2019-03-30T20:58:10","modified_gmt":"2019-03-30T18:58:10","slug":"video-albaes-falles-turis-2019-falla-placa-del-mercat","status":"publish","type":"post","link":"https:\/\/www.tucomarca.com\/wordpress\/segunda\/ca\/video-albaes-falles-turis-2019-falla-placa-del-mercat\/","title":{"rendered":"V\u00eddeo: Albaes Falles Tur\u00eds 2019. Falla Pla\u00e7a del Mercat"},"content":{"rendered":"<p>V\u00eddeograbaci\u00f3 a c\u00e0rrec de <strong>tucomarca televisi\u00f3<\/strong>\u00a0de les albaes de les Falles de Tur\u00eds 2019. Comissi\u00f3 Pla\u00e7a del Mercat.<\/p>\n","protected":false},"excerpt":{"rendered":"<div class=\"mh-excerpt\">V\u00eddeograbaci\u00f3 a c\u00e0rrec de tucomarca televisi\u00f3\u00a0de les albaes de les Falles de Tur\u00eds 2019. Comissi\u00f3 Pla\u00e7a del Mercat.<\/div>\n","protected":false},"author":1,"featured_media":83880,"comment_status":"open","ping_status":"open","sticky":false,"template":"","format":"standard","meta":{"footnotes":""},"categories":[10898,10902,11004,11008,10896,11047],"tags":[11499,11500,11093],"class_list":{"0":"post-83882","1":"post","2":"type-post","3":"status-publish","4":"format-standard","5":"has-post-thumbnail","7":"category-ventana-ca","8":"category-la-ribera-ca","9":"category-la-semana-en-imagenes-ca","10":"category-pueblos-en-fiestas-ca","11":"category-seccion-ca","12":"category-turis-ca","13":"tag-fallas-ca","14":"tag-falles-ca","15":"tag-turis-ca"},"_links":{"self":[{"href":"https:\/\/www.tucomarca.com\/wordpress\/segunda\/ca\/wp-json\/wp\/v2\/posts\/83882","targetHints":{"allow":["GET"]}}],"collection":[{"href":"https:\/\/www.tucomarca.com\/wordpress\/segunda\/ca\/wp-json\/wp\/v2\/posts"}],"about":[{"href":"https:\/\/www.tucomarca.com\/wordpress\/segunda\/ca\/wp-json\/wp\/v2\/types\/post"}],"author":[{"embeddable":true,"href":"https:\/\/www.tucomarca.com\/wordpress\/segunda\/ca\/wp-json\/wp\/v2\/users\/1"}],"replies":[{"embeddable":true,"href":"https:\/\/www.tucomarca.com\/wordpress\/segunda\/ca\/wp-json\/wp\/v2\/comments?post=83882"}],"version-history":[{"count":0,"href":"https:\/\/www.tucomarca.com\/wordpress\/segunda\/ca\/wp-json\/wp\/v2\/posts\/83882\/revisions"}],"wp:featuredmedia":[{"embeddable":true,"href":"https:\/\/www.tucomarca.com\/wordpress\/segunda\/ca\/wp-json\/wp\/v2\/media\/83880"}],"wp:attachment":[{"href":"https:\/\/www.tucomarca.com\/wordpress\/segunda\/ca\/wp-json\/wp\/v2\/media?parent=83882"}],"wp:term":[{"taxonomy":"category","embeddable":true,"href":"https:\/\/www.tucomarca.com\/wordpress\/segunda\/ca\/wp-json\/wp\/v2\/categories?post=83882"},{"taxonomy":"post_tag","embeddable":true,"href":"https:\/\/www.tucomarca.com\/wordpress\/segunda\/ca\/wp-json\/wp\/v2\/tags?post=83882"}],"curies":[{"name":"wp","href":"https:\/\/api.w.org\/{rel}","templated":true}]}}