{"id":84046,"date":"2019-04-02T14:19:59","date_gmt":"2019-04-02T12:19:59","guid":{"rendered":"http:\/\/www.tucomarca.com\/wordpress\/segunda\/?p=84046"},"modified":"2019-04-02T14:19:59","modified_gmt":"2019-04-02T12:19:59","slug":"fotogaleria-xest-presenta-la-iniciativa-juvenil-elolcal","status":"publish","type":"post","link":"https:\/\/www.tucomarca.com\/wordpress\/segunda\/ca\/fotogaleria-xest-presenta-la-iniciativa-juvenil-elolcal\/","title":{"rendered":"Fotogaleria: Xest presenta la iniciativa juvenil &#8220;ELOLCAL&#8221;"},"content":{"rendered":"<figure id=\"attachment_83993\" aria-describedby=\"caption-attachment-83993\" style=\"width: 376px\" class=\"wp-caption alignleft\"><img loading=\"lazy\" decoding=\"async\" class=\" wp-image-83993\" src=\"http:\/\/www.tucomarca.com\/wordpress\/segunda\/wp-content\/uploads\/2019\/04\/1_JoseMorell_PresentacionELOLCAL.jpeg\" alt=\"El alcalde de Cheste, Jos\u00e9 Morell, presenta esta iniciativa juvenil.\" width=\"376\" height=\"251\" srcset=\"https:\/\/www.tucomarca.com\/wordpress\/segunda\/wp-content\/uploads\/2019\/04\/1_JoseMorell_PresentacionELOLCAL.jpeg 5472w, https:\/\/www.tucomarca.com\/wordpress\/segunda\/wp-content\/uploads\/2019\/04\/1_JoseMorell_PresentacionELOLCAL-300x200.jpeg 300w, https:\/\/www.tucomarca.com\/wordpress\/segunda\/wp-content\/uploads\/2019\/04\/1_JoseMorell_PresentacionELOLCAL-768x512.jpeg 768w, https:\/\/www.tucomarca.com\/wordpress\/segunda\/wp-content\/uploads\/2019\/04\/1_JoseMorell_PresentacionELOLCAL-1024x683.jpeg 1024w\" sizes=\"auto, (max-width: 376px) 100vw, 376px\" \/><figcaption id=\"caption-attachment-83993\" class=\"wp-caption-text\">L&#8217;alcalde de Xest, Jos\u00e9 Morell, presenta aquesta iniciativa juvenil.<\/figcaption><\/figure>\n<p>Divendres passat, 29 de mar\u00e7, es donava a con\u00e8ixer a Xest una nova iniciativa juvenil per crear una xarxa de joves que promoguin i protagonitzin activitats d&#8217;oci a la localitat, sota el nom de &#8220;ELOLCAL&#8221;. Aquest projecte es va presentar com un espai flexible i canviant, que servir\u00e0 de punt de trobada i de diversi\u00f3 per als i les joves, sense associar-se a un espai concret, sin\u00f3 que pot donar-se en un carrer o pla\u00e7a, al teatre, al pavell\u00f3 esportiu, al parc de la Lomiquia o en una pista de skate. De fet, l&#8217;acte de presentaci\u00f3 es va celebrar al carrer P\u00e9rez Gald\u00f3s a les 20 hores, amb les terrasses dels locals de la zona abarrotades de gent.<\/p>\n<p>&#8220;A l&#8217;Ajuntament arribava permanentment la idea que era necess\u00e0ria una oferta d&#8217;oci juvenil alternativa. Moltes vegades, des dels poders p\u00fablics es pret\u00e9n arribar als i les joves o donar resposta a les seves necessitats sense comptar amb ells, creient saber el que els agrada; per\u00f2 fer aix\u00f2 \u00e9s un error i m\u00e9s en aquesta legislatura en qu\u00e8 s&#8217;ha apostat per la participaci\u00f3 en tots els \u00e0mbits. En Xest comptem amb una joventut amb talent: tenim joves esportistes, artistes i m\u00fasics; que poden servir d&#8217;inspiraci\u00f3 als i les altres. Tenint en compte tot aix\u00f2, va sorgir la idea de &#8220;ELOLCAL&#8221; que avui presentarem aqu\u00ed amb una breu posada en escena del que poden oferir en pr\u00f2xims esdeveniments &#8220;, va manifestar l&#8217;alcalde de Xest i regidor de Joventut, Jos\u00e9 Morell. &#8220;M\u00e9s endavant, quan estigui constru\u00efda la Casa de la M\u00fasica al carrer Antonio Machado, es quedar\u00e0 lliure el local de l&#8217;Associaci\u00f3 Musical La Lira de l&#8217;avinguda Castella: aquest espai ser\u00e0 la Casa de la Joventut. Mentrestant, comptarem amb aquest projecte de ELOLCAL, el format es mantindr\u00e0 quan es compti amb un espai f\u00edsic concret &#8220;.<\/p>\n<p>Despr\u00e9s del discurs de Morell, va arrencar la presentaci\u00f3 de ELOLCAL, a c\u00e0rrec de l&#8217;actor chestano, Aaron S\u00e1nchez, fundador de la companyia valenciana Rocambolesc Teatre i participant del projecte europeu Escena Erasmus. &#8220;L&#8217;esperit de ELOLCAL \u00e9s pur LOL&#8221;, afirmava S\u00e1nchez tot just comen\u00e7ar. &#8220;LOL significa literalment riure en veu alta. Si alguna cosa et fa gr\u00e0cia dius LOL: segur que la m\u00fasica et fa LOL, segur que el fortnite et fa LOL, segur que algun esport et fa LOL, segur que les xarxes socials et fa LOL, que algun o alguna instagramer et fa LOL o fins i tot, que el teatre et fa LOL &#8220;, aix\u00ed introdu\u00efa l&#8217;actor les diferents possibilitats d&#8217;oci que oferir\u00e0 ELOLCAL.<\/p>\n<p>L&#8217;acte va continuar amb l&#8217;actuaci\u00f3 del grup de metalls Bibrass D&#8217;Or, de les actrius Maria de la Creu i Estela Ferrando, dels i les joves artistes de l&#8217;associaci\u00f3 Al Comp\u00e0s Musicals i del DJ Urko Creu, qui, a m\u00e9s ha estat el encarregat de compondre la sintonia del projecte. A m\u00e9s, tal com es va explicar durant la presentaci\u00f3, el projecte tamb\u00e9 compta amb la implicaci\u00f3 de joves que poden servir de referent per als i les altres. &#8220;En ELOLCAL podr\u00e0s con\u00e8ixer a persones que es dediquen a l&#8217;esport de manera professional, com Carlos Corber\u00e1n, que va comen\u00e7ar a treballar a primera divisi\u00f3 amb tan sol 26 anys, sent entrenador i segon entrenador en clubs de primera divisi\u00f3 de l&#8217;Ar\u00e0bia Saudita, Espanya i Xipre ; com Yannik i Sergio, jugadors del Club de B\u00e0squet de Xest o com els i les esportistes del Club de Salt de Corda; tamb\u00e9 hi haur\u00e0 espai per a l&#8217;art amb gent que va trobar la seva passi\u00f3 en les Belles Arts, com l&#8217;artista chestana, Vict\u00f2ria Izquierdo; i amb artistes dels grups de teatre locals &#8220;.<\/p>\n<div id='gallery-1' class='gallery galleryid-84046 gallery-columns-3 gallery-size-medium'><figure class='gallery-item'>\n\t\t\t<div class='gallery-icon landscape'>\n\t\t\t\t<a href='https:\/\/www.tucomarca.com\/wordpress\/segunda\/ca\/fotogaleria-xest-presenta-la-iniciativa-juvenil-elolcal\/21_publico_presentacionelolcal-2\/'><img loading=\"lazy\" decoding=\"async\" width=\"300\" height=\"200\" src=\"https:\/\/www.tucomarca.com\/wordpress\/segunda\/wp-content\/uploads\/2019\/04\/21_Publico_PresentacionELOLCAL-300x200.jpeg\" class=\"attachment-medium size-medium\" alt=\"\" srcset=\"https:\/\/www.tucomarca.com\/wordpress\/segunda\/wp-content\/uploads\/2019\/04\/21_Publico_PresentacionELOLCAL-300x200.jpeg 300w, https:\/\/www.tucomarca.com\/wordpress\/segunda\/wp-content\/uploads\/2019\/04\/21_Publico_PresentacionELOLCAL-768x512.jpeg 768w, https:\/\/www.tucomarca.com\/wordpress\/segunda\/wp-content\/uploads\/2019\/04\/21_Publico_PresentacionELOLCAL-1024x683.jpeg 1024w\" sizes=\"auto, (max-width: 300px) 100vw, 300px\" \/><\/a>\n\t\t\t<\/div><\/figure><figure class='gallery-item'>\n\t\t\t<div class='gallery-icon landscape'>\n\t\t\t\t<a href='https:\/\/www.tucomarca.com\/wordpress\/segunda\/ca\/fotogaleria-xest-presenta-la-iniciativa-juvenil-elolcal\/20_presentacionelolcal-2\/'><img loading=\"lazy\" decoding=\"async\" width=\"300\" height=\"200\" src=\"https:\/\/www.tucomarca.com\/wordpress\/segunda\/wp-content\/uploads\/2019\/04\/20_PresentacionELOLCAL-300x200.jpeg\" class=\"attachment-medium size-medium\" alt=\"\" srcset=\"https:\/\/www.tucomarca.com\/wordpress\/segunda\/wp-content\/uploads\/2019\/04\/20_PresentacionELOLCAL-300x200.jpeg 300w, https:\/\/www.tucomarca.com\/wordpress\/segunda\/wp-content\/uploads\/2019\/04\/20_PresentacionELOLCAL-768x512.jpeg 768w, https:\/\/www.tucomarca.com\/wordpress\/segunda\/wp-content\/uploads\/2019\/04\/20_PresentacionELOLCAL-1024x683.jpeg 1024w\" sizes=\"auto, (max-width: 300px) 100vw, 300px\" \/><\/a>\n\t\t\t<\/div><\/figure><figure class='gallery-item'>\n\t\t\t<div class='gallery-icon landscape'>\n\t\t\t\t<a href='https:\/\/www.tucomarca.com\/wordpress\/segunda\/ca\/fotogaleria-xest-presenta-la-iniciativa-juvenil-elolcal\/19_presentacionelolcal-2\/'><img loading=\"lazy\" decoding=\"async\" width=\"300\" height=\"200\" src=\"https:\/\/www.tucomarca.com\/wordpress\/segunda\/wp-content\/uploads\/2019\/04\/19_PresentacionELOLCAL-300x200.jpeg\" class=\"attachment-medium size-medium\" alt=\"\" srcset=\"https:\/\/www.tucomarca.com\/wordpress\/segunda\/wp-content\/uploads\/2019\/04\/19_PresentacionELOLCAL-300x200.jpeg 300w, https:\/\/www.tucomarca.com\/wordpress\/segunda\/wp-content\/uploads\/2019\/04\/19_PresentacionELOLCAL-768x512.jpeg 768w, https:\/\/www.tucomarca.com\/wordpress\/segunda\/wp-content\/uploads\/2019\/04\/19_PresentacionELOLCAL-1024x683.jpeg 1024w\" sizes=\"auto, (max-width: 300px) 100vw, 300px\" \/><\/a>\n\t\t\t<\/div><\/figure><figure class='gallery-item'>\n\t\t\t<div class='gallery-icon landscape'>\n\t\t\t\t<a href='https:\/\/www.tucomarca.com\/wordpress\/segunda\/ca\/fotogaleria-xest-presenta-la-iniciativa-juvenil-elolcal\/18_presentacionelolcal-2\/'><img loading=\"lazy\" decoding=\"async\" width=\"300\" height=\"200\" src=\"https:\/\/www.tucomarca.com\/wordpress\/segunda\/wp-content\/uploads\/2019\/04\/18_PresentacionELOLCAL-300x200.jpeg\" class=\"attachment-medium size-medium\" alt=\"\" srcset=\"https:\/\/www.tucomarca.com\/wordpress\/segunda\/wp-content\/uploads\/2019\/04\/18_PresentacionELOLCAL-300x200.jpeg 300w, https:\/\/www.tucomarca.com\/wordpress\/segunda\/wp-content\/uploads\/2019\/04\/18_PresentacionELOLCAL-768x512.jpeg 768w, https:\/\/www.tucomarca.com\/wordpress\/segunda\/wp-content\/uploads\/2019\/04\/18_PresentacionELOLCAL-1024x683.jpeg 1024w\" sizes=\"auto, (max-width: 300px) 100vw, 300px\" \/><\/a>\n\t\t\t<\/div><\/figure><figure class='gallery-item'>\n\t\t\t<div class='gallery-icon landscape'>\n\t\t\t\t<a href='https:\/\/www.tucomarca.com\/wordpress\/segunda\/ca\/fotogaleria-xest-presenta-la-iniciativa-juvenil-elolcal\/17_presentacionelolcal-2\/'><img loading=\"lazy\" decoding=\"async\" width=\"300\" height=\"200\" src=\"https:\/\/www.tucomarca.com\/wordpress\/segunda\/wp-content\/uploads\/2019\/04\/17_PresentacionELOLCAL-300x200.jpeg\" class=\"attachment-medium size-medium\" alt=\"\" srcset=\"https:\/\/www.tucomarca.com\/wordpress\/segunda\/wp-content\/uploads\/2019\/04\/17_PresentacionELOLCAL-300x200.jpeg 300w, https:\/\/www.tucomarca.com\/wordpress\/segunda\/wp-content\/uploads\/2019\/04\/17_PresentacionELOLCAL-768x512.jpeg 768w, https:\/\/www.tucomarca.com\/wordpress\/segunda\/wp-content\/uploads\/2019\/04\/17_PresentacionELOLCAL-1024x683.jpeg 1024w\" sizes=\"auto, (max-width: 300px) 100vw, 300px\" \/><\/a>\n\t\t\t<\/div><\/figure><figure class='gallery-item'>\n\t\t\t<div class='gallery-icon landscape'>\n\t\t\t\t<a href='https:\/\/www.tucomarca.com\/wordpress\/segunda\/ca\/fotogaleria-xest-presenta-la-iniciativa-juvenil-elolcal\/16_presentacionelolcal-2\/'><img loading=\"lazy\" decoding=\"async\" width=\"300\" height=\"200\" src=\"https:\/\/www.tucomarca.com\/wordpress\/segunda\/wp-content\/uploads\/2019\/04\/16_PresentacionELOLCAL-300x200.jpeg\" class=\"attachment-medium size-medium\" alt=\"\" srcset=\"https:\/\/www.tucomarca.com\/wordpress\/segunda\/wp-content\/uploads\/2019\/04\/16_PresentacionELOLCAL-300x200.jpeg 300w, https:\/\/www.tucomarca.com\/wordpress\/segunda\/wp-content\/uploads\/2019\/04\/16_PresentacionELOLCAL-768x512.jpeg 768w, https:\/\/www.tucomarca.com\/wordpress\/segunda\/wp-content\/uploads\/2019\/04\/16_PresentacionELOLCAL-1024x683.jpeg 1024w\" sizes=\"auto, (max-width: 300px) 100vw, 300px\" \/><\/a>\n\t\t\t<\/div><\/figure><figure class='gallery-item'>\n\t\t\t<div class='gallery-icon landscape'>\n\t\t\t\t<a href='https:\/\/www.tucomarca.com\/wordpress\/segunda\/ca\/fotogaleria-xest-presenta-la-iniciativa-juvenil-elolcal\/15_presentacionelolcal-2\/'><img loading=\"lazy\" decoding=\"async\" width=\"300\" height=\"200\" src=\"https:\/\/www.tucomarca.com\/wordpress\/segunda\/wp-content\/uploads\/2019\/04\/15_PresentacionELOLCAL-300x200.jpeg\" class=\"attachment-medium size-medium\" alt=\"\" srcset=\"https:\/\/www.tucomarca.com\/wordpress\/segunda\/wp-content\/uploads\/2019\/04\/15_PresentacionELOLCAL-300x200.jpeg 300w, https:\/\/www.tucomarca.com\/wordpress\/segunda\/wp-content\/uploads\/2019\/04\/15_PresentacionELOLCAL-768x512.jpeg 768w, https:\/\/www.tucomarca.com\/wordpress\/segunda\/wp-content\/uploads\/2019\/04\/15_PresentacionELOLCAL-1024x683.jpeg 1024w\" sizes=\"auto, (max-width: 300px) 100vw, 300px\" \/><\/a>\n\t\t\t<\/div><\/figure><figure class='gallery-item'>\n\t\t\t<div class='gallery-icon landscape'>\n\t\t\t\t<a href='https:\/\/www.tucomarca.com\/wordpress\/segunda\/ca\/fotogaleria-xest-presenta-la-iniciativa-juvenil-elolcal\/14_presentacionelolcal-2\/'><img loading=\"lazy\" decoding=\"async\" width=\"300\" height=\"200\" src=\"https:\/\/www.tucomarca.com\/wordpress\/segunda\/wp-content\/uploads\/2019\/04\/14_PresentacionELOLCAL-300x200.jpeg\" class=\"attachment-medium size-medium\" alt=\"\" srcset=\"https:\/\/www.tucomarca.com\/wordpress\/segunda\/wp-content\/uploads\/2019\/04\/14_PresentacionELOLCAL-300x200.jpeg 300w, https:\/\/www.tucomarca.com\/wordpress\/segunda\/wp-content\/uploads\/2019\/04\/14_PresentacionELOLCAL-768x512.jpeg 768w, https:\/\/www.tucomarca.com\/wordpress\/segunda\/wp-content\/uploads\/2019\/04\/14_PresentacionELOLCAL-1024x683.jpeg 1024w\" sizes=\"auto, (max-width: 300px) 100vw, 300px\" \/><\/a>\n\t\t\t<\/div><\/figure><figure class='gallery-item'>\n\t\t\t<div class='gallery-icon landscape'>\n\t\t\t\t<a href='https:\/\/www.tucomarca.com\/wordpress\/segunda\/ca\/fotogaleria-xest-presenta-la-iniciativa-juvenil-elolcal\/13_mariadelacruz_presentacionelolcal-2\/'><img loading=\"lazy\" decoding=\"async\" width=\"300\" height=\"200\" src=\"https:\/\/www.tucomarca.com\/wordpress\/segunda\/wp-content\/uploads\/2019\/04\/13_MariadelaCruz_Presentaci\u00f3nELOLCAL-300x200.jpeg\" class=\"attachment-medium size-medium\" alt=\"\" srcset=\"https:\/\/www.tucomarca.com\/wordpress\/segunda\/wp-content\/uploads\/2019\/04\/13_MariadelaCruz_Presentaci\u00f3nELOLCAL-300x200.jpeg 300w, https:\/\/www.tucomarca.com\/wordpress\/segunda\/wp-content\/uploads\/2019\/04\/13_MariadelaCruz_Presentaci\u00f3nELOLCAL-768x512.jpeg 768w, https:\/\/www.tucomarca.com\/wordpress\/segunda\/wp-content\/uploads\/2019\/04\/13_MariadelaCruz_Presentaci\u00f3nELOLCAL-1024x683.jpeg 1024w\" sizes=\"auto, (max-width: 300px) 100vw, 300px\" \/><\/a>\n\t\t\t<\/div><\/figure><figure class='gallery-item'>\n\t\t\t<div class='gallery-icon landscape'>\n\t\t\t\t<a href='https:\/\/www.tucomarca.com\/wordpress\/segunda\/ca\/fotogaleria-xest-presenta-la-iniciativa-juvenil-elolcal\/12_urkocruz_presentacionelolcal-2\/'><img loading=\"lazy\" decoding=\"async\" width=\"300\" height=\"200\" src=\"https:\/\/www.tucomarca.com\/wordpress\/segunda\/wp-content\/uploads\/2019\/04\/12_UrkoCruz_PresentacionELOLCAL-300x200.jpeg\" class=\"attachment-medium size-medium\" alt=\"\" srcset=\"https:\/\/www.tucomarca.com\/wordpress\/segunda\/wp-content\/uploads\/2019\/04\/12_UrkoCruz_PresentacionELOLCAL-300x200.jpeg 300w, https:\/\/www.tucomarca.com\/wordpress\/segunda\/wp-content\/uploads\/2019\/04\/12_UrkoCruz_PresentacionELOLCAL-768x512.jpeg 768w, https:\/\/www.tucomarca.com\/wordpress\/segunda\/wp-content\/uploads\/2019\/04\/12_UrkoCruz_PresentacionELOLCAL-1024x683.jpeg 1024w\" sizes=\"auto, (max-width: 300px) 100vw, 300px\" \/><\/a>\n\t\t\t<\/div><\/figure><figure class='gallery-item'>\n\t\t\t<div class='gallery-icon landscape'>\n\t\t\t\t<a href='https:\/\/www.tucomarca.com\/wordpress\/segunda\/ca\/fotogaleria-xest-presenta-la-iniciativa-juvenil-elolcal\/11_presentacionelolcal-2\/'><img loading=\"lazy\" decoding=\"async\" width=\"300\" height=\"200\" src=\"https:\/\/www.tucomarca.com\/wordpress\/segunda\/wp-content\/uploads\/2019\/04\/11_PresentacionELOLCAL-300x200.jpeg\" class=\"attachment-medium size-medium\" alt=\"\" srcset=\"https:\/\/www.tucomarca.com\/wordpress\/segunda\/wp-content\/uploads\/2019\/04\/11_PresentacionELOLCAL-300x200.jpeg 300w, https:\/\/www.tucomarca.com\/wordpress\/segunda\/wp-content\/uploads\/2019\/04\/11_PresentacionELOLCAL-768x512.jpeg 768w, https:\/\/www.tucomarca.com\/wordpress\/segunda\/wp-content\/uploads\/2019\/04\/11_PresentacionELOLCAL-1024x683.jpeg 1024w\" sizes=\"auto, (max-width: 300px) 100vw, 300px\" \/><\/a>\n\t\t\t<\/div><\/figure><figure class='gallery-item'>\n\t\t\t<div class='gallery-icon landscape'>\n\t\t\t\t<a href='https:\/\/www.tucomarca.com\/wordpress\/segunda\/ca\/fotogaleria-xest-presenta-la-iniciativa-juvenil-elolcal\/10_presentacionelolcal-2\/'><img loading=\"lazy\" decoding=\"async\" width=\"300\" height=\"200\" src=\"https:\/\/www.tucomarca.com\/wordpress\/segunda\/wp-content\/uploads\/2019\/04\/10_PresentacionELOLCAL-300x200.jpeg\" class=\"attachment-medium size-medium\" alt=\"\" srcset=\"https:\/\/www.tucomarca.com\/wordpress\/segunda\/wp-content\/uploads\/2019\/04\/10_PresentacionELOLCAL-300x200.jpeg 300w, https:\/\/www.tucomarca.com\/wordpress\/segunda\/wp-content\/uploads\/2019\/04\/10_PresentacionELOLCAL-768x512.jpeg 768w, https:\/\/www.tucomarca.com\/wordpress\/segunda\/wp-content\/uploads\/2019\/04\/10_PresentacionELOLCAL-1024x683.jpeg 1024w\" sizes=\"auto, (max-width: 300px) 100vw, 300px\" \/><\/a>\n\t\t\t<\/div><\/figure><figure class='gallery-item'>\n\t\t\t<div class='gallery-icon landscape'>\n\t\t\t\t<a href='https:\/\/www.tucomarca.com\/wordpress\/segunda\/ca\/fotogaleria-xest-presenta-la-iniciativa-juvenil-elolcal\/9_presentacionelolcal-2\/'><img loading=\"lazy\" decoding=\"async\" width=\"300\" height=\"200\" src=\"https:\/\/www.tucomarca.com\/wordpress\/segunda\/wp-content\/uploads\/2019\/04\/9_PresentacionELOLCAL-300x200.jpeg\" class=\"attachment-medium size-medium\" alt=\"\" srcset=\"https:\/\/www.tucomarca.com\/wordpress\/segunda\/wp-content\/uploads\/2019\/04\/9_PresentacionELOLCAL-300x200.jpeg 300w, https:\/\/www.tucomarca.com\/wordpress\/segunda\/wp-content\/uploads\/2019\/04\/9_PresentacionELOLCAL-768x512.jpeg 768w, https:\/\/www.tucomarca.com\/wordpress\/segunda\/wp-content\/uploads\/2019\/04\/9_PresentacionELOLCAL-1024x683.jpeg 1024w\" sizes=\"auto, (max-width: 300px) 100vw, 300px\" \/><\/a>\n\t\t\t<\/div><\/figure><figure class='gallery-item'>\n\t\t\t<div class='gallery-icon landscape'>\n\t\t\t\t<a href='https:\/\/www.tucomarca.com\/wordpress\/segunda\/ca\/fotogaleria-xest-presenta-la-iniciativa-juvenil-elolcal\/8_presentacionelolcal-2\/'><img loading=\"lazy\" decoding=\"async\" width=\"300\" height=\"200\" src=\"https:\/\/www.tucomarca.com\/wordpress\/segunda\/wp-content\/uploads\/2019\/04\/8_PresentacionELOLCAL-300x200.jpeg\" class=\"attachment-medium size-medium\" alt=\"\" srcset=\"https:\/\/www.tucomarca.com\/wordpress\/segunda\/wp-content\/uploads\/2019\/04\/8_PresentacionELOLCAL-300x200.jpeg 300w, https:\/\/www.tucomarca.com\/wordpress\/segunda\/wp-content\/uploads\/2019\/04\/8_PresentacionELOLCAL-768x512.jpeg 768w, https:\/\/www.tucomarca.com\/wordpress\/segunda\/wp-content\/uploads\/2019\/04\/8_PresentacionELOLCAL-1024x683.jpeg 1024w\" sizes=\"auto, (max-width: 300px) 100vw, 300px\" \/><\/a>\n\t\t\t<\/div><\/figure><figure class='gallery-item'>\n\t\t\t<div class='gallery-icon landscape'>\n\t\t\t\t<a href='https:\/\/www.tucomarca.com\/wordpress\/segunda\/ca\/fotogaleria-xest-presenta-la-iniciativa-juvenil-elolcal\/7_presentacionelolcal-2\/'><img loading=\"lazy\" decoding=\"async\" width=\"300\" height=\"200\" src=\"https:\/\/www.tucomarca.com\/wordpress\/segunda\/wp-content\/uploads\/2019\/04\/7_PresentacionELOLCAL-300x200.jpeg\" class=\"attachment-medium size-medium\" alt=\"\" srcset=\"https:\/\/www.tucomarca.com\/wordpress\/segunda\/wp-content\/uploads\/2019\/04\/7_PresentacionELOLCAL-300x200.jpeg 300w, https:\/\/www.tucomarca.com\/wordpress\/segunda\/wp-content\/uploads\/2019\/04\/7_PresentacionELOLCAL-768x512.jpeg 768w, https:\/\/www.tucomarca.com\/wordpress\/segunda\/wp-content\/uploads\/2019\/04\/7_PresentacionELOLCAL-1024x683.jpeg 1024w\" sizes=\"auto, (max-width: 300px) 100vw, 300px\" \/><\/a>\n\t\t\t<\/div><\/figure><figure class='gallery-item'>\n\t\t\t<div class='gallery-icon landscape'>\n\t\t\t\t<a href='https:\/\/www.tucomarca.com\/wordpress\/segunda\/ca\/fotogaleria-xest-presenta-la-iniciativa-juvenil-elolcal\/6_alcompasmusicales_presentacionelolcal-2\/'><img loading=\"lazy\" decoding=\"async\" width=\"300\" height=\"200\" src=\"https:\/\/www.tucomarca.com\/wordpress\/segunda\/wp-content\/uploads\/2019\/04\/6_AlCompasMusicales_PresentacionELOLCAL-300x200.jpeg\" class=\"attachment-medium size-medium\" alt=\"\" srcset=\"https:\/\/www.tucomarca.com\/wordpress\/segunda\/wp-content\/uploads\/2019\/04\/6_AlCompasMusicales_PresentacionELOLCAL-300x200.jpeg 300w, https:\/\/www.tucomarca.com\/wordpress\/segunda\/wp-content\/uploads\/2019\/04\/6_AlCompasMusicales_PresentacionELOLCAL-768x512.jpeg 768w, https:\/\/www.tucomarca.com\/wordpress\/segunda\/wp-content\/uploads\/2019\/04\/6_AlCompasMusicales_PresentacionELOLCAL-1024x683.jpeg 1024w\" sizes=\"auto, (max-width: 300px) 100vw, 300px\" \/><\/a>\n\t\t\t<\/div><\/figure><figure class='gallery-item'>\n\t\t\t<div class='gallery-icon landscape'>\n\t\t\t\t<a href='https:\/\/www.tucomarca.com\/wordpress\/segunda\/ca\/fotogaleria-xest-presenta-la-iniciativa-juvenil-elolcal\/5_estelaferrando_presentacionelolcal-2\/'><img loading=\"lazy\" decoding=\"async\" width=\"300\" height=\"200\" src=\"https:\/\/www.tucomarca.com\/wordpress\/segunda\/wp-content\/uploads\/2019\/04\/5_EstelaFerrando_PresentacionELOLCAL-300x200.jpeg\" class=\"attachment-medium size-medium\" alt=\"\" srcset=\"https:\/\/www.tucomarca.com\/wordpress\/segunda\/wp-content\/uploads\/2019\/04\/5_EstelaFerrando_PresentacionELOLCAL-300x200.jpeg 300w, https:\/\/www.tucomarca.com\/wordpress\/segunda\/wp-content\/uploads\/2019\/04\/5_EstelaFerrando_PresentacionELOLCAL-768x512.jpeg 768w, https:\/\/www.tucomarca.com\/wordpress\/segunda\/wp-content\/uploads\/2019\/04\/5_EstelaFerrando_PresentacionELOLCAL-1024x683.jpeg 1024w\" sizes=\"auto, (max-width: 300px) 100vw, 300px\" \/><\/a>\n\t\t\t<\/div><\/figure><figure class='gallery-item'>\n\t\t\t<div class='gallery-icon landscape'>\n\t\t\t\t<a href='https:\/\/www.tucomarca.com\/wordpress\/segunda\/ca\/fotogaleria-xest-presenta-la-iniciativa-juvenil-elolcal\/4_aaronsanchezyurkocruz_presentacionelolcal-2\/'><img loading=\"lazy\" decoding=\"async\" width=\"300\" height=\"200\" src=\"https:\/\/www.tucomarca.com\/wordpress\/segunda\/wp-content\/uploads\/2019\/04\/4_AaronSanchezyUrkoCruz_PresentacionELOLCAL-300x200.jpeg\" class=\"attachment-medium size-medium\" alt=\"\" srcset=\"https:\/\/www.tucomarca.com\/wordpress\/segunda\/wp-content\/uploads\/2019\/04\/4_AaronSanchezyUrkoCruz_PresentacionELOLCAL-300x200.jpeg 300w, https:\/\/www.tucomarca.com\/wordpress\/segunda\/wp-content\/uploads\/2019\/04\/4_AaronSanchezyUrkoCruz_PresentacionELOLCAL-768x512.jpeg 768w, https:\/\/www.tucomarca.com\/wordpress\/segunda\/wp-content\/uploads\/2019\/04\/4_AaronSanchezyUrkoCruz_PresentacionELOLCAL-1024x683.jpeg 1024w\" sizes=\"auto, (max-width: 300px) 100vw, 300px\" \/><\/a>\n\t\t\t<\/div><\/figure><figure class='gallery-item'>\n\t\t\t<div class='gallery-icon landscape'>\n\t\t\t\t<a href='https:\/\/www.tucomarca.com\/wordpress\/segunda\/ca\/fotogaleria-xest-presenta-la-iniciativa-juvenil-elolcal\/3_bibrassdorpresentacionelolcal-2\/'><img loading=\"lazy\" decoding=\"async\" width=\"300\" height=\"200\" src=\"https:\/\/www.tucomarca.com\/wordpress\/segunda\/wp-content\/uploads\/2019\/04\/3_BibrassDOrPresentaci\u00f3nELOLCAL-300x200.jpeg\" class=\"attachment-medium size-medium\" alt=\"\" srcset=\"https:\/\/www.tucomarca.com\/wordpress\/segunda\/wp-content\/uploads\/2019\/04\/3_BibrassDOrPresentaci\u00f3nELOLCAL-300x200.jpeg 300w, https:\/\/www.tucomarca.com\/wordpress\/segunda\/wp-content\/uploads\/2019\/04\/3_BibrassDOrPresentaci\u00f3nELOLCAL-768x512.jpeg 768w, https:\/\/www.tucomarca.com\/wordpress\/segunda\/wp-content\/uploads\/2019\/04\/3_BibrassDOrPresentaci\u00f3nELOLCAL-1024x683.jpeg 1024w\" sizes=\"auto, (max-width: 300px) 100vw, 300px\" \/><\/a>\n\t\t\t<\/div><\/figure><figure class='gallery-item'>\n\t\t\t<div class='gallery-icon landscape'>\n\t\t\t\t<a href='https:\/\/www.tucomarca.com\/wordpress\/segunda\/ca\/fotogaleria-xest-presenta-la-iniciativa-juvenil-elolcal\/2_presentacionelolcal-2\/'><img loading=\"lazy\" decoding=\"async\" width=\"300\" height=\"200\" src=\"https:\/\/www.tucomarca.com\/wordpress\/segunda\/wp-content\/uploads\/2019\/04\/2_PresentacionELOLCAL-300x200.jpeg\" class=\"attachment-medium size-medium\" alt=\"\" srcset=\"https:\/\/www.tucomarca.com\/wordpress\/segunda\/wp-content\/uploads\/2019\/04\/2_PresentacionELOLCAL-300x200.jpeg 300w, https:\/\/www.tucomarca.com\/wordpress\/segunda\/wp-content\/uploads\/2019\/04\/2_PresentacionELOLCAL-768x512.jpeg 768w, https:\/\/www.tucomarca.com\/wordpress\/segunda\/wp-content\/uploads\/2019\/04\/2_PresentacionELOLCAL-1024x683.jpeg 1024w\" sizes=\"auto, (max-width: 300px) 100vw, 300px\" \/><\/a>\n\t\t\t<\/div><\/figure><figure class='gallery-item'>\n\t\t\t<div class='gallery-icon landscape'>\n\t\t\t\t<a href='https:\/\/www.tucomarca.com\/wordpress\/segunda\/ca\/fotogaleria-xest-presenta-la-iniciativa-juvenil-elolcal\/1_josemorell_presentacionelolcal-2-2\/'><img loading=\"lazy\" decoding=\"async\" width=\"300\" height=\"200\" src=\"https:\/\/www.tucomarca.com\/wordpress\/segunda\/wp-content\/uploads\/2019\/04\/1_JoseMorell_PresentacionELOLCAL-1-300x200.jpeg\" class=\"attachment-medium size-medium\" alt=\"\" srcset=\"https:\/\/www.tucomarca.com\/wordpress\/segunda\/wp-content\/uploads\/2019\/04\/1_JoseMorell_PresentacionELOLCAL-1-300x200.jpeg 300w, https:\/\/www.tucomarca.com\/wordpress\/segunda\/wp-content\/uploads\/2019\/04\/1_JoseMorell_PresentacionELOLCAL-1-768x512.jpeg 768w, https:\/\/www.tucomarca.com\/wordpress\/segunda\/wp-content\/uploads\/2019\/04\/1_JoseMorell_PresentacionELOLCAL-1-1024x683.jpeg 1024w\" sizes=\"auto, (max-width: 300px) 100vw, 300px\" \/><\/a>\n\t\t\t<\/div><\/figure>\n\t\t<\/div>\n\n<p>&nbsp;<\/p>\n","protected":false},"excerpt":{"rendered":"<div class=\"mh-excerpt\">Divendres passat, 29 de mar\u00e7, es donava a con\u00e8ixer a Xest una nova iniciativa juvenil per crear una xarxa de joves que promoguin i protagonitzin activitats d&#8217;oci a la localitat, sota el nom de &#8220;ELOLCAL&#8221;. <a class=\"mh-excerpt-more\" href=\"https:\/\/www.tucomarca.com\/wordpress\/segunda\/ca\/fotogaleria-xest-presenta-la-iniciativa-juvenil-elolcal\/\" title=\"Fotogaleria: Xest presenta la iniciativa juvenil &#8220;ELOLCAL&#8221;\">[+] <\/a><\/div>\n","protected":false},"author":2,"featured_media":83994,"comment_status":"open","ping_status":"open","sticky":false,"template":"","format":"standard","meta":{"footnotes":""},"categories":[11005,10912,11007,10896,10974],"tags":[11071,11549],"class_list":{"0":"post-84046","1":"post","2":"type-post","3":"status-publish","4":"format-standard","5":"has-post-thumbnail","7":"category-canal-musica","8":"category-la-hoya-ca","9":"category-ocio-y-cultura-ca","10":"category-seccion-ca","11":"category-cheste-ca","12":"tag-cheste","13":"tag-elolcal-ca"},"_links":{"self":[{"href":"https:\/\/www.tucomarca.com\/wordpress\/segunda\/ca\/wp-json\/wp\/v2\/posts\/84046","targetHints":{"allow":["GET"]}}],"collection":[{"href":"https:\/\/www.tucomarca.com\/wordpress\/segunda\/ca\/wp-json\/wp\/v2\/posts"}],"about":[{"href":"https:\/\/www.tucomarca.com\/wordpress\/segunda\/ca\/wp-json\/wp\/v2\/types\/post"}],"author":[{"embeddable":true,"href":"https:\/\/www.tucomarca.com\/wordpress\/segunda\/ca\/wp-json\/wp\/v2\/users\/2"}],"replies":[{"embeddable":true,"href":"https:\/\/www.tucomarca.com\/wordpress\/segunda\/ca\/wp-json\/wp\/v2\/comments?post=84046"}],"version-history":[{"count":0,"href":"https:\/\/www.tucomarca.com\/wordpress\/segunda\/ca\/wp-json\/wp\/v2\/posts\/84046\/revisions"}],"wp:featuredmedia":[{"embeddable":true,"href":"https:\/\/www.tucomarca.com\/wordpress\/segunda\/ca\/wp-json\/wp\/v2\/media\/83994"}],"wp:attachment":[{"href":"https:\/\/www.tucomarca.com\/wordpress\/segunda\/ca\/wp-json\/wp\/v2\/media?parent=84046"}],"wp:term":[{"taxonomy":"category","embeddable":true,"href":"https:\/\/www.tucomarca.com\/wordpress\/segunda\/ca\/wp-json\/wp\/v2\/categories?post=84046"},{"taxonomy":"post_tag","embeddable":true,"href":"https:\/\/www.tucomarca.com\/wordpress\/segunda\/ca\/wp-json\/wp\/v2\/tags?post=84046"}],"curies":[{"name":"wp","href":"https:\/\/api.w.org\/{rel}","templated":true}]}}