{"id":84182,"date":"2019-04-04T21:22:13","date_gmt":"2019-04-04T19:22:13","guid":{"rendered":"http:\/\/www.tucomarca.com\/wordpress\/segunda\/?p=84182"},"modified":"2019-04-04T21:22:13","modified_gmt":"2019-04-04T19:22:13","slug":"manises-analitza-els-tractaments-per-al-control-dinfeccions-bacterianes-multiresistents","status":"publish","type":"post","link":"https:\/\/www.tucomarca.com\/wordpress\/segunda\/ca\/manises-analitza-els-tractaments-per-al-control-dinfeccions-bacterianes-multiresistents\/","title":{"rendered":"Manises analitza els tractaments per al control d&#8217;infeccions bacterianes multiresistents"},"content":{"rendered":"<figure id=\"attachment_84177\" aria-describedby=\"caption-attachment-84177\" style=\"width: 365px\" class=\"wp-caption alignleft\"><img loading=\"lazy\" decoding=\"async\" class=\" wp-image-84177\" src=\"http:\/\/www.tucomarca.com\/wordpress\/segunda\/wp-content\/uploads\/2019\/04\/Jornadainfeccionesmultirresistentes.jpg\" alt=\"Manises analiza los tratamientos para el control de infecciones bacterianas multirresistentes.\" width=\"365\" height=\"274\" srcset=\"https:\/\/www.tucomarca.com\/wordpress\/segunda\/wp-content\/uploads\/2019\/04\/Jornadainfeccionesmultirresistentes.jpg 4032w, https:\/\/www.tucomarca.com\/wordpress\/segunda\/wp-content\/uploads\/2019\/04\/Jornadainfeccionesmultirresistentes-300x225.jpg 300w, https:\/\/www.tucomarca.com\/wordpress\/segunda\/wp-content\/uploads\/2019\/04\/Jornadainfeccionesmultirresistentes-768x576.jpg 768w, https:\/\/www.tucomarca.com\/wordpress\/segunda\/wp-content\/uploads\/2019\/04\/Jornadainfeccionesmultirresistentes-1024x768.jpg 1024w\" sizes=\"auto, (max-width: 365px) 100vw, 365px\" \/><figcaption id=\"caption-attachment-84177\" class=\"wp-caption-text\">Manises analitza els tractaments per al control d&#8217;infeccions bacterianes multiresistents.<\/figcaption><\/figure>\n<p><strong>El Departament de Salut de Manises ha creat un equip multidisciplinari per analitzar les estrat\u00e8gies i ter\u00e0pies per combatre aquestes infeccions<\/strong><\/p>\n<p><strong>Els especialistes adverteixen que &#8220;cal investigar i aprofundir sobre aquests tractaments per abordar en solucions efectives&#8221;<\/strong><\/p>\n<p><strong>Destaquen la import\u00e0ncia d&#8217;usar scores espec\u00edfics de mortalitat per prendre decisions i poder individualitzar els tractaments<\/strong><\/p>\n<p>Les primeres dades publicades per l&#8217;Organitzaci\u00f3 Mundial de la Salut sobre la vigil\u00e0ncia de la resist\u00e8ncia als antibi\u00f2tics indiquen que els nivells de defensa a algunes infeccions bacterianes greus s\u00f3n elevats i suposen una amena\u00e7a de salut p\u00fablica. Aquests bacteris tenen la capacitat de trobar noves formes de resistir als tractaments i poden transmetre material gen\u00e8tic que permet a altres bacteris fer-se farmacoresistents.<\/p>\n<p>I \u00e9s que, l&#8217;ab\u00fas d&#8217;antibi\u00f2tics, en pa\u00efsos com Espanya que \u00e9s dels que m\u00e9s consumeix, pot ser perill\u00f3s per l&#8217;aparici\u00f3 de resist\u00e8ncies entre els bacteris a les quals aquests f\u00e0rmacs havien de combatre. Per aix\u00f2, el Departament de Salut de Manises ha creat un grup de treball en qu\u00e8 participen professionals de Medicina Interna, Microbiologia Cl\u00ednica, Farm\u00e0cia Hospital\u00e0ria i Medicina Preventiva per analitzar les estrat\u00e8gies i crear nous abordatges terap\u00e8utics per a les infeccions produ\u00efdes per bacteris multiresistents.<\/p>\n<p>En aquest marc, el Departament ha celebrat la I Jornada en Maneig d&#8217;Infeccions multiresistents on s&#8217;ha estudiat els diferents tipus de tractament per al control d&#8217;aquest tipus d&#8217;infeccions, principalment, referides a complicacions urin\u00e0ries, intraabdominals, pneum\u00f2nia, bacteri\u00e8mies i infeccions complicades per la resist\u00e8ncia a antibi\u00f2tics, principals malalties que produeixen aquests bacteris.<\/p>\n<p>Aix\u00ed, en aquest curs &#8220;hem comentat els m\u00e8todes diagn\u00f2stics en Microbiologia, els diferents enfocaments per interpretar aquests resultats, els nous antibi\u00f2tics disponibles, diverses estrat\u00e8gies sobre com valorar de manera individualitzada a aquests pacients, les eines farmacol\u00f2giques per optimitzar la dosificaci\u00f3 dels antibi\u00f2tics i l&#8217;aplicaci\u00f3 d&#8217;aquests coneixements a la pr\u00e0ctica cl\u00ednica di\u00e0ria &#8220;, ha indicat la Dra. Bel\u00e9n Roig, cap de servei de Medicina Interna, qui ha explicat que per combatre aquestes infeccions en el Departament de Salut&#8221; s&#8217;estan utilitzant nous antibi\u00f2tics i mesures de prevenci\u00f3 per evitar nous contagis. Tamb\u00e9 hem desenvolupat nous programes per al optimitzar l&#8217;\u00fas racional d&#8217;antibi\u00f2tics des farm\u00e0cia hospital\u00e0ria o nous test d&#8217;diagn\u00f2stics en Microbiologia per tenir un a\u00efllament bacteri\u00e0 r\u00e0pid i efica\u00e7 &#8220;.<\/p>\n<p><strong>Principals conclusions<\/strong><\/p>\n<p>En aquesta Jornada han participat especialistes de Medicina Interna, Microbiologia Cl\u00ednica o Farmacologia que pertanyen al Grup PROA del Departament de Salut creat per analitzar aquestes infeccions. El Dr Marc Fern\u00e1ndez Blest, organitzador del curs, ha destacat que \u00e9s important abans de seleccionar la ter\u00e0pia emp\u00edrica &#8220;con\u00e8ixer l&#8217;epidemiologia i l&#8217;\u00edndex de resist\u00e8ncies. A m\u00e9s, s&#8217;ha detectat la import\u00e0ncia d&#8217;usar scores espec\u00edfics de mortalitat per prendre decisions i poder individualitzar els tractaments &#8220;.<\/p>\n<p>En aquesta l\u00ednia, el Dr. Fern\u00e1ndez Blest ha incidit que &#8220;la combinaci\u00f3 d&#8217;antibi\u00f2tics pot ser recomanada en el grup de pacients amb infeccions severes i complicades, encara que en general, la monoter\u00e0pia \u00e9s prou efica\u00e7 en la resta de les infeccions. Aix\u00ed, per exemple, les noves combinacions d&#8217;antibi\u00f2tics disponibles han demostrat activitat i efic\u00e0cia enfront de les infeccions resistents i fins i tot en soques productores de carbapenemasas, un tipus de gen de resist\u00e8ncia que expressen aquests bacteris i que la fan resistent als antibi\u00f2tics fins ara disponibles &#8220;.<\/p>\n","protected":false},"excerpt":{"rendered":"<div class=\"mh-excerpt\">El Departament de Salut de Manises ha creat un equip multidisciplinari per analitzar les estrat\u00e8gies i ter\u00e0pies per combatre aquestes infeccions Els especialistes adverteixen que &#8220;cal investigar i aprofundir sobre aquests tractaments per abordar en <a class=\"mh-excerpt-more\" href=\"https:\/\/www.tucomarca.com\/wordpress\/segunda\/ca\/manises-analitza-els-tractaments-per-al-control-dinfeccions-bacterianes-multiresistents\/\" title=\"Manises analitza els tractaments per al control d&#8217;infeccions bacterianes multiresistents\">[+] <\/a><\/div>\n","protected":false},"author":2,"featured_media":84178,"comment_status":"open","ping_status":"open","sticky":false,"template":"","format":"standard","meta":{"footnotes":""},"categories":[11010,10894,10912,10896],"tags":[11092],"class_list":{"0":"post-84182","1":"post","2":"type-post","3":"status-publish","4":"format-standard","5":"has-post-thumbnail","7":"category-canal-salud","8":"category-la-comarca-ca","9":"category-la-hoya-ca","10":"category-seccion-ca","11":"tag-hospital-de-manises-ca"},"_links":{"self":[{"href":"https:\/\/www.tucomarca.com\/wordpress\/segunda\/ca\/wp-json\/wp\/v2\/posts\/84182","targetHints":{"allow":["GET"]}}],"collection":[{"href":"https:\/\/www.tucomarca.com\/wordpress\/segunda\/ca\/wp-json\/wp\/v2\/posts"}],"about":[{"href":"https:\/\/www.tucomarca.com\/wordpress\/segunda\/ca\/wp-json\/wp\/v2\/types\/post"}],"author":[{"embeddable":true,"href":"https:\/\/www.tucomarca.com\/wordpress\/segunda\/ca\/wp-json\/wp\/v2\/users\/2"}],"replies":[{"embeddable":true,"href":"https:\/\/www.tucomarca.com\/wordpress\/segunda\/ca\/wp-json\/wp\/v2\/comments?post=84182"}],"version-history":[{"count":0,"href":"https:\/\/www.tucomarca.com\/wordpress\/segunda\/ca\/wp-json\/wp\/v2\/posts\/84182\/revisions"}],"wp:featuredmedia":[{"embeddable":true,"href":"https:\/\/www.tucomarca.com\/wordpress\/segunda\/ca\/wp-json\/wp\/v2\/media\/84178"}],"wp:attachment":[{"href":"https:\/\/www.tucomarca.com\/wordpress\/segunda\/ca\/wp-json\/wp\/v2\/media?parent=84182"}],"wp:term":[{"taxonomy":"category","embeddable":true,"href":"https:\/\/www.tucomarca.com\/wordpress\/segunda\/ca\/wp-json\/wp\/v2\/categories?post=84182"},{"taxonomy":"post_tag","embeddable":true,"href":"https:\/\/www.tucomarca.com\/wordpress\/segunda\/ca\/wp-json\/wp\/v2\/tags?post=84182"}],"curies":[{"name":"wp","href":"https:\/\/api.w.org\/{rel}","templated":true}]}}