{"id":84202,"date":"2019-04-04T21:44:09","date_gmt":"2019-04-04T19:44:09","guid":{"rendered":"http:\/\/www.tucomarca.com\/wordpress\/segunda\/?p=84202"},"modified":"2019-04-04T21:44:09","modified_gmt":"2019-04-04T19:44:09","slug":"utiel-centralitza-la-recollida-dajuda-humanitaria-de-la-comunitat-valenciana-per-a-mocambic","status":"publish","type":"post","link":"https:\/\/www.tucomarca.com\/wordpress\/segunda\/ca\/utiel-centralitza-la-recollida-dajuda-humanitaria-de-la-comunitat-valenciana-per-a-mocambic\/","title":{"rendered":"Utiel centralitza la recollida d&#8217;ajuda humanit\u00e0ria de la Comunitat Valenciana per a Mo\u00e7ambic"},"content":{"rendered":"<div class=\"page\" title=\"Page 1\">\n<div class=\"layoutArea\">\n<div class=\"column\">\n<figure id=\"attachment_84199\" aria-describedby=\"caption-attachment-84199\" style=\"width: 536px\" class=\"wp-caption alignleft\"><img loading=\"lazy\" decoding=\"async\" class=\" wp-image-84199\" src=\"http:\/\/www.tucomarca.com\/wordpress\/segunda\/wp-content\/uploads\/2019\/04\/UtielMozambique.jpg\" alt=\"El Ayuntamiento de Utiel solicita la colaboraci\u00f3n de voluntariado para las tareas de almacenaje y carga de los materiales destinados a los afectados por el cicl\u00f3n \u201cIdai\u201d.\" width=\"536\" height=\"253\" srcset=\"https:\/\/www.tucomarca.com\/wordpress\/segunda\/wp-content\/uploads\/2019\/04\/UtielMozambique.jpg 2041w, https:\/\/www.tucomarca.com\/wordpress\/segunda\/wp-content\/uploads\/2019\/04\/UtielMozambique-300x142.jpg 300w, https:\/\/www.tucomarca.com\/wordpress\/segunda\/wp-content\/uploads\/2019\/04\/UtielMozambique-768x363.jpg 768w, https:\/\/www.tucomarca.com\/wordpress\/segunda\/wp-content\/uploads\/2019\/04\/UtielMozambique-1024x484.jpg 1024w\" sizes=\"auto, (max-width: 536px) 100vw, 536px\" \/><figcaption id=\"caption-attachment-84199\" class=\"wp-caption-text\">L&#8217;Ajuntament d&#8217;Utiel sol\u00b7licita la col\u00b7laboraci\u00f3 de voluntariat per a les tasques d&#8217;emmagatzematge i c\u00e0rrega dels materials destinats als afectats pel cicl\u00f3 &#8220;Idai&#8221;.<\/figcaption><\/figure>\n<p>Utiel ser\u00e0 el municipi encarregat de centralitzar la recepci\u00f3 d&#8217;aliments i material humanitari de tota la Comunitat Valenciana amb destinaci\u00f3 a Mo\u00e7ambic. El cicl\u00f3 &#8220;Idai&#8221; ha provocat la situaci\u00f3 d&#8217;emerg\u00e8ncia al pa\u00eds i l&#8217;ambaixada de Mo\u00e7ambic a Espanya ha organitzat la recollida d&#8217;ajuda humanit\u00e0ria a la qual se suma el municipi d&#8217;Utiel com a centre d&#8217;emmagatzematge d&#8217;aquestes donacions a la Comunitat Valenciana.<\/p>\n<p>Amb l&#8217;objectiu de desenvolupar a la major celeritat les tasques d&#8217;emmagatzematge i c\u00e0rrega de material humanitari, l&#8217;Ajuntament d&#8217;Utiel ha realitzat una crida per demanar la col\u00b7laboraci\u00f3 ciutadana. Els voluntaris que vulguin participar en aquestes tasques poden inscriure directament a l&#8217;oficina Pangea l&#8217;Ajuntament d&#8217;Utiel o mitjan\u00e7ant el mail pangea@utiel.es.<\/p>\n<p>D&#8217;altra banda, tots aquells ciutadans que vulguin donar aliments, roba o material sanitari, poden traslladar-los a la consergeria del propi consistori utielano. Des de l&#8217;ambaixada de Mo\u00e7ambic sol\u00b7liciten aliments no peribles com arr\u00f2s, llegums o conserves. Tamb\u00e9 es necessita roba i cal\u00e7at especialment impermeables i botes d&#8217;aigua. I entre el llistat de recursos imprescindibles estaria el material sanitari, medicaments, productes d&#8217;higiene, mantes, lones pl\u00e0stiques i mosquiteres.<\/p>\n<p>L&#8217;ajuda humanit\u00e0ria ser\u00e0 traslladada en camions des del magatzem d&#8217;Utiel fins a Navarra i posteriorment partiran els enviaments en contenidors per auxiliar els milions de damnificats per la cat\u00e0strofe natural de Mo\u00e7ambic.<\/p>\n<\/div>\n<\/div>\n<\/div>\n","protected":false},"excerpt":{"rendered":"<div class=\"mh-excerpt\">Utiel ser\u00e0 el municipi encarregat de centralitzar la recepci\u00f3 d&#8217;aliments i material humanitari de tota la Comunitat Valenciana amb destinaci\u00f3 a Mo\u00e7ambic. El cicl\u00f3 &#8220;Idai&#8221; ha provocat la situaci\u00f3 d&#8217;emerg\u00e8ncia al pa\u00eds i l&#8217;ambaixada de <a class=\"mh-excerpt-more\" href=\"https:\/\/www.tucomarca.com\/wordpress\/segunda\/ca\/utiel-centralitza-la-recollida-dajuda-humanitaria-de-la-comunitat-valenciana-per-a-mocambic\/\" title=\"Utiel centralitza la recollida d&#8217;ajuda humanit\u00e0ria de la Comunitat Valenciana per a Mo\u00e7ambic\">[+] <\/a><\/div>\n","protected":false},"author":1,"featured_media":84200,"comment_status":"open","ping_status":"open","sticky":false,"template":"","format":"standard","meta":{"footnotes":""},"categories":[10894,10947,10909,10896,10897,11059],"tags":[10910],"class_list":{"0":"post-84202","1":"post","2":"type-post","3":"status-publish","4":"format-standard","5":"has-post-thumbnail","7":"category-la-comarca-ca","8":"category-politica","9":"category-requena-utiel-ca","10":"category-seccion-ca","11":"category-sucesos-la-comarca-ca","12":"category-utiel-ca","13":"tag-requena-utiel-ca"},"_links":{"self":[{"href":"https:\/\/www.tucomarca.com\/wordpress\/segunda\/ca\/wp-json\/wp\/v2\/posts\/84202","targetHints":{"allow":["GET"]}}],"collection":[{"href":"https:\/\/www.tucomarca.com\/wordpress\/segunda\/ca\/wp-json\/wp\/v2\/posts"}],"about":[{"href":"https:\/\/www.tucomarca.com\/wordpress\/segunda\/ca\/wp-json\/wp\/v2\/types\/post"}],"author":[{"embeddable":true,"href":"https:\/\/www.tucomarca.com\/wordpress\/segunda\/ca\/wp-json\/wp\/v2\/users\/1"}],"replies":[{"embeddable":true,"href":"https:\/\/www.tucomarca.com\/wordpress\/segunda\/ca\/wp-json\/wp\/v2\/comments?post=84202"}],"version-history":[{"count":0,"href":"https:\/\/www.tucomarca.com\/wordpress\/segunda\/ca\/wp-json\/wp\/v2\/posts\/84202\/revisions"}],"wp:featuredmedia":[{"embeddable":true,"href":"https:\/\/www.tucomarca.com\/wordpress\/segunda\/ca\/wp-json\/wp\/v2\/media\/84200"}],"wp:attachment":[{"href":"https:\/\/www.tucomarca.com\/wordpress\/segunda\/ca\/wp-json\/wp\/v2\/media?parent=84202"}],"wp:term":[{"taxonomy":"category","embeddable":true,"href":"https:\/\/www.tucomarca.com\/wordpress\/segunda\/ca\/wp-json\/wp\/v2\/categories?post=84202"},{"taxonomy":"post_tag","embeddable":true,"href":"https:\/\/www.tucomarca.com\/wordpress\/segunda\/ca\/wp-json\/wp\/v2\/tags?post=84202"}],"curies":[{"name":"wp","href":"https:\/\/api.w.org\/{rel}","templated":true}]}}