{"id":84295,"date":"2019-04-09T21:09:52","date_gmt":"2019-04-09T19:09:52","guid":{"rendered":"http:\/\/www.tucomarca.com\/wordpress\/segunda\/?p=84295"},"modified":"2019-04-09T21:09:52","modified_gmt":"2019-04-09T19:09:52","slug":"fi-de-temporada-per-al-pilot-de-dosaigues-hector-barbera","status":"publish","type":"post","link":"https:\/\/www.tucomarca.com\/wordpress\/segunda\/ca\/fi-de-temporada-per-al-pilot-de-dosaigues-hector-barbera\/","title":{"rendered":"Fi de temporada per al pilot de Dosaig\u00fces, H\u00e9ctor Barber\u00e1"},"content":{"rendered":"<div class=\"\">\n<div class=\"\">\n<figure id=\"attachment_76206\" aria-describedby=\"caption-attachment-76206\" style=\"width: 334px\" class=\"wp-caption alignleft\"><img loading=\"lazy\" decoding=\"async\" class=\" wp-image-76206\" src=\"http:\/\/www.tucomarca.com\/wordpress\/segunda\/wp-content\/uploads\/2018\/10\/barbera2018_04.jpg\" alt=\"El piloto de Dos Aguas, H\u00e9ctor Barber\u00e1.\" width=\"334\" height=\"223\" srcset=\"https:\/\/www.tucomarca.com\/wordpress\/segunda\/wp-content\/uploads\/2018\/10\/barbera2018_04.jpg 1024w, https:\/\/www.tucomarca.com\/wordpress\/segunda\/wp-content\/uploads\/2018\/10\/barbera2018_04-300x200.jpg 300w, https:\/\/www.tucomarca.com\/wordpress\/segunda\/wp-content\/uploads\/2018\/10\/barbera2018_04-768x512.jpg 768w\" sizes=\"auto, (max-width: 334px) 100vw, 334px\" \/><figcaption id=\"caption-attachment-76206\" class=\"wp-caption-text\">El piloto de Dosaig\u00fces, H\u00e9ctor Barber\u00e1, en una imatge de 2018.<\/figcaption><\/figure>\n<p>L\u2019\u00faltima setmana s\u2019havia obtingut la tercera prova del m\u00f3n de Superbike en el fabul\u00f3s circuit d\u2019Arag\u00f3 (Motorland-Alca\u00f1iz), on s\u2019havia pogut explicar de manera inexplicable que pugui passar un pilot, en aquest cas estem parlant de H\u00e9ctor Barber\u00e1.<\/p>\n<p>El domicili no ha sortit a la pista, segons un comentari en el Instagram del propi autor, que no hi hagi recursos per a resoldre la vida i el descans dels competidors.<\/p>\n<p>Al principi era l\u00f2gic i normal, no s\u2019havia d\u2019indicar en una competici\u00f3 amb la qual cosa no s\u2019haur\u00e0 pogut succeir un material per no dur a terme el material adequat i s\u2019haur\u00e0 de tenir una rotaci\u00f3 indemnitzada per tenir-ne un desgast.<\/p>\n<p>Hasta aqu\u00ed tot corregit, per\u00f2 en l&#8217;equip dicen que no has saltat una pista perqu\u00e8 han estat robats la moto i ells creien que havien estat el seu propi pilot i els seus mec\u00e0nics, amb el que ha creat una confusi\u00f3 extrema i no sabeu que la ci\u00e8ncia \u00e9s per q\u00fcesti\u00f3 d\u2019impactes al propi moviment o si \u00e9s per falta de mitjans i pressupost. Esperem que solucioneu el tema i els resultats en la pista d\u2019un gest que s\u2019ha de ser.<\/p>\n<\/div>\n<\/div>\n","protected":false},"excerpt":{"rendered":"<div class=\"mh-excerpt\">L\u2019\u00faltima setmana s\u2019havia obtingut la tercera prova del m\u00f3n de Superbike en el fabul\u00f3s circuit d\u2019Arag\u00f3 (Motorland-Alca\u00f1iz), on s\u2019havia pogut explicar de manera inexplicable que pugui passar un pilot, en aquest cas estem parlant de <a class=\"mh-excerpt-more\" href=\"https:\/\/www.tucomarca.com\/wordpress\/segunda\/ca\/fi-de-temporada-per-al-pilot-de-dosaigues-hector-barbera\/\" title=\"Fi de temporada per al pilot de Dosaig\u00fces, H\u00e9ctor Barber\u00e1\">[+] <\/a><\/div>\n","protected":false},"author":2,"featured_media":76205,"comment_status":"open","ping_status":"open","sticky":false,"template":"","format":"standard","meta":{"footnotes":""},"categories":[10976,11003,10912,11011,10896],"tags":[11562,11563],"class_list":{"0":"post-84295","1":"post","2":"type-post","3":"status-publish","4":"format-standard","5":"has-post-thumbnail","7":"category-dos-aguas-ca","8":"category-sports","9":"category-la-hoya-ca","10":"category-motociclismo-ca","11":"category-seccion-ca","12":"tag-hector-barbera-ca","13":"tag-mundial-de-superbike-ca"},"_links":{"self":[{"href":"https:\/\/www.tucomarca.com\/wordpress\/segunda\/ca\/wp-json\/wp\/v2\/posts\/84295","targetHints":{"allow":["GET"]}}],"collection":[{"href":"https:\/\/www.tucomarca.com\/wordpress\/segunda\/ca\/wp-json\/wp\/v2\/posts"}],"about":[{"href":"https:\/\/www.tucomarca.com\/wordpress\/segunda\/ca\/wp-json\/wp\/v2\/types\/post"}],"author":[{"embeddable":true,"href":"https:\/\/www.tucomarca.com\/wordpress\/segunda\/ca\/wp-json\/wp\/v2\/users\/2"}],"replies":[{"embeddable":true,"href":"https:\/\/www.tucomarca.com\/wordpress\/segunda\/ca\/wp-json\/wp\/v2\/comments?post=84295"}],"version-history":[{"count":0,"href":"https:\/\/www.tucomarca.com\/wordpress\/segunda\/ca\/wp-json\/wp\/v2\/posts\/84295\/revisions"}],"wp:featuredmedia":[{"embeddable":true,"href":"https:\/\/www.tucomarca.com\/wordpress\/segunda\/ca\/wp-json\/wp\/v2\/media\/76205"}],"wp:attachment":[{"href":"https:\/\/www.tucomarca.com\/wordpress\/segunda\/ca\/wp-json\/wp\/v2\/media?parent=84295"}],"wp:term":[{"taxonomy":"category","embeddable":true,"href":"https:\/\/www.tucomarca.com\/wordpress\/segunda\/ca\/wp-json\/wp\/v2\/categories?post=84295"},{"taxonomy":"post_tag","embeddable":true,"href":"https:\/\/www.tucomarca.com\/wordpress\/segunda\/ca\/wp-json\/wp\/v2\/tags?post=84295"}],"curies":[{"name":"wp","href":"https:\/\/api.w.org\/{rel}","templated":true}]}}