{"id":84412,"date":"2019-04-10T22:46:20","date_gmt":"2019-04-10T20:46:20","guid":{"rendered":"http:\/\/www.tucomarca.com\/wordpress\/segunda\/?p=84412"},"modified":"2019-04-10T22:46:20","modified_gmt":"2019-04-10T20:46:20","slug":"el-pspv-de-riba-roja-reuneix-centenars-de-persones-a-la-presentacio-de-la-candidatura-electoral-del-proper-26-de-maig","status":"publish","type":"post","link":"https:\/\/www.tucomarca.com\/wordpress\/segunda\/ca\/el-pspv-de-riba-roja-reuneix-centenars-de-persones-a-la-presentacio-de-la-candidatura-electoral-del-proper-26-de-maig\/","title":{"rendered":"El PSPV de Riba-roja reuneix centenars de persones a la presentaci\u00f3 de la candidatura electoral del proper 26 de maig"},"content":{"rendered":"<figure id=\"attachment_84407\" aria-describedby=\"caption-attachment-84407\" style=\"width: 356px\" class=\"wp-caption alignleft\"><img loading=\"lazy\" decoding=\"async\" class=\" wp-image-84407\" src=\"http:\/\/www.tucomarca.com\/wordpress\/segunda\/wp-content\/uploads\/2019\/04\/69edf544-fb2d-4912-a3ea-de4492f3d96c.jpg\" alt=\"El actual alcalde de la localidad y cabeza de lista, Robert Raga.\" width=\"356\" height=\"254\" srcset=\"https:\/\/www.tucomarca.com\/wordpress\/segunda\/wp-content\/uploads\/2019\/04\/69edf544-fb2d-4912-a3ea-de4492f3d96c.jpg 1024w, https:\/\/www.tucomarca.com\/wordpress\/segunda\/wp-content\/uploads\/2019\/04\/69edf544-fb2d-4912-a3ea-de4492f3d96c-300x214.jpg 300w, https:\/\/www.tucomarca.com\/wordpress\/segunda\/wp-content\/uploads\/2019\/04\/69edf544-fb2d-4912-a3ea-de4492f3d96c-768x548.jpg 768w\" sizes=\"auto, (max-width: 356px) 100vw, 356px\" \/><figcaption id=\"caption-attachment-84407\" class=\"wp-caption-text\">L&#8217;actual alcalde de la localitat i cap de llista, Robert Raga.<\/figcaption><\/figure>\n<p><strong>L&#8217;acte ha tingut lloc al Parc Maldonado de la localitat<\/strong><\/p>\n<p>El PSPV de Riba-roja de T\u00faria ha presentat aquest passat cap de setmana oficialment als integrants de la candidatura electoral que concorrer\u00e0 als comicis municipals del pr\u00f2xim 26 de maig davant centenars de ve\u00efns assistents. L&#8217;acte ha tingut lloc a l&#8217;emblem\u00e0tic Parc Maldonado de la localitat i al mateix ha assistit, a m\u00e9s, el director general d&#8217;Emerg\u00e8ncies de la Generalitat, Jos\u00e9 Mar\u00eda \u00c1ngel.<\/p>\n<p>La llista electoral dels socialistes ha estat aprovat per unanimitat tant per la comissi\u00f3 executiva local com per l&#8217;assemblea de militants en un proc\u00e9s de prim\u00e0ries obertes en qu\u00e8 es uneix l&#8217;experi\u00e8ncia dels quatre anys de gesti\u00f3 al capdavant de l&#8217;ajuntament local aix\u00ed com la incorporaci\u00f3 de nous integrants que reforcen nuclis claus i estrat\u00e8gics en sectors com l&#8217;educaci\u00f3, l&#8217;economia, l&#8217;esport, els serveis socials o les tradicions.<\/p>\n<p>Aix\u00ed, els actuals sis regidors que formen part de l&#8217;equip de govern a l&#8217;ajuntament repeteixen a la llista de maig a llocs de sortida amb un \u00e0nim per mantenir el canvi que es va gestar fa quatre anys ia la qual s&#8217;incorporen noves persones com, entre d&#8217;altres , Jos\u00e9 Luis Ramos al lloc n\u00famero tres, amb \u00e0mplia experi\u00e8ncia en el m\u00f3n de la banca des del qual ha pogut con\u00e8ixer la situaci\u00f3 real de les fam\u00edlies de Riba-roja o de les petites i mitjanes empreses.<\/p>\n<p>Altres llocs a destacar s\u00f3n el de Zafira P\u00e9rez, mestra de professi\u00f3 en el col\u00b7legi p\u00fablic Eres Altes; Ana Cris Folgado, en el lloc 8, una persona molt vinculada al m\u00f3n de les falles, el folklore i les tradicions locals; en el lloc 10 Esther G\u00f3mez, presidenta de l&#8217;associaci\u00f3 de ve\u00efns de la urbanitzaci\u00f3 Entrenaranjos, i gran coneixedora de les \u00e0rees residencials de Riba-roja; un altre nom a destacar \u00e9s el de Javier Garc\u00eda, ex esportista professional de la urbanitzaci\u00f3 Masia de Traver, i amb ampli coneixement del m\u00f3n dels esports de base.<\/p>\n<p><img loading=\"lazy\" decoding=\"async\" class=\"alignleft wp-image-84409\" src=\"http:\/\/www.tucomarca.com\/wordpress\/segunda\/wp-content\/uploads\/2019\/04\/3024961e-d912-4bfb-9c3b-8ecc673d512a-1.jpg\" alt=\"\" width=\"605\" height=\"432\" srcset=\"https:\/\/www.tucomarca.com\/wordpress\/segunda\/wp-content\/uploads\/2019\/04\/3024961e-d912-4bfb-9c3b-8ecc673d512a-1.jpg 1024w, https:\/\/www.tucomarca.com\/wordpress\/segunda\/wp-content\/uploads\/2019\/04\/3024961e-d912-4bfb-9c3b-8ecc673d512a-1-300x214.jpg 300w, https:\/\/www.tucomarca.com\/wordpress\/segunda\/wp-content\/uploads\/2019\/04\/3024961e-d912-4bfb-9c3b-8ecc673d512a-1-768x548.jpg 768w\" sizes=\"auto, (max-width: 605px) 100vw, 605px\" \/><\/p>\n<p>Finalment, cal assenyalar altres integrants de la llista electoral de Riba-roja de T\u00faria vinculats a sectors clau com els serveis socials, amb David Barbancho; o Alfredo Pla, aut\u00f2nom i comerciant. Cal afegir la pres\u00e8ncia de dos periodistes, Fausto Quintanilla i Raquel Pamblanco, en una llista que es tanca amb tres referents en el socialisme de Riba-roja: els ex-portaveus municipals Julia L\u00f3pez i Francisco Navarro i el president local durant els \u00faltims tres lustres , Jos\u00e9 Herv\u00e1s.<\/p>\n<p>L&#8217;actual alcalde de la localitat i cap de llista, Robert Raga, ha anat presentant un a un al resta dels integrants de la candidatura electoral, 21 membres en total, als ha que ha agra\u00eft el &#8220;comprom\u00eds&#8221; amb el projecte socialista a temps que ha esbossat les l\u00ednies clau que expliquen la composici\u00f3 de la llista electoral sota un prisma en qu\u00e8 es uneix &#8220;experi\u00e8ncia, joventut i cares noves&#8221; en clau de futur &#8220;per a consolidar i assentar un model de ciutat progressista&#8221;.<\/p>\n<p>Raga ha elogiat la feina i la gesti\u00f3 desenvolupada pels regidors del grup socialista &#8220;capa\u00e7os en nom\u00e9s quatre anys de donar un canvi enorme al municipi, tant al nucli urb\u00e0 com a les urbanitzacions despr\u00e9s de d\u00e8cades d&#8217;estancament i endarreriment sota els governs del Partit Popular &#8220;alhora que ha incidit en un refor\u00e7 d&#8217;aquesta l\u00ednia de treball&#8221; amb noves incorporacions per aconseguir uns bons resultats que ens permetin seguir dissenyant un model de ciutat integrador, modern, sostenible i reconeixible per tots &#8220;.<\/p>\n<p>Despr\u00e9s de l&#8217;acte de presentaci\u00f3, que s&#8217;ha desenvolupat sota la mirada atenta de centenars de ve\u00efns, s&#8217;ha servit un refrigeri que ha posat el colof\u00f3 \u200b\u200ba la jornada.<\/p>\n<p>El PSOE de Riba-roja ha acabat de perfilar les l\u00ednies principals que centraran els actes de precampanya i de la campanya electoral del proper mes de maig en la qual destaquen &#8220;un porta a porta&#8221; del candidat a l&#8217;alcaldia, Robert Raga, al que explicar\u00e0 la gesti\u00f3 que s&#8217;ha dut a terme durant aquesta legislatura en m\u00e9s de 1.000 llars de la localitat.<\/p>\n<p>En una primera fase es duran a terme reunions i trobades amb m\u00e9s de 100 entitats i associacions de la localitat en qu\u00e8, a m\u00e9s d&#8217;explicar detalladament les principals accions d&#8217;aquesta legislatura, es recolliran les propostes i iniciatives aportades pel propi teixit associatiu i que , posteriorment, es recolliran en el programa electoral dels socialistes de Riba-roja.<\/p>\n<p>En una segona fase, el candidat a l&#8217;alcaldia a l&#8217;Ajuntament de Riba-roja es tornar\u00e0 a reunir amb les associacions i les entitats per explicar-los les propostes i idees recollides en la fase inicial i que s&#8217;hagin incorporat finalment al programa electoral del proper mes de maig, amb l&#8217;objectiu de fer-los part\u00edcips directes de les propostes amb les que els socialistes concorreran als comicis municipals.<\/p>\n<p>Les entitats i associacions de la localitat amb les que es reuniran els socialistes de Riba-roja abasten diferents espectres, com el sector de l&#8217;educaci\u00f3, l&#8217;esport, la cultura o altres relacionats el benestar social, amb l&#8217;objectiu principal d&#8217;aprofundir i con\u00e8ixer de primera m\u00e0 totes les sensibilitats existents a la localitat i d&#8217;ajudar a forjar els fonaments de la societat dels propers anys.<\/p>\n<p>Com a complement a aquestes reunions i contactes amb el teixit associatiu, el PSPV tamb\u00e9 t\u00e9 prevista la celebraci\u00f3 de dues assemblees &#8220;obertes a la ciutadania&#8221; d&#8217;entrada lliure a qualsevol ve\u00ed o ve\u00efna de Riba-roja en qu\u00e8 podran preguntar qualsevol aspecte relacionat amb la gesti\u00f3 i la tasca desenvolupada al llarg d&#8217;aquesta legislatura, a m\u00e9s, d&#8217;aportar qualsevol idea o proposta adequada per a anys vinents. A m\u00e9s, aquestes assemblees &#8220;obertes&#8221; s&#8217;estendran als barris ia les urbanitzacions.<\/p>\n<p>El candidat socialista a l&#8217;alcaldia, Robert Raga, ha afirmat que la pr\u00f2xima campanya electoral &#8220;estar\u00e0 centrada en el contacte directe amb els nostres ve\u00efns i ve\u00efnes als quals els explicarem les principals l\u00ednies que hem desenvolupat en aquests quatre anys i que a simple vista es pot comprovar, amb un \u00e0nim constructiu i obert a qualsevol proposta que puguin aportar els ciutadans, una associaci\u00f3 o qualsevol particular sense major \u00e0nim que el de millorar la vida i el benestar de Riba-roja &#8220;.<\/p>\n","protected":false},"excerpt":{"rendered":"<div class=\"mh-excerpt\">L&#8217;acte ha tingut lloc al Parc Maldonado de la localitat El PSPV de Riba-roja de T\u00faria ha presentat aquest passat cap de setmana oficialment als integrants de la candidatura electoral que concorrer\u00e0 als comicis municipals <a class=\"mh-excerpt-more\" href=\"https:\/\/www.tucomarca.com\/wordpress\/segunda\/ca\/el-pspv-de-riba-roja-reuneix-centenars-de-persones-a-la-presentacio-de-la-candidatura-electoral-del-proper-26-de-maig\/\" title=\"El PSPV de Riba-roja reuneix centenars de persones a la presentaci\u00f3 de la candidatura electoral del proper 26 de maig\">[+] <\/a><\/div>\n","protected":false},"author":2,"featured_media":84408,"comment_status":"open","ping_status":"open","sticky":false,"template":"","format":"standard","meta":{"footnotes":""},"categories":[10892,10898,10947,10906,10896],"tags":[10899,11319,11102],"class_list":{"0":"post-84412","1":"post","2":"type-post","3":"status-publish","4":"format-standard","5":"has-post-thumbnail","7":"category-camp-de-turia-ca","8":"category-ventana-ca","9":"category-politica","10":"category-riba-roja-ca","11":"category-seccion-ca","12":"tag-camp-de-turia-ca","13":"tag-pspv-psoe-ca","14":"tag-riba-roja-2-ca"},"_links":{"self":[{"href":"https:\/\/www.tucomarca.com\/wordpress\/segunda\/ca\/wp-json\/wp\/v2\/posts\/84412","targetHints":{"allow":["GET"]}}],"collection":[{"href":"https:\/\/www.tucomarca.com\/wordpress\/segunda\/ca\/wp-json\/wp\/v2\/posts"}],"about":[{"href":"https:\/\/www.tucomarca.com\/wordpress\/segunda\/ca\/wp-json\/wp\/v2\/types\/post"}],"author":[{"embeddable":true,"href":"https:\/\/www.tucomarca.com\/wordpress\/segunda\/ca\/wp-json\/wp\/v2\/users\/2"}],"replies":[{"embeddable":true,"href":"https:\/\/www.tucomarca.com\/wordpress\/segunda\/ca\/wp-json\/wp\/v2\/comments?post=84412"}],"version-history":[{"count":0,"href":"https:\/\/www.tucomarca.com\/wordpress\/segunda\/ca\/wp-json\/wp\/v2\/posts\/84412\/revisions"}],"wp:featuredmedia":[{"embeddable":true,"href":"https:\/\/www.tucomarca.com\/wordpress\/segunda\/ca\/wp-json\/wp\/v2\/media\/84408"}],"wp:attachment":[{"href":"https:\/\/www.tucomarca.com\/wordpress\/segunda\/ca\/wp-json\/wp\/v2\/media?parent=84412"}],"wp:term":[{"taxonomy":"category","embeddable":true,"href":"https:\/\/www.tucomarca.com\/wordpress\/segunda\/ca\/wp-json\/wp\/v2\/categories?post=84412"},{"taxonomy":"post_tag","embeddable":true,"href":"https:\/\/www.tucomarca.com\/wordpress\/segunda\/ca\/wp-json\/wp\/v2\/tags?post=84412"}],"curies":[{"name":"wp","href":"https:\/\/api.w.org\/{rel}","templated":true}]}}