{"id":84651,"date":"2019-04-14T23:05:04","date_gmt":"2019-04-14T21:05:04","guid":{"rendered":"http:\/\/www.tucomarca.com\/wordpress\/segunda\/?p=84651"},"modified":"2019-04-14T23:05:04","modified_gmt":"2019-04-14T21:05:04","slug":"video-masterclass-recitals-tallers-i-xerrades-omplen-la-iv-setmana-cultural-del-conservatori-de-bunyol-fins-dimecres","status":"publish","type":"post","link":"https:\/\/www.tucomarca.com\/wordpress\/segunda\/ca\/video-masterclass-recitals-tallers-i-xerrades-omplen-la-iv-setmana-cultural-del-conservatori-de-bunyol-fins-dimecres\/","title":{"rendered":"V\u00eddeo: masterclass, recitals, tallers i xerrades omplen la IV Setmana Cultural del Conservatori de Bunyol fins dimecres"},"content":{"rendered":"<p>El conservatori Sant Rafael de Bunyol desenvolupa la seva IV Setmana Cultural des d&#8217;aquest dilluns, 15 d&#8217;abril, al dimecres dia 17. La setmana cultural compte el dilluns 15 d&#8217;abril amb una masterclass de trompeta a c\u00e0rrec de Toni Cambres i una altra de tuba per Virgili Mas , a m\u00e9s d&#8217;un recital de bombard\u00ed i piano ofert pels joves m\u00fasics Andr\u00e9s Carrascosa i Manuel Iniesta, a m\u00e9s de Repatterning amb Sebasti\u00e1n G\u00f3mez-Lozano.<\/p>\n<p>Dimarts 16, els actes seran un taller-concert dels professors Enrique Hern\u00e1ndez, Jos\u00e9 Guerrero i David Almerich, amb els convidats Jorge Riera (guitarra) i David Tar\u00edn (bateria i percussi\u00f3) amb la seva formaci\u00f3 Don Kuerales i els seus modals. Li seguir\u00e0 una xerrada-col\u00b7loqui amb el grup de rock bu\u00f1olense Malsujeto amb el qual els estudiants podran xerrar del proc\u00e9s de creaci\u00f3 d&#8217;un disc, entre altres coses.<\/p>\n<p>Dimecres 17 es tancar\u00e0 amb un taller te\u00f2ric-pr\u00e0ctic de m\u00fasica moviment i fisioter\u00e0pia, a c\u00e0rrec d&#8217;Eva Vall\u00e8s; i Bodybalance, per Gaspar Tar\u00edn.<\/p>\n","protected":false},"excerpt":{"rendered":"<div class=\"mh-excerpt\">El conservatori Sant Rafael de Bunyol desenvolupa la seva IV Setmana Cultural des d&#8217;aquest dilluns, 15 d&#8217;abril, al dimecres dia 17. La setmana cultural compte el dilluns 15 d&#8217;abril amb una masterclass de trompeta a <a class=\"mh-excerpt-more\" href=\"https:\/\/www.tucomarca.com\/wordpress\/segunda\/ca\/video-masterclass-recitals-tallers-i-xerrades-omplen-la-iv-setmana-cultural-del-conservatori-de-bunyol-fins-dimecres\/\" title=\"V\u00eddeo: masterclass, recitals, tallers i xerrades omplen la IV Setmana Cultural del Conservatori de Bunyol fins dimecres\">[+] <\/a><\/div>\n","protected":false},"author":1,"featured_media":84648,"comment_status":"open","ping_status":"open","sticky":false,"template":"","format":"standard","meta":{"footnotes":""},"categories":[11019,10911,11005,10898,10894,10912,11007,10896,11062],"tags":[11314],"class_list":{"0":"post-84651","1":"post","2":"type-post","3":"status-publish","4":"format-standard","5":"has-post-thumbnail","7":"category-agenda-ca","8":"category-bunol-ca","9":"category-canal-musica","10":"category-ventana-ca","11":"category-la-comarca-ca","12":"category-la-hoya-ca","13":"category-ocio-y-cultura-ca","14":"category-seccion-ca","15":"category-videos","16":"tag-bunyol-ca"},"_links":{"self":[{"href":"https:\/\/www.tucomarca.com\/wordpress\/segunda\/ca\/wp-json\/wp\/v2\/posts\/84651","targetHints":{"allow":["GET"]}}],"collection":[{"href":"https:\/\/www.tucomarca.com\/wordpress\/segunda\/ca\/wp-json\/wp\/v2\/posts"}],"about":[{"href":"https:\/\/www.tucomarca.com\/wordpress\/segunda\/ca\/wp-json\/wp\/v2\/types\/post"}],"author":[{"embeddable":true,"href":"https:\/\/www.tucomarca.com\/wordpress\/segunda\/ca\/wp-json\/wp\/v2\/users\/1"}],"replies":[{"embeddable":true,"href":"https:\/\/www.tucomarca.com\/wordpress\/segunda\/ca\/wp-json\/wp\/v2\/comments?post=84651"}],"version-history":[{"count":0,"href":"https:\/\/www.tucomarca.com\/wordpress\/segunda\/ca\/wp-json\/wp\/v2\/posts\/84651\/revisions"}],"wp:featuredmedia":[{"embeddable":true,"href":"https:\/\/www.tucomarca.com\/wordpress\/segunda\/ca\/wp-json\/wp\/v2\/media\/84648"}],"wp:attachment":[{"href":"https:\/\/www.tucomarca.com\/wordpress\/segunda\/ca\/wp-json\/wp\/v2\/media?parent=84651"}],"wp:term":[{"taxonomy":"category","embeddable":true,"href":"https:\/\/www.tucomarca.com\/wordpress\/segunda\/ca\/wp-json\/wp\/v2\/categories?post=84651"},{"taxonomy":"post_tag","embeddable":true,"href":"https:\/\/www.tucomarca.com\/wordpress\/segunda\/ca\/wp-json\/wp\/v2\/tags?post=84651"}],"curies":[{"name":"wp","href":"https:\/\/api.w.org\/{rel}","templated":true}]}}