{"id":84772,"date":"2019-04-20T14:44:48","date_gmt":"2019-04-20T12:44:48","guid":{"rendered":"http:\/\/www.tucomarca.com\/wordpress\/segunda\/?p=84772"},"modified":"2019-04-20T14:44:48","modified_gmt":"2019-04-20T12:44:48","slug":"lalumnat-de-lies-ricardo-marin-de-xest-realitza-un-curtmetratge-per-remarcar-la-importancia-de-tenir-cura-del-medi-ambient","status":"publish","type":"post","link":"https:\/\/www.tucomarca.com\/wordpress\/segunda\/ca\/lalumnat-de-lies-ricardo-marin-de-xest-realitza-un-curtmetratge-per-remarcar-la-importancia-de-tenir-cura-del-medi-ambient\/","title":{"rendered":"L&#8217;alumnat de l&#8217;IES Ricardo Mar\u00edn de Xest realitza un curtmetratge per remarcar la import\u00e0ncia de tenir cura del Medi Ambient"},"content":{"rendered":"<div class=\"\">\n<figure id=\"attachment_84768\" aria-describedby=\"caption-attachment-84768\" style=\"width: 411px\" class=\"wp-caption alignleft\"><img loading=\"lazy\" decoding=\"async\" class=\" wp-image-84768\" src=\"http:\/\/www.tucomarca.com\/wordpress\/segunda\/wp-content\/uploads\/2019\/04\/corto_cole.jpg\" alt=\"El alumnado del IES Ricardo Mar\u00edn realiza un cortometraje para remarcar la importancia de cuidar el Medio Ambiente.\" width=\"411\" height=\"581\" srcset=\"https:\/\/www.tucomarca.com\/wordpress\/segunda\/wp-content\/uploads\/2019\/04\/corto_cole.jpg 2338w, https:\/\/www.tucomarca.com\/wordpress\/segunda\/wp-content\/uploads\/2019\/04\/corto_cole-212x300.jpg 212w, https:\/\/www.tucomarca.com\/wordpress\/segunda\/wp-content\/uploads\/2019\/04\/corto_cole-768x1086.jpg 768w, https:\/\/www.tucomarca.com\/wordpress\/segunda\/wp-content\/uploads\/2019\/04\/corto_cole-724x1024.jpg 724w, https:\/\/www.tucomarca.com\/wordpress\/segunda\/wp-content\/uploads\/2019\/04\/corto_cole-1024x1448.jpg 1024w\" sizes=\"auto, (max-width: 411px) 100vw, 411px\" \/><figcaption id=\"caption-attachment-84768\" class=\"wp-caption-text\">L&#8217;alumnat de l&#8217;IES Ricardo Mar\u00edn realitza un curtmetratge per remarcar la import\u00e0ncia de tenir cura del Medi Ambient.<\/figcaption><\/figure>\n<p>L&#8217;IES Ricardo Mar\u00edn de Xest ha participat en el projecte d&#8217;innovaci\u00f3 educativa MOMO i, des de novembre, professorat i alumnat han estat treballant per fer el curtmetratge titulat &#8220;El despertar de la consci\u00e8ncia verda&#8221;, en qu\u00e8 es denuncia el perill que suposa per la vida la contaminaci\u00f3 i que posa de manifest la necessitat de crear consci\u00e8ncies m\u00e9s respectuoses amb l&#8217;entorn.<\/p>\n<p>La iniciativa MOMO t\u00e9 un fi social; es tracta d&#8217;un projecte projecte que uneix impressi\u00f3 3D, electr\u00f2nica digital i art i amb el qual els alumnes i les alumnes han apr\u00e8s t\u00e8cniques d&#8217;animaci\u00f3, com el Stop Motion, i han constru\u00eft un sistema de filmaci\u00f3 de v\u00eddeo, com \u00e9s un slider o bra\u00e7 rob\u00f2tic, per mitj\u00e0 d&#8217;una impressora 3D. A m\u00e9s, han apr\u00e8s a programar els moviments d&#8217;aquest sistema amb arduino i electr\u00f2nica digital.<br \/>\nD&#8217;altra banda, el projecte comporta tamb\u00e9 un important treball art\u00edstic, ja que la idea original, el gui\u00f3, personatges i decorats han estat creats pel propi alumnat.<\/p>\n<p>El projecte va comen\u00e7ar amb la formaci\u00f3 del professorat del centre i compta amb la col\u00b7laboraci\u00f3 de la regidoria d&#8217;Educaci\u00f3 de l&#8217;Ajuntament. &#8220;Des de la regidoria d&#8217;Educaci\u00f3 estem encantats de finan\u00e7ar aquest projecte educatiu de contingut mediambiental que ha realitzat l&#8217;alumnat de l&#8217;IES Ricardo Mar\u00edn. \u00c9s un projecte innovador en qu\u00e8 l&#8217;art, la ci\u00e8ncia i la tecnologia juguen un paper fonamental: electr\u00f2nica digital i art es conjuguen en un projecte vinculat completament al terreny, ja que curtmetratge El despertar de la consci\u00e8ncia verda &#8220;t\u00e9 com a protagonista una garrofa . Les meves felicitacions m\u00e9s sinceres a alumnat i professorat que s&#8217;han implicat en aquest tema &#8220;, ha declarat la regidora d&#8217;Educaci\u00f3, M\u00aa \u00c1ngeles Llorente.<\/p>\n<p>&#8216;El despertar de la consci\u00e8ncia verda&#8217; es projectar\u00e0 per primera vegada el 17 de maig a l&#8217;Escola T\u00e8cnica Superior d&#8217;Enginyeria de la Universitat de Val\u00e8ncia a Burjassot al costat de 26 curtmetratges m\u00e9s d&#8217;altres centres educatius de Secund\u00e0ria i Prim\u00e0ria de la prov\u00edncia de Val\u00e8ncia que tamb\u00e9 estan realitzant el projecte amb els seus estudiants. Aquest dia, els i les estudiants de l&#8217;IES Ricardo Mar\u00edn Ib\u00e1\u00f1ez muntaran un estand explicatiu amb tot el decorat i maquin\u00e0ria creats i realitzaran una exposici\u00f3 p\u00fablica del desenvolupament i execuci\u00f3 del projecte.<\/p>\n<p>Sobre &#8220;El despertar de la consci\u00e8ncia verda&#8221;<br \/>\nEl curtmetratge est\u00e0 ideat a partir d&#8217;un dels principals cultius agr\u00edcoles de la zona, la garrofa. Inspirada en ella, s&#8217;ha creat la protagonista de la hist\u00f2ria: Garrofina, una garrofa inquieta que va veient l&#8217;evoluci\u00f3 de la vida i va ficant a la seva petita motxilla tots els esdeveniments viscuts. Al costat d&#8217;aquest personatge, tamb\u00e9 apareixeran altres secundaris: les &#8220;olives&#8221;, un altre dels cultius t\u00edpics de Xest.<\/p>\n<p>La protagonista viur\u00e0 com la seva localitat s&#8217;omple de contaminaci\u00f3, com aquesta afecta l&#8217;entorn i ecosistema amb m\u00e9s pluges, m\u00e9s calor, desforestaci\u00f3 i diferents canvis clim\u00e0tics i mediambientals, i com ha de crear solucions per despertar &#8216;la consci\u00e8ncia verda&#8217; que el planeta necessita.<\/p>\n<\/div>\n","protected":false},"excerpt":{"rendered":"<div class=\"mh-excerpt\">L&#8217;IES Ricardo Mar\u00edn de Xest ha participat en el projecte d&#8217;innovaci\u00f3 educativa MOMO i, des de novembre, professorat i alumnat han estat treballant per fer el curtmetratge titulat &#8220;El despertar de la consci\u00e8ncia verda&#8221;, en <a class=\"mh-excerpt-more\" href=\"https:\/\/www.tucomarca.com\/wordpress\/segunda\/ca\/lalumnat-de-lies-ricardo-marin-de-xest-realitza-un-curtmetratge-per-remarcar-la-importancia-de-tenir-cura-del-medi-ambient\/\" title=\"L&#8217;alumnat de l&#8217;IES Ricardo Mar\u00edn de Xest realitza un curtmetratge per remarcar la import\u00e0ncia de tenir cura del Medi Ambient\">[+] <\/a><\/div>\n","protected":false},"author":2,"featured_media":84769,"comment_status":"open","ping_status":"open","sticky":false,"template":"","format":"standard","meta":{"footnotes":""},"categories":[10894,10912,10903,11007,10896,10974],"tags":[11071,11579],"class_list":{"0":"post-84772","1":"post","2":"type-post","3":"status-publish","4":"format-standard","5":"has-post-thumbnail","7":"category-la-comarca-ca","8":"category-la-hoya-ca","9":"category-medio-ambiente-la-comarca-ca","10":"category-ocio-y-cultura-ca","11":"category-seccion-ca","12":"category-cheste-ca","13":"tag-cheste","14":"tag-ies-ricardo-marin-ca"},"_links":{"self":[{"href":"https:\/\/www.tucomarca.com\/wordpress\/segunda\/ca\/wp-json\/wp\/v2\/posts\/84772","targetHints":{"allow":["GET"]}}],"collection":[{"href":"https:\/\/www.tucomarca.com\/wordpress\/segunda\/ca\/wp-json\/wp\/v2\/posts"}],"about":[{"href":"https:\/\/www.tucomarca.com\/wordpress\/segunda\/ca\/wp-json\/wp\/v2\/types\/post"}],"author":[{"embeddable":true,"href":"https:\/\/www.tucomarca.com\/wordpress\/segunda\/ca\/wp-json\/wp\/v2\/users\/2"}],"replies":[{"embeddable":true,"href":"https:\/\/www.tucomarca.com\/wordpress\/segunda\/ca\/wp-json\/wp\/v2\/comments?post=84772"}],"version-history":[{"count":0,"href":"https:\/\/www.tucomarca.com\/wordpress\/segunda\/ca\/wp-json\/wp\/v2\/posts\/84772\/revisions"}],"wp:featuredmedia":[{"embeddable":true,"href":"https:\/\/www.tucomarca.com\/wordpress\/segunda\/ca\/wp-json\/wp\/v2\/media\/84769"}],"wp:attachment":[{"href":"https:\/\/www.tucomarca.com\/wordpress\/segunda\/ca\/wp-json\/wp\/v2\/media?parent=84772"}],"wp:term":[{"taxonomy":"category","embeddable":true,"href":"https:\/\/www.tucomarca.com\/wordpress\/segunda\/ca\/wp-json\/wp\/v2\/categories?post=84772"},{"taxonomy":"post_tag","embeddable":true,"href":"https:\/\/www.tucomarca.com\/wordpress\/segunda\/ca\/wp-json\/wp\/v2\/tags?post=84772"}],"curies":[{"name":"wp","href":"https:\/\/api.w.org\/{rel}","templated":true}]}}