{"id":84800,"date":"2019-04-20T14:43:01","date_gmt":"2019-04-20T12:43:01","guid":{"rendered":"http:\/\/www.tucomarca.com\/wordpress\/segunda\/?p=84800"},"modified":"2019-04-20T14:43:01","modified_gmt":"2019-04-20T12:43:01","slug":"el-poligon-de-leliana-arrenca-amb-la-construccio-de-quatre-noves-naus-industrials","status":"publish","type":"post","link":"https:\/\/www.tucomarca.com\/wordpress\/segunda\/ca\/el-poligon-de-leliana-arrenca-amb-la-construccio-de-quatre-noves-naus-industrials\/","title":{"rendered":"El pol\u00edgon de l&#8217;Eliana arrenca amb la construcci\u00f3 de quatre noves naus industrials"},"content":{"rendered":"<figure id=\"attachment_84797\" aria-describedby=\"caption-attachment-84797\" style=\"width: 517px\" class=\"wp-caption alignleft\"><img loading=\"lazy\" decoding=\"async\" class=\" wp-image-84797\" src=\"http:\/\/www.tucomarca.com\/wordpress\/segunda\/wp-content\/uploads\/2019\/04\/poligonoLEliana.jpg\" alt=\"El consistorio autoriza las obras de cuatro naves cuyo importe supera los 4 millones de euros.\" width=\"517\" height=\"307\" srcset=\"https:\/\/www.tucomarca.com\/wordpress\/segunda\/wp-content\/uploads\/2019\/04\/poligonoLEliana.jpg 1451w, https:\/\/www.tucomarca.com\/wordpress\/segunda\/wp-content\/uploads\/2019\/04\/poligonoLEliana-300x178.jpg 300w, https:\/\/www.tucomarca.com\/wordpress\/segunda\/wp-content\/uploads\/2019\/04\/poligonoLEliana-768x456.jpg 768w, https:\/\/www.tucomarca.com\/wordpress\/segunda\/wp-content\/uploads\/2019\/04\/poligonoLEliana-1024x608.jpg 1024w\" sizes=\"auto, (max-width: 517px) 100vw, 517px\" \/><figcaption id=\"caption-attachment-84797\" class=\"wp-caption-text\">El consistori autoritza les obres de quatre naus l&#8217;import supera els 4 milions d&#8217;euros.<\/figcaption><\/figure>\n<p>La Junta de Govern Local va aprovar dilluns passat, l&#8217;autoritzaci\u00f3 de les obres per a la construcci\u00f3 de quatre naus industrials en el nou pol\u00edgon de l&#8217;Eliana. Les parcel\u00b7les situades a l&#8217;avinguda de la Pobla de Vallbona ocuparan una superf\u00edcie superior als 22.000 metres quadrats, entre les quatre.<\/p>\n<p>L&#8217;inici de les obres \u00e9s immediat, per la qual cosa s&#8217;estima que les instal\u00b7lacions estiguin a ple rendiment a principis de l&#8217;any 2020.<\/p>\n<p>L&#8217;alcalde de l&#8217;Eliana, Salva Torrent, ha destacat que &#8220;des que l&#8217;Ajuntament va assumir la gesti\u00f3 directa s&#8217;est\u00e0 treballant per completar, en el menor temps possible, la finalitzaci\u00f3 del recinte industrial&#8221; i ha recordat que &#8220;la posada en marxa del Pol\u00edgon suposar\u00e0 un abans i un despr\u00e9s en el futur de l&#8217;Eliana, at\u00e8s que ens permetr\u00e0 atreure empreses i generar un teixit industrial que no existia, multiplicant els llocs d&#8217;ocupaci\u00f3 i el benestar dels nostres ve\u00efns i ve\u00efnes &#8220;.<\/p>\n","protected":false},"excerpt":{"rendered":"<div class=\"mh-excerpt\">La Junta de Govern Local va aprovar dilluns passat, l&#8217;autoritzaci\u00f3 de les obres per a la construcci\u00f3 de quatre naus industrials en el nou pol\u00edgon de l&#8217;Eliana. Les parcel\u00b7les situades a l&#8217;avinguda de la Pobla <a class=\"mh-excerpt-more\" href=\"https:\/\/www.tucomarca.com\/wordpress\/segunda\/ca\/el-poligon-de-leliana-arrenca-amb-la-construccio-de-quatre-noves-naus-industrials\/\" title=\"El pol\u00edgon de l&#8217;Eliana arrenca amb la construcci\u00f3 de quatre noves naus industrials\">[+] <\/a><\/div>\n","protected":false},"author":1,"featured_media":84798,"comment_status":"open","ping_status":"open","sticky":false,"template":"","format":"standard","meta":{"footnotes":""},"categories":[10892,10898,10948,10894,10893,10947,10896],"tags":[11172],"class_list":{"0":"post-84800","1":"post","2":"type-post","3":"status-publish","4":"format-standard","5":"has-post-thumbnail","7":"category-camp-de-turia-ca","8":"category-ventana-ca","9":"category-infraestructuras-ca","10":"category-la-comarca-ca","11":"category-leliana-ca","12":"category-politica","13":"category-seccion-ca","14":"tag-leliana-ca-2"},"_links":{"self":[{"href":"https:\/\/www.tucomarca.com\/wordpress\/segunda\/ca\/wp-json\/wp\/v2\/posts\/84800","targetHints":{"allow":["GET"]}}],"collection":[{"href":"https:\/\/www.tucomarca.com\/wordpress\/segunda\/ca\/wp-json\/wp\/v2\/posts"}],"about":[{"href":"https:\/\/www.tucomarca.com\/wordpress\/segunda\/ca\/wp-json\/wp\/v2\/types\/post"}],"author":[{"embeddable":true,"href":"https:\/\/www.tucomarca.com\/wordpress\/segunda\/ca\/wp-json\/wp\/v2\/users\/1"}],"replies":[{"embeddable":true,"href":"https:\/\/www.tucomarca.com\/wordpress\/segunda\/ca\/wp-json\/wp\/v2\/comments?post=84800"}],"version-history":[{"count":0,"href":"https:\/\/www.tucomarca.com\/wordpress\/segunda\/ca\/wp-json\/wp\/v2\/posts\/84800\/revisions"}],"wp:featuredmedia":[{"embeddable":true,"href":"https:\/\/www.tucomarca.com\/wordpress\/segunda\/ca\/wp-json\/wp\/v2\/media\/84798"}],"wp:attachment":[{"href":"https:\/\/www.tucomarca.com\/wordpress\/segunda\/ca\/wp-json\/wp\/v2\/media?parent=84800"}],"wp:term":[{"taxonomy":"category","embeddable":true,"href":"https:\/\/www.tucomarca.com\/wordpress\/segunda\/ca\/wp-json\/wp\/v2\/categories?post=84800"},{"taxonomy":"post_tag","embeddable":true,"href":"https:\/\/www.tucomarca.com\/wordpress\/segunda\/ca\/wp-json\/wp\/v2\/tags?post=84800"}],"curies":[{"name":"wp","href":"https:\/\/api.w.org\/{rel}","templated":true}]}}