{"id":84894,"date":"2019-04-22T14:26:22","date_gmt":"2019-04-22T12:26:22","guid":{"rendered":"http:\/\/www.tucomarca.com\/wordpress\/segunda\/?p=84894"},"modified":"2019-04-22T14:26:22","modified_gmt":"2019-04-22T12:26:22","slug":"el-psoe-de-bunyol-presenta-la-seua-llista-aquest-dimecres-24-dabril","status":"publish","type":"post","link":"https:\/\/www.tucomarca.com\/wordpress\/segunda\/ca\/el-psoe-de-bunyol-presenta-la-seua-llista-aquest-dimecres-24-dabril\/","title":{"rendered":"El PSOE de Bunyol presenta la seua llista aquest dimecres, 24 d&#8217;abril"},"content":{"rendered":"<p>El Partit Socialista de Bunyol ha informat que l&#8217;acte de presentaci\u00f3 de la seua candidatura aquest dimecres, 24 d&#8217;abril, a les 19,00 hores a la sala El Mercat.<\/p>\n<p>\u00abAl situar-se dins de la campanya electoral de les auton\u00f2miques i generals, tamb\u00e9 acompanyaran l&#8217;agrupaci\u00f3 local en aquest acte Rebeca Torr\u00f3 i Pedro Rodr\u00edguez, candidats del PSOE al congr\u00e9s i al senat, respectivament, per la circumscripci\u00f3 de Val\u00e8ncia, que compartiran faristol de oradors amb l&#8217;alcaldessa i candidata del PSPV-PSOE, Jonquera Carrascosa \u00bb, com han informat fonts del partit.<\/p>\n<p>Rebeca Torr\u00f3 \u00e9s tinent d&#8217;alcalde d&#8217;Ontinyent i diputada provincial, mentre que Pedro Rodr\u00edguez \u00e9s, fins a la data, president de la FSMCV, c\u00e0rrec que seguir\u00e0 ostentant fins al seu nomenament com a senador, en el cas que sort\u00eds elegit. A m\u00e9s, els socialistes recuperessin per a les eleccions Al Poble, el seu mitj\u00e0 de comunicaci\u00f3 per \u00abinformar a tota la ciutadania sobre les novetats de la seva gesti\u00f3. Som el partit m\u00e9s actiu en xarxes socials, estant presents en totes elles, per\u00f2 hem ent\u00e8s que era una bona idea recuperar la publicaci\u00f3 en paper A Poble, per arribar a tota la poblaci\u00f3 sense excepci\u00f3 i informar de primera m\u00e0, de les \u00faltimes novetats en la gesti\u00f3 a l&#8217;ajuntament del grup municipal \u00bb, segons informen des del partit.<\/p>\n<p>En un altre ordre de coses, des de la candidatura socialista han comen\u00e7at les reunions amb diferents col\u00b7lectius de la localitat, \u00abcom l&#8217;Associaci\u00f3 d&#8217;Empresaris i Aut\u00f2noms, on a m\u00e9s de tractar les \u00faltimes novetats de la XIV Fira de Comer\u00e7 i Turisme, que tindr\u00e0 lloc del 10 al 12 de maig, tamb\u00e9 s&#8217;han treballat altres temes d&#8217;inter\u00e8s que incumbeixen a aquest col\u00b7lectiu. La necessitat d&#8217;un nou conveni entre Ajuntament i Associaci\u00f3, que reculli les inquietuds i objectius d&#8217;aquesta nova i ambiciosa Associaci\u00f3 d&#8217;Empresaris i Aut\u00f2noms, que cada vegada recull i representa a m\u00e9s professionals de la nostra localitat, va ser un dels objectius llocs entre les dues parts per a la pr\u00f2ximes legislatura \u00bb. Finalment, el passat 14 d&#8217;abril des del PSOE amb la resta de forces republicanes locals \u00abes va participar en el ja tradicional homenatge que cada any es fa a la II Rep\u00fablica, proclamada aquest dia de 1931, des del Pont de la Rep\u00fablica, obra duta a terme durant aquest per\u00edode \u00bb.<\/p>\n","protected":false},"excerpt":{"rendered":"<div class=\"mh-excerpt\">El Partit Socialista de Bunyol ha informat que l&#8217;acte de presentaci\u00f3 de la seua candidatura aquest dimecres, 24 d&#8217;abril, a les 19,00 hores a la sala El Mercat. \u00abAl situar-se dins de la campanya electoral <a class=\"mh-excerpt-more\" href=\"https:\/\/www.tucomarca.com\/wordpress\/segunda\/ca\/el-psoe-de-bunyol-presenta-la-seua-llista-aquest-dimecres-24-dabril\/\" title=\"El PSOE de Bunyol presenta la seua llista aquest dimecres, 24 d&#8217;abril\">[+] <\/a><\/div>\n","protected":false},"author":1,"featured_media":84892,"comment_status":"open","ping_status":"open","sticky":false,"template":"","format":"standard","meta":{"footnotes":""},"categories":[10911,10898,10894,10912,10947,10896],"tags":[11314],"class_list":{"0":"post-84894","1":"post","2":"type-post","3":"status-publish","4":"format-standard","5":"has-post-thumbnail","7":"category-bunol-ca","8":"category-ventana-ca","9":"category-la-comarca-ca","10":"category-la-hoya-ca","11":"category-politica","12":"category-seccion-ca","13":"tag-bunyol-ca"},"_links":{"self":[{"href":"https:\/\/www.tucomarca.com\/wordpress\/segunda\/ca\/wp-json\/wp\/v2\/posts\/84894","targetHints":{"allow":["GET"]}}],"collection":[{"href":"https:\/\/www.tucomarca.com\/wordpress\/segunda\/ca\/wp-json\/wp\/v2\/posts"}],"about":[{"href":"https:\/\/www.tucomarca.com\/wordpress\/segunda\/ca\/wp-json\/wp\/v2\/types\/post"}],"author":[{"embeddable":true,"href":"https:\/\/www.tucomarca.com\/wordpress\/segunda\/ca\/wp-json\/wp\/v2\/users\/1"}],"replies":[{"embeddable":true,"href":"https:\/\/www.tucomarca.com\/wordpress\/segunda\/ca\/wp-json\/wp\/v2\/comments?post=84894"}],"version-history":[{"count":0,"href":"https:\/\/www.tucomarca.com\/wordpress\/segunda\/ca\/wp-json\/wp\/v2\/posts\/84894\/revisions"}],"wp:featuredmedia":[{"embeddable":true,"href":"https:\/\/www.tucomarca.com\/wordpress\/segunda\/ca\/wp-json\/wp\/v2\/media\/84892"}],"wp:attachment":[{"href":"https:\/\/www.tucomarca.com\/wordpress\/segunda\/ca\/wp-json\/wp\/v2\/media?parent=84894"}],"wp:term":[{"taxonomy":"category","embeddable":true,"href":"https:\/\/www.tucomarca.com\/wordpress\/segunda\/ca\/wp-json\/wp\/v2\/categories?post=84894"},{"taxonomy":"post_tag","embeddable":true,"href":"https:\/\/www.tucomarca.com\/wordpress\/segunda\/ca\/wp-json\/wp\/v2\/tags?post=84894"}],"curies":[{"name":"wp","href":"https:\/\/api.w.org\/{rel}","templated":true}]}}