{"id":84913,"date":"2019-04-24T18:41:22","date_gmt":"2019-04-24T16:41:22","guid":{"rendered":"http:\/\/www.tucomarca.com\/wordpress\/segunda\/?p=84913"},"modified":"2019-04-24T18:41:22","modified_gmt":"2019-04-24T16:41:22","slug":"unides-podem-eu-realitza-aquest-dijous-el-seu-miting-de-campanya-a-bunyol","status":"publish","type":"post","link":"https:\/\/www.tucomarca.com\/wordpress\/segunda\/ca\/unides-podem-eu-realitza-aquest-dijous-el-seu-miting-de-campanya-a-bunyol\/","title":{"rendered":"Unides Podem-EU realitza aquest dijous el seu m\u00edting de campanya a Bunyol"},"content":{"rendered":"<figure id=\"attachment_84910\" aria-describedby=\"caption-attachment-84910\" style=\"width: 442px\" class=\"wp-caption alignleft\"><img loading=\"lazy\" decoding=\"async\" class=\" wp-image-84910\" src=\"http:\/\/www.tucomarca.com\/wordpress\/segunda\/wp-content\/uploads\/2019\/04\/rafa-mati.jpg\" alt=\"Rafael P\u00e9rez (EU) y Mati Mas (Podemos).\" width=\"442\" height=\"255\" srcset=\"https:\/\/www.tucomarca.com\/wordpress\/segunda\/wp-content\/uploads\/2019\/04\/rafa-mati.jpg 658w, https:\/\/www.tucomarca.com\/wordpress\/segunda\/wp-content\/uploads\/2019\/04\/rafa-mati-300x173.jpg 300w\" sizes=\"auto, (max-width: 442px) 100vw, 442px\" \/><figcaption id=\"caption-attachment-84910\" class=\"wp-caption-text\">Rafael P\u00e9rez (EU) y Mati Mas (Podemos).<\/figcaption><\/figure>\n<p>La Sala El mercat de Bunyol acull aquest dijous, 25 d&#8217;abril, a les 19,00 hores el m\u00edting electoral de Unides Podem-EU per a les eleccions generals i auton\u00f2miques.<\/p>\n<p>Segons han informat fonts de l&#8217;organitzaci\u00f3, en l&#8217;acte est\u00e0 prevista la intervenci\u00f3 de Mati Mas Mont\u00f3\u00a0(Secret\u00e0ria Pol\u00edtica de Podem a Bu\u00f1ol), Rafa P\u00e9rez Gil (candidat a alcalde de Bunyol per EUPV), Roser Mestre Moliner (Candidata comunista per EUPV a Congr\u00e9s dels Diputats) i H\u00e9ctor Illueca Ballester (primer candidat al Congr\u00e9s dels Diputats per Val\u00e8ncia i membre de Podem).<\/p>\n","protected":false},"excerpt":{"rendered":"<div class=\"mh-excerpt\">La Sala El mercat de Bunyol acull aquest dijous, 25 d&#8217;abril, a les 19,00 hores el m\u00edting electoral de Unides Podem-EU per a les eleccions generals i auton\u00f2miques. Segons han informat fonts de l&#8217;organitzaci\u00f3, en <a class=\"mh-excerpt-more\" href=\"https:\/\/www.tucomarca.com\/wordpress\/segunda\/ca\/unides-podem-eu-realitza-aquest-dijous-el-seu-miting-de-campanya-a-bunyol\/\" title=\"Unides Podem-EU realitza aquest dijous el seu m\u00edting de campanya a Bunyol\">[+] <\/a><\/div>\n","protected":false},"author":1,"featured_media":84911,"comment_status":"open","ping_status":"open","sticky":false,"template":"","format":"standard","meta":{"footnotes":""},"categories":[10911,10894,10912,10947,10896],"tags":[10913,11314],"class_list":{"0":"post-84913","1":"post","2":"type-post","3":"status-publish","4":"format-standard","5":"has-post-thumbnail","7":"category-bunol-ca","8":"category-la-comarca-ca","9":"category-la-hoya-ca","10":"category-politica","11":"category-seccion-ca","12":"tag-bunol-ca","13":"tag-bunyol-ca"},"_links":{"self":[{"href":"https:\/\/www.tucomarca.com\/wordpress\/segunda\/ca\/wp-json\/wp\/v2\/posts\/84913","targetHints":{"allow":["GET"]}}],"collection":[{"href":"https:\/\/www.tucomarca.com\/wordpress\/segunda\/ca\/wp-json\/wp\/v2\/posts"}],"about":[{"href":"https:\/\/www.tucomarca.com\/wordpress\/segunda\/ca\/wp-json\/wp\/v2\/types\/post"}],"author":[{"embeddable":true,"href":"https:\/\/www.tucomarca.com\/wordpress\/segunda\/ca\/wp-json\/wp\/v2\/users\/1"}],"replies":[{"embeddable":true,"href":"https:\/\/www.tucomarca.com\/wordpress\/segunda\/ca\/wp-json\/wp\/v2\/comments?post=84913"}],"version-history":[{"count":0,"href":"https:\/\/www.tucomarca.com\/wordpress\/segunda\/ca\/wp-json\/wp\/v2\/posts\/84913\/revisions"}],"wp:featuredmedia":[{"embeddable":true,"href":"https:\/\/www.tucomarca.com\/wordpress\/segunda\/ca\/wp-json\/wp\/v2\/media\/84911"}],"wp:attachment":[{"href":"https:\/\/www.tucomarca.com\/wordpress\/segunda\/ca\/wp-json\/wp\/v2\/media?parent=84913"}],"wp:term":[{"taxonomy":"category","embeddable":true,"href":"https:\/\/www.tucomarca.com\/wordpress\/segunda\/ca\/wp-json\/wp\/v2\/categories?post=84913"},{"taxonomy":"post_tag","embeddable":true,"href":"https:\/\/www.tucomarca.com\/wordpress\/segunda\/ca\/wp-json\/wp\/v2\/tags?post=84913"}],"curies":[{"name":"wp","href":"https:\/\/api.w.org\/{rel}","templated":true}]}}