{"id":84935,"date":"2019-04-25T11:21:55","date_gmt":"2019-04-25T09:21:55","guid":{"rendered":"http:\/\/www.tucomarca.com\/wordpress\/segunda\/?p=84935"},"modified":"2019-04-25T11:21:55","modified_gmt":"2019-04-25T09:21:55","slug":"utiel-acull-la-ii-trobada-solidaria-de-futbol-sala-a-benefici-de-acatur","status":"publish","type":"post","link":"https:\/\/www.tucomarca.com\/wordpress\/segunda\/ca\/utiel-acull-la-ii-trobada-solidaria-de-futbol-sala-a-benefici-de-acatur\/","title":{"rendered":"Utiel acull la II Trobada solid\u00e0ria de futbol sala a benefici de ACATUR"},"content":{"rendered":"<figure id=\"attachment_84931\" aria-describedby=\"caption-attachment-84931\" style=\"width: 326px\" class=\"wp-caption alignleft\"><img loading=\"lazy\" decoding=\"async\" class=\" wp-image-84931\" src=\"http:\/\/www.tucomarca.com\/wordpress\/segunda\/wp-content\/uploads\/2019\/04\/futbolsolifdario.jpeg\" alt=\"Ma\u00f1ana Utiel acoge el II Encuentro solidario de f\u00fatbol sala a beneficio de ACATUR.\" width=\"326\" height=\"413\" srcset=\"https:\/\/www.tucomarca.com\/wordpress\/segunda\/wp-content\/uploads\/2019\/04\/futbolsolifdario.jpeg 481w, https:\/\/www.tucomarca.com\/wordpress\/segunda\/wp-content\/uploads\/2019\/04\/futbolsolifdario-237x300.jpeg 237w\" sizes=\"auto, (max-width: 326px) 100vw, 326px\" \/><figcaption id=\"caption-attachment-84931\" class=\"wp-caption-text\">Dem\u00e0 Utiel acull la II Trobada solid\u00e0ria de futbol sala a benefici de ACATUR.<\/figcaption><\/figure>\n<p><strong>El partit solidari se celebrar\u00e0 al Pavell\u00f3 Cobert d&#8217;Utiel a partir de les 17,30 hores<\/strong><\/p>\n<p>Per segon any consecutiu les Escoles Esportives Municipals d&#8217;Utiel (EDM) i l&#8217;Associaci\u00f3 Comarcal d&#8217;Atenci\u00f3 Primerenca (ACATUR) organitzen la II Trobada Solidari de futbol sala a benefici d&#8217;aquesta entitat.<\/p>\n<p>El torneig ben\u00e8fic se celebra 25 d&#8217;abril a partir de les 17.30 hores al pavell\u00f3 cobert municipal i el disputaran els equips de futbol sala de la categoria benjam\u00ed d&#8217;Utiel i Mira.<\/p>\n<p>L&#8217;entrada donatiu \u00e9s de 4 \u20ac i la recaptaci\u00f3 \u00edntegra anir\u00e0 destinada a aquesta associaci\u00f3 que t\u00e9 com a activitat principal el desenvolupament del centre d&#8217;atenci\u00f3 primerenca comarcal i la sensibilitzaci\u00f3 a la comunitat sobre la promoci\u00f3 de la salut infantil, prevenci\u00f3, detecci\u00f3 i tractament preco\u00e7os de les alteracions del desenvolupament.<\/p>\n<p>L&#8217;entitat sense \u00e0nim de lucre desenvolupa diferents serveis adre\u00e7ats a la inf\u00e0ncia mitjan\u00e7ant el centre denominat Centre de Desenvolupament Infantil i Atenci\u00f3 Primerenca Utiel-Requena (CATUR) situat en Utiel.<\/p>\n<p>En aquesta instal\u00b7laci\u00f3 es presten serveis totalment gratu\u00efts a tots els nens de fins a 6 anys amb alteracions en el desenvolupament gr\u00e0cies al concert amb la Conselleria d&#8217;Igualtat i Pol\u00edtiques Inclusives.<\/p>\n<p>Amb els diners recaptats l&#8217;entitat cobrir\u00e0 aquelles despeses no subvencionades com el desenvolupament del pla d&#8217;igualtat o qualitat entre d&#8217;altres.<\/p>\n","protected":false},"excerpt":{"rendered":"<div class=\"mh-excerpt\">El partit solidari se celebrar\u00e0 al Pavell\u00f3 Cobert d&#8217;Utiel a partir de les 17,30 hores Per segon any consecutiu les Escoles Esportives Municipals d&#8217;Utiel (EDM) i l&#8217;Associaci\u00f3 Comarcal d&#8217;Atenci\u00f3 Primerenca (ACATUR) organitzen la II Trobada <a class=\"mh-excerpt-more\" href=\"https:\/\/www.tucomarca.com\/wordpress\/segunda\/ca\/utiel-acull-la-ii-trobada-solidaria-de-futbol-sala-a-benefici-de-acatur\/\" title=\"Utiel acull la II Trobada solid\u00e0ria de futbol sala a benefici de ACATUR\">[+] <\/a><\/div>\n","protected":false},"author":2,"featured_media":84932,"comment_status":"open","ping_status":"open","sticky":false,"template":"","format":"standard","meta":{"footnotes":""},"categories":[11003,11012,10909,10896,11059],"tags":[11584,11174],"class_list":{"0":"post-84935","1":"post","2":"type-post","3":"status-publish","4":"format-standard","5":"has-post-thumbnail","7":"category-sports","8":"category-futbol-sala-ca","9":"category-requena-utiel-ca","10":"category-seccion-ca","11":"category-utiel-ca","12":"tag-acatur-ca","13":"tag-utiel-ca"},"_links":{"self":[{"href":"https:\/\/www.tucomarca.com\/wordpress\/segunda\/ca\/wp-json\/wp\/v2\/posts\/84935","targetHints":{"allow":["GET"]}}],"collection":[{"href":"https:\/\/www.tucomarca.com\/wordpress\/segunda\/ca\/wp-json\/wp\/v2\/posts"}],"about":[{"href":"https:\/\/www.tucomarca.com\/wordpress\/segunda\/ca\/wp-json\/wp\/v2\/types\/post"}],"author":[{"embeddable":true,"href":"https:\/\/www.tucomarca.com\/wordpress\/segunda\/ca\/wp-json\/wp\/v2\/users\/2"}],"replies":[{"embeddable":true,"href":"https:\/\/www.tucomarca.com\/wordpress\/segunda\/ca\/wp-json\/wp\/v2\/comments?post=84935"}],"version-history":[{"count":0,"href":"https:\/\/www.tucomarca.com\/wordpress\/segunda\/ca\/wp-json\/wp\/v2\/posts\/84935\/revisions"}],"wp:featuredmedia":[{"embeddable":true,"href":"https:\/\/www.tucomarca.com\/wordpress\/segunda\/ca\/wp-json\/wp\/v2\/media\/84932"}],"wp:attachment":[{"href":"https:\/\/www.tucomarca.com\/wordpress\/segunda\/ca\/wp-json\/wp\/v2\/media?parent=84935"}],"wp:term":[{"taxonomy":"category","embeddable":true,"href":"https:\/\/www.tucomarca.com\/wordpress\/segunda\/ca\/wp-json\/wp\/v2\/categories?post=84935"},{"taxonomy":"post_tag","embeddable":true,"href":"https:\/\/www.tucomarca.com\/wordpress\/segunda\/ca\/wp-json\/wp\/v2\/tags?post=84935"}],"curies":[{"name":"wp","href":"https:\/\/api.w.org\/{rel}","templated":true}]}}