{"id":85034,"date":"2019-04-26T12:49:55","date_gmt":"2019-04-26T10:49:55","guid":{"rendered":"http:\/\/www.tucomarca.com\/wordpress\/segunda\/?p=85034"},"modified":"2019-04-26T12:49:55","modified_gmt":"2019-04-26T10:49:55","slug":"javier-jorda-president-de-defensa-del-castella-sintegra-a-la-llista-del-prya-de-requena-que-encapcala-joaquin-gonzalez","status":"publish","type":"post","link":"https:\/\/www.tucomarca.com\/wordpress\/segunda\/ca\/javier-jorda-president-de-defensa-del-castella-sintegra-a-la-llista-del-prya-de-requena-que-encapcala-joaquin-gonzalez\/","title":{"rendered":"Javier Jord\u00e1, president de &#8220;Defensa del castell\u00e0, s&#8217;integra a la llista del PRyA de Requena que encap\u00e7ala Joaqu\u00edn Gonz\u00e1lez"},"content":{"rendered":"<figure id=\"attachment_85031\" aria-describedby=\"caption-attachment-85031\" style=\"width: 278px\" class=\"wp-caption alignleft\"><img loading=\"lazy\" decoding=\"async\" class=\" wp-image-85031\" src=\"http:\/\/www.tucomarca.com\/wordpress\/segunda\/wp-content\/uploads\/2019\/04\/JavierJordaPRYA.jpg\" alt=\"El requenense Javier Jord\u00e1.\" width=\"278\" height=\"366\" srcset=\"https:\/\/www.tucomarca.com\/wordpress\/segunda\/wp-content\/uploads\/2019\/04\/JavierJordaPRYA.jpg 425w, https:\/\/www.tucomarca.com\/wordpress\/segunda\/wp-content\/uploads\/2019\/04\/JavierJordaPRYA-228x300.jpg 228w\" sizes=\"auto, (max-width: 278px) 100vw, 278px\" \/><figcaption id=\"caption-attachment-85031\" class=\"wp-caption-text\">El requenense Javier Jord\u00e1.<\/figcaption><\/figure>\n<p><strong>El president i cofundador de l&#8217;Associaci\u00f3 per a la Defensa del Castell\u00e0, Javier Jord\u00e1 S\u00e1nchez, ha estat incorporat a les llistes del Partit de Requena i Llogarets (PRyA) dins de la candidatura a les eleccions municipals a l&#8217;Ajuntament de Requena.<\/strong><\/p>\n<p>Dins de la candidatura que encap\u00e7ala l&#8217;actual regidor de la formaci\u00f3, Joaqu\u00edn Gonz\u00e1lez, el president de Defensa del Castell\u00e0 ocupar\u00e0 un lloc de sortida, concretament al n\u00famero 5, &#8220;refor\u00e7ant aix\u00ed a l&#8217;\u00fanica opci\u00f3 exclusivament requenense de totes les que es presenten a els pr\u00f2ximes eleccions del 26 de maig &#8220;, segons la formaci\u00f3.<\/p>\n<p>Javier Jord\u00e1 \u00e9s titular d&#8217;un negoci t\u00e8xtil ubicat a Requena que \u00e9s gestionat per la fam\u00edlia Jord\u00e0 des de 1846. Tamb\u00e9 est\u00e0 vinculat familiarment al m\u00f3n agr\u00edcola i rural. \u00c9s diplomat en empresarials.<\/p>\n<p>Nebot n\u00e9t del cronista i historiador Rafael Bernab\u00e9u, continua la tradici\u00f3 familiar publicant investigacions sobre hist\u00f2ria, patrimoni i costums locals, i d&#8217;hist\u00f2ria antiga en general. Va ser cofundador de l&#8217;Associaci\u00f3 Turba Ciutat Perduda, dedicada a la promoci\u00f3 de la cultura ibera i a l&#8217;organitzaci\u00f3 d&#8217;esdeveniments.<\/p>\n","protected":false},"excerpt":{"rendered":"<div class=\"mh-excerpt\">El president i cofundador de l&#8217;Associaci\u00f3 per a la Defensa del Castell\u00e0, Javier Jord\u00e1 S\u00e1nchez, ha estat incorporat a les llistes del Partit de Requena i Llogarets (PRyA) dins de la candidatura a les eleccions <a class=\"mh-excerpt-more\" href=\"https:\/\/www.tucomarca.com\/wordpress\/segunda\/ca\/javier-jorda-president-de-defensa-del-castella-sintegra-a-la-llista-del-prya-de-requena-que-encapcala-joaquin-gonzalez\/\" title=\"Javier Jord\u00e1, president de &#8220;Defensa del castell\u00e0, s&#8217;integra a la llista del PRyA de Requena que encap\u00e7ala Joaqu\u00edn Gonz\u00e1lez\">[+] <\/a><\/div>\n","protected":false},"author":1,"featured_media":85032,"comment_status":"open","ping_status":"open","sticky":false,"template":"","format":"standard","meta":{"footnotes":""},"categories":[10898,10948,10894,10947,10908,10909,10896],"tags":[10910],"class_list":{"0":"post-85034","1":"post","2":"type-post","3":"status-publish","4":"format-standard","5":"has-post-thumbnail","7":"category-ventana-ca","8":"category-infraestructuras-ca","9":"category-la-comarca-ca","10":"category-politica","11":"category-requena-ca","12":"category-requena-utiel-ca","13":"category-seccion-ca","14":"tag-requena-utiel-ca"},"_links":{"self":[{"href":"https:\/\/www.tucomarca.com\/wordpress\/segunda\/ca\/wp-json\/wp\/v2\/posts\/85034","targetHints":{"allow":["GET"]}}],"collection":[{"href":"https:\/\/www.tucomarca.com\/wordpress\/segunda\/ca\/wp-json\/wp\/v2\/posts"}],"about":[{"href":"https:\/\/www.tucomarca.com\/wordpress\/segunda\/ca\/wp-json\/wp\/v2\/types\/post"}],"author":[{"embeddable":true,"href":"https:\/\/www.tucomarca.com\/wordpress\/segunda\/ca\/wp-json\/wp\/v2\/users\/1"}],"replies":[{"embeddable":true,"href":"https:\/\/www.tucomarca.com\/wordpress\/segunda\/ca\/wp-json\/wp\/v2\/comments?post=85034"}],"version-history":[{"count":0,"href":"https:\/\/www.tucomarca.com\/wordpress\/segunda\/ca\/wp-json\/wp\/v2\/posts\/85034\/revisions"}],"wp:featuredmedia":[{"embeddable":true,"href":"https:\/\/www.tucomarca.com\/wordpress\/segunda\/ca\/wp-json\/wp\/v2\/media\/85032"}],"wp:attachment":[{"href":"https:\/\/www.tucomarca.com\/wordpress\/segunda\/ca\/wp-json\/wp\/v2\/media?parent=85034"}],"wp:term":[{"taxonomy":"category","embeddable":true,"href":"https:\/\/www.tucomarca.com\/wordpress\/segunda\/ca\/wp-json\/wp\/v2\/categories?post=85034"},{"taxonomy":"post_tag","embeddable":true,"href":"https:\/\/www.tucomarca.com\/wordpress\/segunda\/ca\/wp-json\/wp\/v2\/tags?post=85034"}],"curies":[{"name":"wp","href":"https:\/\/api.w.org\/{rel}","templated":true}]}}