{"id":85650,"date":"2019-05-08T13:54:00","date_gmt":"2019-05-08T11:54:00","guid":{"rendered":"http:\/\/www.tucomarca.com\/wordpress\/segunda\/?p=85650"},"modified":"2019-05-08T13:54:00","modified_gmt":"2019-05-08T11:54:00","slug":"bunyol-acull-aquest-cap-de-setmana-un-curs-de-pequenduro-dissabte-i-les-carreres-el-diumenge","status":"publish","type":"post","link":"https:\/\/www.tucomarca.com\/wordpress\/segunda\/ca\/bunyol-acull-aquest-cap-de-setmana-un-curs-de-pequenduro-dissabte-i-les-carreres-el-diumenge\/","title":{"rendered":"Bunyol acull aquest cap de setmana un curs de Pequenduro dissabte i les carreres el diumenge"},"content":{"rendered":"<figure id=\"attachment_85644\" aria-describedby=\"caption-attachment-85644\" style=\"width: 342px\" class=\"wp-caption alignleft\"><img loading=\"lazy\" decoding=\"async\" class=\" wp-image-85644\" src=\"http:\/\/www.tucomarca.com\/wordpress\/segunda\/wp-content\/uploads\/2019\/05\/Pequenduro.jpg\" alt=\"Cartel de la prueba.\" width=\"342\" height=\"507\" srcset=\"https:\/\/www.tucomarca.com\/wordpress\/segunda\/wp-content\/uploads\/2019\/05\/Pequenduro.jpg 506w, https:\/\/www.tucomarca.com\/wordpress\/segunda\/wp-content\/uploads\/2019\/05\/Pequenduro-202x300.jpg 202w\" sizes=\"auto, (max-width: 342px) 100vw, 342px\" \/><figcaption id=\"caption-attachment-85644\" class=\"wp-caption-text\">Cartel de la prueba.<\/figcaption><\/figure>\n<p>El Campionat d&#8217;Pequenduro i Cross Country de la Comunitat Valenciana i MotoDes t\u00e9 una cita ineludible aquest cap de setmana a Bu\u00f1ol. Aqu\u00ed es donaran cita els pilots d&#8217;aquests dos cert\u00e0mens que esperen amb \u00e0nsies descobrir la carrera que els ha preparat el Moto Club Bunyol costat de la Comissi\u00f3 d&#8217;Enduro de la FMCV.<\/p>\n<p>L&#8217;esplanada que hi ha davant de l&#8217;estaci\u00f3 FFCC ser\u00e0 on s&#8217;ubicar\u00e0 el p\u00e0doc i des d&#8217;on es donar\u00e0 la sortida a les dues carreres. Les categories convocades per Cross Country s\u00f3n S\u00e8nior A, J\u00fanior, S\u00e8nior B 2T, S\u00e8nior B 4T, S\u00e8nior C 2T, S\u00e8nior C 4T, F\u00e8mines i M\u00e0ster. En Pequenduro entraran en competici\u00f3 Pe125cc, PE5, Pe65 i Pe85.<\/p>\n<p>A les 8 &#8216;, 30 hores comen\u00e7aran les verificacions administratives i a les 8,35 hores les t\u00e8cniques. A les 9,20 hores es far\u00e0 la volta de reconeixement i a les 9,30 hores arrencar\u00e0 la carrera per, a les 11,00 hores lliurar els trofeus als guanyadors de totes les categories.<\/p>\n<p>Per al Cross Country tot es posar\u00e0 en marxa a les 9,35 hores amb les verificacions. A les 11,30 hores es far\u00e0 la Superpole i a les 12,30 hores la carrera d&#8217;una hora i mitja de durada. La cerim\u00f2nia de lliurament de trofeus tancar\u00e0 aquest III Cross Country de Bunyol.<\/p>\n","protected":false},"excerpt":{"rendered":"<div class=\"mh-excerpt\">El Campionat d&#8217;Pequenduro i Cross Country de la Comunitat Valenciana i MotoDes t\u00e9 una cita ineludible aquest cap de setmana a Bu\u00f1ol. Aqu\u00ed es donaran cita els pilots d&#8217;aquests dos cert\u00e0mens que esperen amb \u00e0nsies <a class=\"mh-excerpt-more\" href=\"https:\/\/www.tucomarca.com\/wordpress\/segunda\/ca\/bunyol-acull-aquest-cap-de-setmana-un-curs-de-pequenduro-dissabte-i-les-carreres-el-diumenge\/\" title=\"Bunyol acull aquest cap de setmana un curs de Pequenduro dissabte i les carreres el diumenge\">[+] <\/a><\/div>\n","protected":false},"author":1,"featured_media":85645,"comment_status":"open","ping_status":"open","sticky":false,"template":"","format":"standard","meta":{"footnotes":""},"categories":[11019,10911,11003,10904,10912,11011,10896],"tags":[11074,11264],"class_list":{"0":"post-85650","1":"post","2":"type-post","3":"status-publish","4":"format-standard","5":"has-post-thumbnail","7":"category-agenda-ca","8":"category-bunol-ca","9":"category-sports","10":"category-sin-categorizar-ca","11":"category-la-hoya-ca","12":"category-motociclismo-ca","13":"category-seccion-ca","14":"tag-deportes-ca","15":"tag-esports-ca"},"_links":{"self":[{"href":"https:\/\/www.tucomarca.com\/wordpress\/segunda\/ca\/wp-json\/wp\/v2\/posts\/85650","targetHints":{"allow":["GET"]}}],"collection":[{"href":"https:\/\/www.tucomarca.com\/wordpress\/segunda\/ca\/wp-json\/wp\/v2\/posts"}],"about":[{"href":"https:\/\/www.tucomarca.com\/wordpress\/segunda\/ca\/wp-json\/wp\/v2\/types\/post"}],"author":[{"embeddable":true,"href":"https:\/\/www.tucomarca.com\/wordpress\/segunda\/ca\/wp-json\/wp\/v2\/users\/1"}],"replies":[{"embeddable":true,"href":"https:\/\/www.tucomarca.com\/wordpress\/segunda\/ca\/wp-json\/wp\/v2\/comments?post=85650"}],"version-history":[{"count":0,"href":"https:\/\/www.tucomarca.com\/wordpress\/segunda\/ca\/wp-json\/wp\/v2\/posts\/85650\/revisions"}],"wp:featuredmedia":[{"embeddable":true,"href":"https:\/\/www.tucomarca.com\/wordpress\/segunda\/ca\/wp-json\/wp\/v2\/media\/85645"}],"wp:attachment":[{"href":"https:\/\/www.tucomarca.com\/wordpress\/segunda\/ca\/wp-json\/wp\/v2\/media?parent=85650"}],"wp:term":[{"taxonomy":"category","embeddable":true,"href":"https:\/\/www.tucomarca.com\/wordpress\/segunda\/ca\/wp-json\/wp\/v2\/categories?post=85650"},{"taxonomy":"post_tag","embeddable":true,"href":"https:\/\/www.tucomarca.com\/wordpress\/segunda\/ca\/wp-json\/wp\/v2\/tags?post=85650"}],"curies":[{"name":"wp","href":"https:\/\/api.w.org\/{rel}","templated":true}]}}